{"id":552912,"date":"2025-11-23T07:38:15","date_gmt":"2025-11-23T07:38:15","guid":{"rendered":"https:\/\/www.europesays.com\/fr\/552912\/"},"modified":"2025-11-23T07:38:15","modified_gmt":"2025-11-23T07:38:15","slug":"10-000-livres-en-vente-lors-dune-braderie-avant-noel","status":"publish","type":"post","link":"https:\/\/www.europesays.com\/fr\/552912\/","title":{"rendered":"10 000 livres en vente lors d&rsquo;une braderie avant No\u00ebl"},"content":{"rendered":"<p>                    Par<br \/>\n        <strong><br \/>\n            <a href=\"https:\/\/actu.fr\/auteur\/thomas-bernard\" title=\"Consulter tous les articles de Thomas Bernard\" target=\"_blank\" rel=\"noopener\">Thomas Bernard<\/a><br \/>\n                    <\/strong><\/p>\n<p>        Publi\u00e9 le<\/p>\n<p>            23 nov. 2025 \u00e0 8h10        <\/p>\n<p>Bas\u00e9e \u00e0 Carquefou (Loire-Atlantique), <b>la biblioth\u00e8que d\u00e9partementale de Loire-Atlantique<\/b> (BDLA) n\u2019est pas ouverte au public mais elle stocke des ressources pour les petites biblioth\u00e8ques municipales et intercommunales. En somme, la BDLA est la biblioth\u00e8que des biblioth\u00e8ques, pr\u00eatant 75 % de sa collection aux habitants de Loire-Atlantique.\u00a0<\/p>\n<p class=\" wall-content\">Pour faire de place en ses murs et renouveler ses collections, la BDLA organise une grande braderie des livres, \u00e0 l\u2019h\u00f4tel du D\u00e9partement, Quai Ceineray \u00e0 Nantes. Un \u00e9v\u00e9nement pr\u00e9vu <b>le samedi 6 d\u00e9cembre 2025 de 9 h \u00e0 17 h<\/b>.\u00a0<\/p>\n<p>10 000 livres en vente \u00e0 prix unique<\/p>\n<p class=\" wall-content\">Romans, bandes dessin\u00e9es, livres d\u2019art ou essais seront en vente au prix <b>unique de 2 euros<\/b> (paiement en esp\u00e8ces et par carte uniquement). Pr\u00e8s de <b>10 000 ouvrages<\/b>, retir\u00e9s des collections de la BDLA, seront en vente, le 6 d\u00e9cembre prochain.\u00a0<\/p>\n<p><b>Infos pratiques :\u00a0<\/b>Braderie de livres, h\u00f4tel du D\u00e9partement, 3 Quai Ceineray \u00e0 Nantes<br \/>Tout \u00e0 2 \u20ac (paiement en esp\u00e8ces et par carte uniquement).Bandes dessin\u00e9es, romans, livres d\u2019art, essais\u2026 (mais peu de livres pour enfants).Pensez \u00e0 amener un sac pour emporter vos emplettes.<\/p>\n<p class=\" wall-content\">Personnalisez votre actualit\u00e9 en ajoutant vos villes et m\u00e9dias en favori avec <a href=\"https:\/\/moncompte.actu.fr\" title=\"D\u00e9couvez Mon Actu\" rel=\"nofollow noopener\" data-trk=\"{&quot;cta&quot;:{&quot;action&quot;:&quot;https:\\\/\\\/moncompte.actu.fr&quot;,&quot;category&quot;:&quot;mon compte&quot;,&quot;from&quot;:&quot;article footer&quot;,&quot;name&quot;:&quot;Mon actu&quot;,&quot;type&quot;:&quot;cta&quot;}}\" target=\"_blank\">Mon Actu<\/a>.<\/p>\n","protected":false},"excerpt":{"rendered":"Par Thomas Bernard Publi\u00e9 le 23 nov. 2025 \u00e0 8h10 Bas\u00e9e \u00e0 Carquefou (Loire-Atlantique), la biblioth\u00e8que d\u00e9partementale de&hellip;\n","protected":false},"author":2,"featured_media":552913,"comment_status":"","ping_status":"","sticky":false,"template":"","format":"standard","meta":{"footnotes":""},"categories":[2818],"tags":[1111,11,1777,674,1011,27,1380,1652,766,12,2636,25,3400],"class_list":{"0":"post-552912","1":"post","2":"type-post","3":"status-publish","4":"format-standard","5":"has-post-thumbnail","7":"category-nantes","8":"tag-actu","9":"tag-actualites","10":"tag-eu","11":"tag-europe","12":"tag-fr","13":"tag-france","14":"tag-livres","15":"tag-loisirs-culture","16":"tag-nantes","17":"tag-news","18":"tag-pays-de-la-loire","19":"tag-republique-francaise","20":"tag-solidarite"},"share_on_mastodon":{"url":"https:\/\/pubeurope.com\/@fr\/115597875827247673","error":""},"_links":{"self":[{"href":"https:\/\/www.europesays.com\/fr\/wp-json\/wp\/v2\/posts\/552912","targetHints":{"allow":["GET"]}}],"collection":[{"href":"https:\/\/www.europesays.com\/fr\/wp-json\/wp\/v2\/posts"}],"about":[{"href":"https:\/\/www.europesays.com\/fr\/wp-json\/wp\/v2\/types\/post"}],"author":[{"embeddable":true,"href":"https:\/\/www.europesays.com\/fr\/wp-json\/wp\/v2\/users\/2"}],"replies":[{"embeddable":true,"href":"https:\/\/www.europesays.com\/fr\/wp-json\/wp\/v2\/comments?post=552912"}],"version-history":[{"count":0,"href":"https:\/\/www.europesays.com\/fr\/wp-json\/wp\/v2\/posts\/552912\/revisions"}],"wp:featuredmedia":[{"embeddable":true,"href":"https:\/\/www.europesays.com\/fr\/wp-json\/wp\/v2\/media\/552913"}],"wp:attachment":[{"href":"https:\/\/www.europesays.com\/fr\/wp-json\/wp\/v2\/media?parent=552912"}],"wp:term":[{"taxonomy":"category","embeddable":true,"href":"https:\/\/www.europesays.com\/fr\/wp-json\/wp\/v2\/categories?post=552912"},{"taxonomy":"post_tag","embeddable":true,"href":"https:\/\/www.europesays.com\/fr\/wp-json\/wp\/v2\/tags?post=552912"}],"curies":[{"name":"wp","href":"https:\/\/api.w.org\/{rel}","templated":true}]}}