{"id":552918,"date":"2025-11-23T07:41:13","date_gmt":"2025-11-23T07:41:13","guid":{"rendered":"https:\/\/www.europesays.com\/fr\/552918\/"},"modified":"2025-11-23T07:41:13","modified_gmt":"2025-11-23T07:41:13","slug":"ces-dix-marches-de-noel-a-ne-pas-manquer-en-gironde-entre-feerie-et-gourmandises","status":"publish","type":"post","link":"https:\/\/www.europesays.com\/fr\/552918\/","title":{"rendered":"Ces dix march\u00e9s de No\u00ebl \u00e0 ne pas manquer en Gironde : entre f\u00e9\u00e9rie et gourmandises"},"content":{"rendered":"<p>                    Par<br \/>\n        <strong><br \/>\n            <a href=\"https:\/\/actu.fr\/auteur\/julian-doubax\" title=\"Consulter tous les articles de Julian Doubax\" target=\"_blank\" rel=\"noopener\">Julian Doubax<\/a><br \/>\n                    <\/strong><\/p>\n<p>        Publi\u00e9 le<\/p>\n<p>            23 nov. 2025 \u00e0 7h32        <\/p>\n<p>Le froid a point\u00e9 le bout de son nez, les gens ach\u00e8tent leur calendrier de l\u2019Avent\u2026 Aucun doute\u2009: la magie de <a href=\"https:\/\/actu.fr\/nouvelle-aquitaine\/ambares-et-lagrave_33003\/redonnons-a-nos-colis-leur-nom-a-cote-de-bordeaux-cette-ville-se-dechire-a-l-approche-de-noel_63397769.html\" target=\"_blank\" rel=\"noopener\">No\u00ebl<\/a> est bien arriv\u00e9e en Gironde. Et elle va prochainement s\u2019accentuer avec l\u2019ouverture des divers march\u00e9s de No\u00ebl du d\u00e9partement. <strong>Stands de restauration<\/strong>, <strong>patinoires<\/strong>, <strong>d\u00e9corations f\u00e9eriques<\/strong> ou encore <strong>feux d\u2019artifice<\/strong>. Les plaisirs seront vari\u00e9s tout au long du mois de d\u00e9cembre. Pour l\u2019occasion, <a href=\"https:\/\/actu.fr\/bordeaux\/\" target=\"_blank\" rel=\"noopener\">actu Bordeaux<\/a> vous dresse une liste de <strong>10 march\u00e9s \u00e0 ne pas manquer en Gironde<\/strong>.<\/p>\n<p>\u00c0 Bordeaux, les Quinconces encore \u00e0 l\u2019honneur<\/p>\n<p class=\" wall-content\">Des milliers de Bordelais et touristes vont s\u00fbrement encore<strong> garnir les all\u00e9es<\/strong> du march\u00e9 de No\u00ebl de Bordeaux qui se tiendra du 28\u00a0novembre au 28\u00a0d\u00e9cembre. Pour la deuxi\u00e8me fois, il sera install\u00e9 sur la <a href=\"https:\/\/actu.fr\/nouvelle-aquitaine\/bordeaux_33063\/avec-une-explosion-de-sa-frequentation-le-marche-de-noel-de-bordeaux-doit-son-succes-a-son-nouveau-format_62071518.html\" target=\"_blank\" rel=\"noopener\">place des Quinconces<\/a> apr\u00e8s avoir rencontr\u00e9 un franc succ\u00e8s l\u2019an pass\u00e9. De nombreux exposants seront sur place avec des offres vari\u00e9es\u2009: de la restauration, d\u00e9coration et aussi des attractions. Un <strong>carrousel illumin\u00e9<\/strong> sera \u00e9galement install\u00e9 en face du Grand Th\u00e9\u00e2tre pour faire r\u00eaver les petits et les grands. Comme l\u2019an dernier, une <a href=\"https:\/\/actu.fr\/nouvelle-aquitaine\/bordeaux_33063\/apres-dix-ans-sans-patinoire-de-noel-elle-est-de-retour-allees-de-tourny-a-bordeaux_61819703.html\" target=\"_blank\" rel=\"noopener\">patinoire<\/a> est install\u00e9e aux all\u00e9es Tourny du 22\u00a0novembre au 4\u00a0janvier.<\/p>\n<p>Un march\u00e9 f\u00e9erique \u00e0 Darwin<\/p>\n<p class=\" wall-content\">Il n\u2019y aura pas que les Quinconces qui seront en f\u00eate \u00e0 Bordeaux. Sur la rive droite, <a href=\"https:\/\/actu.fr\/nouvelle-aquitaine\/bordeaux_33063\/bordeaux-que-comprend-le-bail-avec-la-mairie-qui-sauve-les-hangars-de-darwin_63082614.html\" target=\"_blank\" rel=\"noopener\">Darwin<\/a> organise aussi son march\u00e9 du 5 au 7 et du 12 au 14\u00a0d\u00e9cembre. Pendant ces jours-l\u00e0, l\u2019\u00e9co-syst\u00e8me <strong>se transforme en village de No\u00ebl<\/strong> avec plus de <strong>150 artisans et cr\u00e9ateurs<\/strong> qui pr\u00e9senteront leurs merveilles. Des ateliers et animations pour enfants, des concerts ainsi qu\u2019un march\u00e9 gourmand seront organis\u00e9s.<\/p>\n<p class=\" wall-content\"><a href=\"https:\/\/www.instagram.com\/p\/DQUC7Q4DeP5\/embed\" title=\"Ouvrir le lien sur Instagram\" target=\"_blank\" rel=\"noopener\">Visualiser le contenu sur Instagram<\/a><\/p>\n<p>Talence s\u2019illumine pour No\u00ebl<\/p>\n<p class=\" wall-content\">Le march\u00e9 de No\u00ebl se tiendra du 12 au 21\u00a0d\u00e9cembre \u00e0 Talence. Il sera install\u00e9 sur la place Alcal\u00e1 de Henares avec une vingtaine de chalets gourmands, d\u2019artisans d\u2019arts et cr\u00e9ateurs. Pour le lancement des festivit\u00e9s le 12\u00a0d\u00e9cembre, <strong>de la tartiflette et du vin chaud seront offerts<\/strong> par la Ville. Du 12 au 14\u00a0d\u00e9cembre, le Parc Peixotto va se parer de ses plus belles couleurs durant l\u2019\u00e9v\u00e8nement <strong>Talence en lumi\u00e8res.<\/strong> Ce spectacle propos\u00e9 par <a href=\"https:\/\/actu.fr\/nouvelle-aquitaine\/talence_33522\/pres-de-bordeaux-cette-ville-organise-un-spectacle-de-lumieres-pour-plonger-dans-la-magie-de-noel_62011714.html\" target=\"_blank\" rel=\"noopener\">Ruggieri<\/a> sera sur le th\u00e8me carnaval v\u00e9nitien. Une repr\u00e9sentation gratuite et 100\u2009% basse consommation.<\/p>\n<p>Une patinoire \u00e0 Libourne<\/p>\n<p class=\" wall-content\">Le march\u00e9 de <a href=\"https:\/\/actu.fr\/nouvelle-aquitaine\/libourne_33243\" target=\"_blank\" rel=\"noopener\">Libourne<\/a> ouvre d\u00e8s le 22\u00a0novembre et jusqu\u2019au 31\u00a0d\u00e9cembre. Cette ann\u00e9e, le programme s\u2019annonce intense avec l\u2019installation <strong>d\u2019une patinoire en glace naturelle<\/strong> de 300m\u00b2 sur l\u2019esplanade Fran\u00e7ois Mitterrand \u00e0 partir du 29\u00a0novembre. Les enfants pourront aussi retrouver la maison du P\u00e8re No\u00ebl, plusieurs projections de lumi\u00e8res sur la place Abel Surchamp ou encore des repr\u00e9sentations des Guignols Gu\u00e9rin.<\/p>\n<p>    <img   decoding=\"async\" loading=\"lazy\" src=\"https:\/\/www.europesays.com\/fr\/wp-content\/uploads\/2025\/11\/582322513-827794163185793-2594255693020447838-n-960x640.jpg\" alt=\"Courant novembre, les chalets ont \u00e9t\u00e9 install\u00e9s \u00e0 Libourne.\" width=\"960\" height=\"640\"\/><br \/>\n    Courant novembre, les chalets ont \u00e9t\u00e9 install\u00e9s \u00e0 Libourne. (\u00a9actu Bordeaux \/ Juliette Cardinale)La Citadelle de Blaye en f\u00eate<\/p>\n<p class=\" wall-content\">Les 29 et 30\u00a0novembre, le march\u00e9 de No\u00ebl de la <strong>Citadelle de Blaye<\/strong> va f\u00eater sa cinqui\u00e8me \u00e9dition. Pendant ces deux jours, la municipalit\u00e9 invite les curieux \u00e0 venir d\u00e9guster des produits locaux et diverses cr\u00e9ations artisanales. Des animations \u00ab\u2009pour toute la famille\u2009\u00bb seront \u00e9galement programm\u00e9es dans le Couvent des Minimes.<\/p>\n<p>Votre r\u00e9gion, votre actu !<\/p>\n<p>Recevez chaque jour les infos qui comptent pour vous.<\/p>\n<p>\t<a href=\"https:\/\/actu.fr\/newsletter\" class=\"ac-btn ac-btn--corner ac-btn--medium ac-btn--blue800\" target=\"_blank\" rel=\"noopener\">S&rsquo;incrire<\/a><br \/>\nL\u00e8ge-Cap-Ferret et son feu d\u2019artifice<\/p>\n<p class=\" wall-content\">Sur le bassin d\u2019Arcachon, la programmation s\u2019annonce radieuse, notamment \u00e0 <a href=\"https:\/\/actu.fr\/nouvelle-aquitaine\/lege-cap-ferret_33236\" target=\"_blank\" rel=\"noopener\">L\u00e8ge-Cap-Ferret<\/a>. Du 19 au 24\u00a0d\u00e9cembre, un village de No\u00ebl sera install\u00e9 avec une <strong>patinoire<\/strong> ouverte tous les jours et divers stands de restauration. Le premier jour des festivit\u00e9s, le 19\u00a0d\u00e9cembre, <strong>un feu d\u2019artifice<\/strong> sera tir\u00e9 \u00e0 21h30 depuis la place de l\u2019h\u00f4tel de Ville \u00e0 L\u00e8ge juste apr\u00e8s un concert.<\/p>\n<p>Le P\u00e8re No\u00ebl d\u00e9barque \u00e0 Mios<\/p>\n<p class=\" wall-content\">Du 5 au 7\u00a0d\u00e9cembre, 35\u00a0exposants vont venir investir la place Dominique Mayonnade de Mios pour proposer des bijoux, d\u00e9corations et quelques plats chauds \u00e0 d\u00e9guster. Un invit\u00e9 surprise sera \u00e9galement au rendez-vous. D\u00e8s 18h, <strong>le P\u00e8re No\u00ebl va faire son apparition<\/strong> et les enfants pourront prendre des photos avec lui. Un clich\u00e9 sera <strong>offert<\/strong> par famille. Le samedi 6\u00a0d\u00e9cembre, \u00e0 19h, la journ\u00e9e se terminera avec un feu d\u2019artifice suivi d\u2019une d\u00e9mo de danse.<\/p>\n<p>Un bain de No\u00ebl \u00e0 Arcachon<\/p>\n<p class=\" wall-content\">Les festivit\u00e9s s\u2019\u00e9talent du 13\u00a0d\u00e9cembre au 4\u00a0janvier \u00e0 <a href=\"https:\/\/actu.fr\/nouvelle-aquitaine\/arcachon_33009\" target=\"_blank\" rel=\"noopener\">Arcachon<\/a> avec deux lieux importants\u2009: la place des Marquises et la place Thiers. Sur le premier, un village \u00ab\u2009f\u00e9erique\u2009\u00bb est install\u00e9. Sur le second, un chalet gourmand avec une vue sur le bassin. Le samedi 13\u00a0d\u00e9cembre \u00e0 14h30, <strong>le P\u00e8re No\u00ebl va arriver en bateau<\/strong>. Un bain de No\u00ebl sur la jet\u00e9e Thiers sera organis\u00e9 en m\u00eame temps au profit du <strong>t\u00e9l\u00e9thon<\/strong>. Les inscriptions seront r\u00e9alis\u00e9es le jour m\u00eame.<\/p>\n<p>Une journ\u00e9e chaleureuse \u00e0 Bazas<\/p>\n<p class=\" wall-content\">Le dimanche 14\u00a0d\u00e9cembre, le centre historique de Bazas sera en f\u00eate. Des festivit\u00e9s \u00ab\u2009gourmandes\u2009\u00bb et \u00ab\u2009chaleureuses\u2009\u00bb seront en place sur la place de la cath\u00e9drale. Les artisans proposeront des produits du terroir, diverses id\u00e9es de cadeaux<strong> \u00e0 glisser sous le sapin<\/strong> et des objets de d\u00e9coration. La journ\u00e9e se cl\u00f4turera avec la <strong>cr\u00e8che vivante<\/strong>, qui sera r\u00e9alis\u00e9e \u00e0 trois reprises (16h, 17h et 18h), suivie de la traditionnelle <a href=\"https:\/\/actu.fr\/nouvelle-aquitaine\/bazas_33036\/bazas-tout-savoir-sur-la-belle-tradition-de-la-halha-de-nadau_47118798.html\" target=\"_blank\" rel=\"noopener\">Halha de Nadau<\/a>. Un feu de No\u00ebl qui est une tradition dans ce coin du d\u00e9partement.<\/p>\n<p>Un march\u00e9 engag\u00e9 \u00e0 Lesparre-M\u00e9doc<\/p>\n<p class=\" wall-content\">Les 6 et 7\u00a0d\u00e9cembre, le traditionnel march\u00e9 de No\u00ebl de Lesparre-M\u00e9doc va souffler sa vingti\u00e8me bougie. <strong>Un \u00e9v\u00e8nement engag\u00e9<\/strong>. En effet, il est organis\u00e9 par l\u2019association Lesparre lutte contre le cancer. De nombreux stands d\u2019artisans locaux et de produits r\u00e9gionaux ainsi qu\u2019un large choix de jouets pour les enfants. Un lieu pour passer un bon moment en famille tout en soutenant <strong>une cause importante<\/strong>.<\/p>\n<p class=\" wall-content\">Personnalisez votre actualit\u00e9 en ajoutant vos villes et m\u00e9dias en favori avec <a href=\"https:\/\/moncompte.actu.fr\" title=\"D\u00e9couvez Mon Actu\" rel=\"nofollow noopener\" data-trk=\"{&quot;cta&quot;:{&quot;action&quot;:&quot;https:\\\/\\\/moncompte.actu.fr&quot;,&quot;category&quot;:&quot;mon compte&quot;,&quot;from&quot;:&quot;article footer&quot;,&quot;name&quot;:&quot;Mon actu&quot;,&quot;type&quot;:&quot;cta&quot;}}\" target=\"_blank\">Mon Actu<\/a>.<\/p>\n<p>                    <script async src=\"\/\/www.instagram.com\/embed.js\"><\/script><\/p>\n","protected":false},"excerpt":{"rendered":"Par Julian Doubax Publi\u00e9 le 23 nov. 2025 \u00e0 7h32 Le froid a point\u00e9 le bout de son&hellip;\n","protected":false},"author":2,"featured_media":552919,"comment_status":"","ping_status":"","sticky":false,"template":"","format":"standard","meta":{"footnotes":""},"categories":[2817],"tags":[1111,11,1997,1777,674,1011,27,2089,12,15830,2219,25,104],"class_list":{"0":"post-552918","1":"post","2":"type-post","3":"status-publish","4":"format-standard","5":"has-post-thumbnail","7":"category-bordeaux","8":"tag-actu","9":"tag-actualites","10":"tag-bordeaux","11":"tag-eu","12":"tag-europe","13":"tag-fr","14":"tag-france","15":"tag-marche","16":"tag-news","17":"tag-noel","18":"tag-nouvelle-aquitaine","19":"tag-republique-francaise","20":"tag-societe"},"share_on_mastodon":{"url":"https:\/\/pubeurope.com\/@fr\/115597888472077207","error":""},"_links":{"self":[{"href":"https:\/\/www.europesays.com\/fr\/wp-json\/wp\/v2\/posts\/552918","targetHints":{"allow":["GET"]}}],"collection":[{"href":"https:\/\/www.europesays.com\/fr\/wp-json\/wp\/v2\/posts"}],"about":[{"href":"https:\/\/www.europesays.com\/fr\/wp-json\/wp\/v2\/types\/post"}],"author":[{"embeddable":true,"href":"https:\/\/www.europesays.com\/fr\/wp-json\/wp\/v2\/users\/2"}],"replies":[{"embeddable":true,"href":"https:\/\/www.europesays.com\/fr\/wp-json\/wp\/v2\/comments?post=552918"}],"version-history":[{"count":0,"href":"https:\/\/www.europesays.com\/fr\/wp-json\/wp\/v2\/posts\/552918\/revisions"}],"wp:featuredmedia":[{"embeddable":true,"href":"https:\/\/www.europesays.com\/fr\/wp-json\/wp\/v2\/media\/552919"}],"wp:attachment":[{"href":"https:\/\/www.europesays.com\/fr\/wp-json\/wp\/v2\/media?parent=552918"}],"wp:term":[{"taxonomy":"category","embeddable":true,"href":"https:\/\/www.europesays.com\/fr\/wp-json\/wp\/v2\/categories?post=552918"},{"taxonomy":"post_tag","embeddable":true,"href":"https:\/\/www.europesays.com\/fr\/wp-json\/wp\/v2\/tags?post=552918"}],"curies":[{"name":"wp","href":"https:\/\/api.w.org\/{rel}","templated":true}]}}