{"id":552924,"date":"2025-11-23T07:45:22","date_gmt":"2025-11-23T07:45:22","guid":{"rendered":"https:\/\/www.europesays.com\/fr\/552924\/"},"modified":"2025-11-23T07:45:22","modified_gmt":"2025-11-23T07:45:22","slug":"du-24-au-30-novembre-2025-festival-trouble-fete","status":"publish","type":"post","link":"https:\/\/www.europesays.com\/fr\/552924\/","title":{"rendered":"Du 24 au 30 novembre 2025, Festival Trouble F\u00eate"},"content":{"rendered":"<p style=\"text-align: justify;\"><strong>Le Festival Trouble F\u00eate \u2013 Les Nouvelles Rencontres de Pratiques Brutes<\/strong> se tiendra du <strong>24 au 30 novembre 2025 <\/strong>\u00e0 la <strong>Maison Folie Moulins, <\/strong>\u00e0 la <strong>Gare Saint Sauveur<\/strong> et au<strong> FLOW.<\/strong><\/p>\n<p style=\"text-align: justify;\">Ce <strong>festival,<\/strong> construit comme <strong>un grand terrain de rencontres,<\/strong> est d\u00e9di\u00e9 \u00e0 la <strong>cr\u00e9ation artistique des personnes vivant <\/strong>avec des<strong> troubles psychiques et \/ ou autisme.<\/strong><\/p>\n<p style=\"text-align: justify;\"><strong>Trouble F\u00eate <\/strong>donne toute leur place aux <strong>personnes concern\u00e9es,<\/strong> <strong>non pas comme spectateurs,<\/strong> mais <strong>comme artistes <\/strong>et <strong>intervenants <\/strong>dans un <strong>programmation mixte : concerts, ateliers, conf\u00e9rences, tables-rondes, exposition, studio radio <\/strong>et <strong>interview du Papotin.<\/strong><\/p>\n<p style=\"text-align: justify;\">Dans le cadre de cet \u00e9v\u00e9nement autour des <strong>nouvelles pratiques brutes,<\/strong> le <strong>LaM<\/strong> et avec <strong>En Marges ! <\/strong>propose <strong>une exposition accompagn\u00e9es d\u2019ateliers<\/strong> et <strong>d\u2019une s\u00e9rie de masterclass atypiques :<\/strong> les <strong>Outsiderclass,<\/strong> <strong>visible<\/strong> et <strong>accessible tout au long de la semaine !<\/strong><\/p>\n<p><img loading=\"lazy\" decoding=\"async\" class=\"size-full wp-image-45 tie-appear\" src=\"https:\/\/www.europesays.com\/fr\/wp-content\/uploads\/2025\/11\/1763883922_573_arrow.png\" alt=\"\" width=\"9\" height=\"9\"\/> <strong>Programme complet sur le site du Festival Trouble F\u00eate &gt;&gt;&gt;<\/strong> <a href=\"https:\/\/troublefete.org\/\" target=\"_blank\" rel=\"noopener\">cliquez-ici !!!<\/a><\/p>\n<p style=\"text-align: right;\">Source et image : DR \u2013 \u00a9 Festival Trouble F\u00eate<\/p>\n","protected":false},"excerpt":{"rendered":"Le Festival Trouble F\u00eate \u2013 Les Nouvelles Rencontres de Pratiques Brutes se tiendra du 24 au 30 novembre&hellip;\n","protected":false},"author":2,"featured_media":552925,"comment_status":"","ping_status":"","sticky":false,"template":"","format":"standard","meta":{"footnotes":""},"categories":[2815],"tags":[17,1111,11,10036,4156,11331,1777,674,3293,66998,42694,1011,27,16874,811,1307,42401,12,24649,25,66999,67000],"class_list":{"0":"post-552924","1":"post","2":"type-post","3":"status-publish","4":"format-standard","5":"has-post-thumbnail","7":"category-lille","8":"tag-17","9":"tag-actu","10":"tag-actualites","11":"tag-ateliers","12":"tag-concerts","13":"tag-conferences","14":"tag-eu","15":"tag-europe","16":"tag-exposition","17":"tag-festival-trouble-fete","18":"tag-flow","19":"tag-fr","20":"tag-france","21":"tag-gare-saint-sauveur","22":"tag-hauts-de-france","23":"tag-lille","24":"tag-maison-folie-moulins","25":"tag-news","26":"tag-novembre","27":"tag-republique-francaise","28":"tag-studio-radio","29":"tag-tables-rondes"},"share_on_mastodon":{"url":"https:\/\/pubeurope.com\/@fr\/115597904073823001","error":""},"_links":{"self":[{"href":"https:\/\/www.europesays.com\/fr\/wp-json\/wp\/v2\/posts\/552924","targetHints":{"allow":["GET"]}}],"collection":[{"href":"https:\/\/www.europesays.com\/fr\/wp-json\/wp\/v2\/posts"}],"about":[{"href":"https:\/\/www.europesays.com\/fr\/wp-json\/wp\/v2\/types\/post"}],"author":[{"embeddable":true,"href":"https:\/\/www.europesays.com\/fr\/wp-json\/wp\/v2\/users\/2"}],"replies":[{"embeddable":true,"href":"https:\/\/www.europesays.com\/fr\/wp-json\/wp\/v2\/comments?post=552924"}],"version-history":[{"count":0,"href":"https:\/\/www.europesays.com\/fr\/wp-json\/wp\/v2\/posts\/552924\/revisions"}],"wp:featuredmedia":[{"embeddable":true,"href":"https:\/\/www.europesays.com\/fr\/wp-json\/wp\/v2\/media\/552925"}],"wp:attachment":[{"href":"https:\/\/www.europesays.com\/fr\/wp-json\/wp\/v2\/media?parent=552924"}],"wp:term":[{"taxonomy":"category","embeddable":true,"href":"https:\/\/www.europesays.com\/fr\/wp-json\/wp\/v2\/categories?post=552924"},{"taxonomy":"post_tag","embeddable":true,"href":"https:\/\/www.europesays.com\/fr\/wp-json\/wp\/v2\/tags?post=552924"}],"curies":[{"name":"wp","href":"https:\/\/api.w.org\/{rel}","templated":true}]}}