{"id":552926,"date":"2025-11-23T07:46:12","date_gmt":"2025-11-23T07:46:12","guid":{"rendered":"https:\/\/www.europesays.com\/fr\/552926\/"},"modified":"2025-11-23T07:46:12","modified_gmt":"2025-11-23T07:46:12","slug":"jamais-dormir-la-premiere-piece-jeune-public-du-metteur-en-scene-baptiste-amann-au-zef-a-marseille","status":"publish","type":"post","link":"https:\/\/www.europesays.com\/fr\/552926\/","title":{"rendered":"\u00ab\u00a0Jamais dormir\u00a0\u00bb, la premi\u00e8re pi\u00e8ce jeune public du metteur en sc\u00e8ne Baptiste Amann au Zef \u00e0 Marseille"},"content":{"rendered":"<p>Artiste complice du <a href=\"https:\/\/www.laprovence.com\/article\/culture-loisirs\/2502857125156415\/le-zef-scene-nationale-a-marseille-ouvrira-sa-saison-2025-2026-a-la-gare-franche-havre-de-verdure-en-pleine-ville\" target=\"_blank\" rel=\"noopener\">Zef sc\u00e8ne nationale \u00e0 Marseille<\/a>, le metteur en sc\u00e8ne d\u2019origine avignonnaise Baptiste Amann, directeur de la compagnie L\u2019Annexe, y avait notamment pr\u00e9sent\u00e9 sa <a href=\"https:\/\/www.laprovence.com\/article\/critiques-avignon-in\/6419080\/les-miettes-de-vie-de-baptiste-amann.html\" target=\"_blank\" rel=\"noopener\">trilogie <\/a><a href=\"https:\/\/www.laprovence.com\/article\/critiques-avignon-in\/6419080\/les-miettes-de-vie-de-baptiste-amann.html\" target=\"_blank\" rel=\"noopener\">Des territoires<\/a>, qui m\u00ealait l\u2019histoire d\u2019une fratrie d\u2019aujourd\u2019hui \u00e0 des \u00e9pisodes r\u00e9volutionnaires de l\u2019Histoire de France, grand succ\u00e8s de la 75e \u00e9dition du Festival d\u2019Avignon en\u00a02021.<\/p>\n<p>Il est de retour \u00e0 Marseille pour y pr\u00e9senter une pi\u00e8ce tr\u00e8s diff\u00e9rente, Jamais dormir, solo port\u00e9 par la com\u00e9dienne Thalia Otmanetelba. Il a en effet\u00a0\u00e9crit cette pi\u00e8ce pour sa fille alors \u00e2g\u00e9e de 6\u00a0ans. \u00ab\u00a0Elle commen\u00e7ait \u00e0 me poser des questions sur mon m\u00e9tier, je me suis dit que la meilleure fa\u00e7on de lui r\u00e9pondre \u00e9tait de lui \u00e9crire une pi\u00e8ce\u00a0\u00bb explique-t-il.<\/p>\n<p>Jamais dormir met en sc\u00e8ne une petite fille de 8\u00a0ans, Thalia, qui a la particularit\u00e9 de <a href=\"https:\/\/www.laprovence.com\/article\/france-monde\/6281177962485814\/enfants-proteges-laccueil-en-famille-desormais-moins-frequent-quen-foyer\" target=\"_blank\" rel=\"noopener\">vivre en foyer<\/a>. \u00ab\u00a0La pi\u00e8ce parle des angoisses qui remontent au moment de s\u2019endormir. Pour les contrer, Thalia d\u00e9clare qu\u2019elle n\u2019a jamais dormi et qu\u2019elle vit des aventures incroyables la nuit. Elle prend \u00e0 partie les enfants dans la salle et les embarque dans ses aventures, ils partent sur une \u00eele secr\u00e8te,\u00a0etc.\u00a0\u00bb Le d\u00e9cor est r\u00e9duit au lit de Thalia, qui, tour \u00e0 tour peut devenir navire, cabane, tapis volant. \u00ab\u00a0Cette pi\u00e8ce est un hommage rendu \u00e0 l\u2019imaginaire\u00a0\u00bb, poursuit Baptiste Amann.<\/p>\n<p>Une com\u00e9dienne tr\u00e8s investie<\/p>\n<p>Pour incarner cette petite fille, Baptiste Amann a donc choisi la com\u00e9dienne Thalia Otmanetelba. \u00ab\u00a0J\u2019ai rencontr\u00e9 Thalia \u00e0 sa sortie du Th\u00e9\u00e2tre national de Strasbourg, raconte-t-il. J\u2019aime son bagout, sa virtuosit\u00e9 dans le jeu, elle a gard\u00e9 quelque chose de l\u2019enfance, une truculence, une malice. Elle ne correspond pas au canon des petites filles sages et douces. Il y a quelque chose d\u2019explosif chez elle et je voulais rendre hommage aux petites filles qui d\u00e9bordent.\u00a0\u00bb<\/p>\n<p>Thalia Otmanetelba pr\u00e9sente aussi la qualit\u00e9 d\u2019aimer jouer dans les \u00e9coles, hors confort des salles de th\u00e9\u00e2tre. \u00ab\u00a0Elle est tr\u00e8s investie dans le jeu et sait se mettre \u00e0 la hauteur des enfants pour discuter avec eux apr\u00e8s la repr\u00e9sentation. Comme elle porte le m\u00eame nom que son personnage, cela fonctionne tr\u00e8s bien.\u00a0\u00bb La pi\u00e8ce est ainsi donn\u00e9e lors de scolaires au Zef et lors de deux repr\u00e9sentations mardi\u00a025 et mercredi 26\u00a0novembre.<\/p>\n<p>\u00ab\u00a0Jamais dormir\u00a0\u00bb, mardi 25\u00a0novembre \u00e0 19\u00a0h 30 et mercredi 26\u00a0novembre \u00e0 15\u00a0h. 7\/15\u00a0\u20ac. lezef.org<\/p>\n","protected":false},"excerpt":{"rendered":"Artiste complice du Zef sc\u00e8ne nationale \u00e0 Marseille, le metteur en sc\u00e8ne d\u2019origine avignonnaise Baptiste Amann, directeur de&hellip;\n","protected":false},"author":2,"featured_media":552927,"comment_status":"","ping_status":"","sticky":false,"template":"","format":"standard","meta":{"footnotes":""},"categories":[2814],"tags":[17,1111,11,251,289,1777,674,1011,27,5776,3913,884,67001,12,15459,3051,882,3532,25],"class_list":{"0":"post-552926","1":"post","2":"type-post","3":"status-publish","4":"format-standard","5":"has-post-thumbnail","7":"category-marseille","8":"tag-17","9":"tag-actu","10":"tag-actualites","11":"tag-culture","12":"tag-dormir","13":"tag-eu","14":"tag-europe","15":"tag-fr","16":"tag-france","17":"tag-jamais","18":"tag-jeune","19":"tag-marseille","20":"tag-metteur","21":"tag-news","22":"tag-piece","23":"tag-premiere","24":"tag-provence-alpes-cote-dazur","25":"tag-public","26":"tag-republique-francaise"},"share_on_mastodon":{"url":"https:\/\/pubeurope.com\/@fr\/115597908306719805","error":""},"_links":{"self":[{"href":"https:\/\/www.europesays.com\/fr\/wp-json\/wp\/v2\/posts\/552926","targetHints":{"allow":["GET"]}}],"collection":[{"href":"https:\/\/www.europesays.com\/fr\/wp-json\/wp\/v2\/posts"}],"about":[{"href":"https:\/\/www.europesays.com\/fr\/wp-json\/wp\/v2\/types\/post"}],"author":[{"embeddable":true,"href":"https:\/\/www.europesays.com\/fr\/wp-json\/wp\/v2\/users\/2"}],"replies":[{"embeddable":true,"href":"https:\/\/www.europesays.com\/fr\/wp-json\/wp\/v2\/comments?post=552926"}],"version-history":[{"count":0,"href":"https:\/\/www.europesays.com\/fr\/wp-json\/wp\/v2\/posts\/552926\/revisions"}],"wp:featuredmedia":[{"embeddable":true,"href":"https:\/\/www.europesays.com\/fr\/wp-json\/wp\/v2\/media\/552927"}],"wp:attachment":[{"href":"https:\/\/www.europesays.com\/fr\/wp-json\/wp\/v2\/media?parent=552926"}],"wp:term":[{"taxonomy":"category","embeddable":true,"href":"https:\/\/www.europesays.com\/fr\/wp-json\/wp\/v2\/categories?post=552926"},{"taxonomy":"post_tag","embeddable":true,"href":"https:\/\/www.europesays.com\/fr\/wp-json\/wp\/v2\/tags?post=552926"}],"curies":[{"name":"wp","href":"https:\/\/api.w.org\/{rel}","templated":true}]}}