{"id":552928,"date":"2025-11-23T07:47:15","date_gmt":"2025-11-23T07:47:15","guid":{"rendered":"https:\/\/www.europesays.com\/fr\/552928\/"},"modified":"2025-11-23T07:47:15","modified_gmt":"2025-11-23T07:47:15","slug":"faute-de-places-dans-les-ports-les-assos-liees-aux-activites-nautiques-en-peril","status":"publish","type":"post","link":"https:\/\/www.europesays.com\/fr\/552928\/","title":{"rendered":"faute de places dans les ports, les assos li\u00e9es aux activit\u00e9s nautiques en p\u00e9ril"},"content":{"rendered":"<p>\u00c0 <a href=\"https:\/\/www.laprovence.com\/bouches-du-rhone\/marseille-13055\" target=\"_blank\" rel=\"noopener\">Marseille<\/a>, plus de 3\u00a0000 bateaux sont amarr\u00e9s au <a href=\"https:\/\/www.laprovence.com\/article\/region\/6091016414685614\/les-plaisanciers-denoncent-un-acces-redoutable-au-vieux-port-de-nuit-a-marseille-on-est-dans-le-noir\" target=\"_blank\" rel=\"noopener\">Vieux-Port<\/a> mais les associations sp\u00e9cialis\u00e9es dans les activit\u00e9s nautiques regrettent de ne devoir se contenter que d\u2019une trentaine de places, soit 1% de la capacit\u00e9. Pourtant, plaident ces structures, elles font d\u00e9couvrir la navigation aux Marseillais.<\/p>\n<p>\u00ab\u00a0Elles ont \u00e9t\u00e9 tr\u00e8s sollicit\u00e9es pour <a href=\"https:\/\/www.laprovence.com\/videos\/les-images-impressionnantes-du-belem-dans-la-rade-de-marseille\/1715176441917\" target=\"_blank\" rel=\"noopener\">d\u00e9filer avec le <\/a><a href=\"https:\/\/www.laprovence.com\/videos\/les-images-impressionnantes-du-belem-dans-la-rade-de-marseille\/1715176441917\" target=\"_blank\" rel=\"noopener\">B\u00e9lem<\/a> dans la rade de Marseille au moment de l\u2019arriv\u00e9e de la flamme olympique. Cet esprit de communion s\u2019est cl\u00f4tur\u00e9 dans la douleur\u00a0: les associations bas\u00e9es \u00e0 la marina du Roucas-Blanc (devenu le <a href=\"https:\/\/www.laprovence.com\/article\/politique\/1562014698492515\/marina-olympique-a-marseille-qui-va-payer-les-11-millions-deuros-manquants\" target=\"_blank\" rel=\"noopener\">stade nautique Florence-Arthaud<\/a> en\u00a02025) ont \u00e9t\u00e9 pri\u00e9es de quitter leur emplacement sans contrepartie\u00a0\u00bb, retrace Ren\u00e9 Barth\u00e9l\u00e9my, responsable de l\u2019Association jeudi dimanche (AJD) avec Emmanuel Viennot. Tous deux d\u00e9noncent, aux c\u00f4t\u00e9s de l\u2019association Goel\u2019en, leur \u00ab\u00a0exclusion\u00a0\u00bb des ports marseillais.<\/p>\n<p>Un vide administratif qui privatise la mer<\/p>\n<p>\u00ab\u00a0Soit on est un plaisancier, soit on est une entreprise qui vend des balades en mer\u00a0\u00bb, r\u00e9sume Lionel Conq, de Goel\u2019en. <a href=\"https:\/\/www.laprovence.com\/article\/region\/49115175260577\/des-parkings-sans-vie-sociale-le-manque-de-places-dans-les-ports-provencaux-inquiete-les-associations\" target=\"_blank\" rel=\"noopener\">Cette association ne se retrouve donc pas dans les r\u00e8glements appliqu\u00e9s par la direction des ports.<\/a> Au m\u00eame titre que l\u2019AJD qui s\u2019est aussi donn\u00e9 pour mission de faire naviguer gratuiteme&#8230;<\/p>\n","protected":false},"excerpt":{"rendered":"\u00c0 Marseille, plus de 3\u00a0000 bateaux sont amarr\u00e9s au Vieux-Port mais les associations sp\u00e9cialis\u00e9es dans les activit\u00e9s nautiques&hellip;\n","protected":false},"author":2,"featured_media":552929,"comment_status":"","ping_status":"","sticky":false,"template":"","format":"standard","meta":{"footnotes":""},"categories":[2814],"tags":[17,1111,11,26056,1446,1777,674,28962,1011,27,151,884,12,18433,882,34633,16,25],"class_list":{"0":"post-552928","1":"post","2":"type-post","3":"status-publish","4":"format-standard","5":"has-post-thumbnail","7":"category-marseille","8":"tag-17","9":"tag-actu","10":"tag-actualites","11":"tag-beaucoup","12":"tag-dans","13":"tag-eu","14":"tag-europe","15":"tag-faute","16":"tag-fr","17":"tag-france","18":"tag-les","19":"tag-marseille","20":"tag-news","21":"tag-places","22":"tag-provence-alpes-cote-dazur","23":"tag-quittent","24":"tag-region","25":"tag-republique-francaise"},"share_on_mastodon":{"url":"https:\/\/pubeurope.com\/@fr\/115597911211914018","error":""},"_links":{"self":[{"href":"https:\/\/www.europesays.com\/fr\/wp-json\/wp\/v2\/posts\/552928","targetHints":{"allow":["GET"]}}],"collection":[{"href":"https:\/\/www.europesays.com\/fr\/wp-json\/wp\/v2\/posts"}],"about":[{"href":"https:\/\/www.europesays.com\/fr\/wp-json\/wp\/v2\/types\/post"}],"author":[{"embeddable":true,"href":"https:\/\/www.europesays.com\/fr\/wp-json\/wp\/v2\/users\/2"}],"replies":[{"embeddable":true,"href":"https:\/\/www.europesays.com\/fr\/wp-json\/wp\/v2\/comments?post=552928"}],"version-history":[{"count":0,"href":"https:\/\/www.europesays.com\/fr\/wp-json\/wp\/v2\/posts\/552928\/revisions"}],"wp:featuredmedia":[{"embeddable":true,"href":"https:\/\/www.europesays.com\/fr\/wp-json\/wp\/v2\/media\/552929"}],"wp:attachment":[{"href":"https:\/\/www.europesays.com\/fr\/wp-json\/wp\/v2\/media?parent=552928"}],"wp:term":[{"taxonomy":"category","embeddable":true,"href":"https:\/\/www.europesays.com\/fr\/wp-json\/wp\/v2\/categories?post=552928"},{"taxonomy":"post_tag","embeddable":true,"href":"https:\/\/www.europesays.com\/fr\/wp-json\/wp\/v2\/tags?post=552928"}],"curies":[{"name":"wp","href":"https:\/\/api.w.org\/{rel}","templated":true}]}}