{"id":552934,"date":"2025-11-23T07:51:15","date_gmt":"2025-11-23T07:51:15","guid":{"rendered":"https:\/\/www.europesays.com\/fr\/552934\/"},"modified":"2025-11-23T07:51:15","modified_gmt":"2025-11-23T07:51:15","slug":"les-images-de-la-neige-tombee-dans-la-nuit-sur-la-france","status":"publish","type":"post","link":"https:\/\/www.europesays.com\/fr\/552934\/","title":{"rendered":"les images de la neige tomb\u00e9e dans la nuit sur la France"},"content":{"rendered":"<p class=\"article-p mdl\">Les\u00a0<a class=\"link\" href=\"https:\/\/www.rtl.fr\/actu\/meteo\/neige-et-verglas-entre-1-a-4-cm-de-neige-en-ile-de-france-7-departements-restent-en-vigilance-orange-7900570231\" title=\"Neige et verglas : entre 1 \u00e0 4 cm de neige en \u00cele-de-France, plus que deux d\u00e9partements en vigilance orange\" rel=\"nofollow noopener\" target=\"_blank\">flocons sont tomb\u00e9s sur l&rsquo;\u00cele-de-France<\/a>\u00a0dans la nuit de samedi 22 \u00e0 dimanche 23 novembre. L&rsquo;ensemble des d\u00e9partements franciliens \u00e9taient plac\u00e9s en<strong> vigilance orange neige-verglas<\/strong> par M\u00e9t\u00e9o-France depuis 20 heures samedi et seule la Seine-et-Marne l&rsquo;\u00e9tait toujours ce dimanche matin, jusqu&rsquo;\u00e0 8 heures.\u00a0<\/p>\n<p class=\"article-p mdl\">\u00ab\u00a0Sur \u00cele-de-France, la hauteur de neige au sol <strong>atteint 1 \u00e0 4 cm en g\u00e9n\u00e9ral,<\/strong> probablement un peu plus tr\u00e8s ponctuellement dans l&rsquo;ouest de la r\u00e9gion; quelques rares bruines tr\u00e8s localement vergla\u00e7antes ne sont pas exclues\u00a0\u00bb, d\u00e9taille l&rsquo;institut m\u00e9t\u00e9orologique dans son bulletin de 6 heures.\u00a0<\/p>\n<p class=\"article-p mdl\">Quartier de Montparnasse, parc des Princes, Porte de Versailles : sur les r\u00e9seaux sociaux<strong>, les internautes ont partag\u00e9 leurs nombreuses vid\u00e9os<\/strong> du <strong>premier \u00e9pisode neigeux<\/strong> dans la capitale. Ce dimanche matin, la neige commen\u00e7ait d\u00e9j\u00e0<strong> \u00e0 fondre<\/strong> alors que<a class=\"link\" href=\"https:\/\/www.rtl.fr\/actu\/meteo\/neige-temperatures-negatives-a-quand-une-meteo-plus-clemente-en-france-7900569496\" title=\"Neige, temp\u00e9ratures n\u00e9gatives\u2026 \u00e0 quand une m\u00e9t\u00e9o plus cl\u00e9mente en France ?\" rel=\"nofollow noopener\" target=\"_blank\"> 8\u00b0C sont attendus dans l&rsquo;apr\u00e8s-midi<\/a>\u00a0\u00e0 Paris.\u00a0<\/p>\n<blockquote class=\"twitter-tweet\">\n<p lang=\"fr\" dir=\"ltr\">Il a <a href=\"https:\/\/twitter.com\/hashtag\/neig%C3%A9?src=hash&amp;ref_src=twsrc%5Etfw\" rel=\"nofollow noopener\" target=\"_blank\">#neig\u00e9<\/a> \u2744\ufe0fsur <a href=\"https:\/\/twitter.com\/hashtag\/Paris?src=hash&amp;ref_src=twsrc%5Etfw\" rel=\"nofollow noopener\" target=\"_blank\">#Paris<\/a> cette nuit. La couche a atteint 3 cm \u00e0 Paris-Montsouris. Ce matin, avec le redoux, la neige fond tr\u00e8s rapidement. D\u00e8s 9h, il ne restera plus rien de l&rsquo;offensive hivernale de cette nuit. <a href=\"https:\/\/t.co\/qLK208WIeZ\" rel=\"nofollow\">https:\/\/t.co\/qLK208WIeZ<\/a><\/p>\n<p>\u2014 La Cha\u00eene M\u00e9t\u00e9o (@lachainemeteo) <a href=\"https:\/\/twitter.com\/lachainemeteo\/status\/1992477316027732175?ref_src=twsrc%5Etfw\" rel=\"nofollow noopener\" target=\"_blank\">November 23, 2025<\/a><\/p><\/blockquote>\n<blockquote class=\"twitter-tweet\">\n<p lang=\"fr\" dir=\"ltr\">2h20\u2744\ufe0f\ud83d\ude0dLes conditions sont hivernales sur l\u2019Oise et l\u2019Ile de France comme ici \u00e0 Ch\u00e2tillon (92). <\/p>\n<p>Voici les derniers relev\u00e9s de cumuls de <a href=\"https:\/\/twitter.com\/hashtag\/neige?src=hash&amp;ref_src=twsrc%5Etfw\" rel=\"nofollow noopener\" target=\"_blank\">#neige<\/a> :<br \/>\u25aa\ufe0f5cm dans le Vexin<br \/>\u25aa\ufe0f3cm \u00e0 Paris Montsouris et Beauvais<br \/>\u25aa\ufe0f2cm \u00e0 Roissy, le Plessis Gassot, Toussus le Noble <br \/>\ud83d\udcf8Aymeric Licette <a href=\"https:\/\/t.co\/byyBpMNYTz\" rel=\"nofollow\">pic.twitter.com\/byyBpMNYTz<\/a><\/p>\n<p>\u2014 M\u00e9t\u00e9o Nord Parisien \ud83c\udf2a\u26a1\ufe0f\ud83c\udf08\u2600\ufe0f (@MeteoNordParis) <a href=\"https:\/\/twitter.com\/MeteoNordParis\/status\/1992403939804012689?ref_src=twsrc%5Etfw\" rel=\"nofollow noopener\" target=\"_blank\">November 23, 2025<\/a><\/p><\/blockquote>\n<p class=\"article-p mdl\">En plus de l&rsquo;\u00cele-de-France, une partie du Massif central\u00a0(Aveyron, Cantal, Corr\u00e8ze, Creuse, Haute-Vienne et Puy-de-D\u00f4me) \u00e9tait concern\u00e9e par la vigilance orange neige-verglas. \u00c0 8 heures, seuls\u00a0le Puy-de-D\u00f4me et le Cantal sont encore en alerte.\u00a0Dans cette r\u00e9gion les pr\u00e9cipitations sont rest\u00e9es\u00a0faibles et \u00e9parses: de petites chutes de neige sur le Cantal et l&rsquo;ouest du Puy-de-D\u00f4me, tandis que le Limousin enregistrait 1 cm \u00e0 Limoges (Haute-Vienne) et 3 cm \u00e0 \u00c9gletons (Corr\u00e8ze), avec\u00a0quelques pluies vergla\u00e7antes\u00a0\u00e0 l&rsquo;arri\u00e8re.<\/p>\n<p class=\"article-p mdl\">La neige est \u00e9galement tomb\u00e9e<strong> ailleurs en France<\/strong>, comme en Picardie \u00e0 Beauvais, mais aussi dans la Somme, \u00e0 Amiens, ou encore en Normandie, dans le Centre-Val-de-Loire et m\u00eame en\u00a0<a class=\"link\" href=\"https:\/\/x.com\/Meteovilles\/status\/1992216219001217056?ref_src=twsrc%5Etfw%7Ctwcamp%5Etweetembed%7Ctwterm%5E1992216219001217056%7Ctwgr%5E7d2c112a001982de7429bd3210d02fb7137bde9f%7Ctwcon%5Es1_&amp;ref_url=https%3A%2F%2Fwww.bfmtv.com%2Fmeteo%2Fneige%2File-de-france-normandie-corse-les-images-de-la-neige-tombee-samedi-soir-et-pendant-la-nuit_AN-202511230104.html\" target=\"_blank\" rel=\"nofollow\">Corse<\/a>.\u00a0<\/p>\n<p class=\"article-p mdl\">Avec la hausse des temp\u00e9ratures ce dimanche matin<strong>, la neige a d\u00e9j\u00e0 bien fondu.<\/strong> \u00ab\u00a0En journ\u00e9e, de nouvelles pluies oc\u00e9aniques s&rsquo;accompagneront d&rsquo;un redoux tr\u00e8s notable, mais avec parfois quelque<strong>s pr\u00e9cipitations vergla\u00e7antes temporaires<\/strong> pr\u00e8s des fronti\u00e8res du Nord-Est.\u00a0\u00bb, d\u00e9taille M\u00e9t\u00e9o-France dans son bulletin de 8 heures.\u00a0<\/p>\n<p class=\"article-p mdl\">\u00ab\u00a0Les premiers \u00e9pisodes ne sont parfois pas pris suffisamment au s\u00e9rieux\u00a0\u00bb, avait averti le ministre des Transports Philippe Tabarot, depuis le centre de crise mobilisant M\u00e9t\u00e9o-France, les services routiers, l&rsquo;aviation civile et les op\u00e9rateurs de transport. Au total,\u00a07.500 agents des Routes\u00a0sont mobilis\u00e9s ce week-end.\u00a0<\/p>\n<p>    La r\u00e9daction vous recommande<\/p>\n<p class=\"s-newsletter__title\">\n                L\u2019actualit\u00e9 par la r\u00e9daction de RTL dans votre bo\u00eete mail.\n            <\/p>\n<p class=\"s-newsletter__subtitle\">\n                Gr\u00e2ce \u00e0 votre compte RTL abonnez-vous \u00e0 la newsletter RTL info pour suivre toute l&rsquo;actualit\u00e9 au quotidien\n            <\/p>\n<p>\n                                    Lire la suite\n                                <\/p>\n<p>                            <script async src=\"https:\/\/platform.twitter.com\/widgets.js\" charset=\"utf-8\"><\/script><\/p>\n","protected":false},"excerpt":{"rendered":"Les\u00a0flocons sont tomb\u00e9s sur l&rsquo;\u00cele-de-France\u00a0dans la nuit de samedi 22 \u00e0 dimanche 23 novembre. L&rsquo;ensemble des d\u00e9partements franciliens&hellip;\n","protected":false},"author":2,"featured_media":552935,"comment_status":"","ping_status":"","sticky":false,"template":"","format":"standard","meta":{"footnotes":""},"categories":[1592],"tags":[1111,11,1777,674,107,1011,27,662,2487,10584,12,626,25],"class_list":{"0":"post-552934","1":"post","2":"type-post","3":"status-publish","4":"format-standard","5":"has-post-thumbnail","7":"category-ile-de-france","8":"tag-actu","9":"tag-actualites","10":"tag-eu","11":"tag-europe","12":"tag-fil-info","13":"tag-fr","14":"tag-france","15":"tag-ile-de-france","16":"tag-meteo","17":"tag-neige","18":"tag-news","19":"tag-paris","20":"tag-republique-francaise"},"share_on_mastodon":{"url":"https:\/\/pubeurope.com\/@fr\/115597926959537006","error":""},"_links":{"self":[{"href":"https:\/\/www.europesays.com\/fr\/wp-json\/wp\/v2\/posts\/552934","targetHints":{"allow":["GET"]}}],"collection":[{"href":"https:\/\/www.europesays.com\/fr\/wp-json\/wp\/v2\/posts"}],"about":[{"href":"https:\/\/www.europesays.com\/fr\/wp-json\/wp\/v2\/types\/post"}],"author":[{"embeddable":true,"href":"https:\/\/www.europesays.com\/fr\/wp-json\/wp\/v2\/users\/2"}],"replies":[{"embeddable":true,"href":"https:\/\/www.europesays.com\/fr\/wp-json\/wp\/v2\/comments?post=552934"}],"version-history":[{"count":0,"href":"https:\/\/www.europesays.com\/fr\/wp-json\/wp\/v2\/posts\/552934\/revisions"}],"wp:featuredmedia":[{"embeddable":true,"href":"https:\/\/www.europesays.com\/fr\/wp-json\/wp\/v2\/media\/552935"}],"wp:attachment":[{"href":"https:\/\/www.europesays.com\/fr\/wp-json\/wp\/v2\/media?parent=552934"}],"wp:term":[{"taxonomy":"category","embeddable":true,"href":"https:\/\/www.europesays.com\/fr\/wp-json\/wp\/v2\/categories?post=552934"},{"taxonomy":"post_tag","embeddable":true,"href":"https:\/\/www.europesays.com\/fr\/wp-json\/wp\/v2\/tags?post=552934"}],"curies":[{"name":"wp","href":"https:\/\/api.w.org\/{rel}","templated":true}]}}