{"id":552936,"date":"2025-11-23T07:52:13","date_gmt":"2025-11-23T07:52:13","guid":{"rendered":"https:\/\/www.europesays.com\/fr\/552936\/"},"modified":"2025-11-23T07:52:13","modified_gmt":"2025-11-23T07:52:13","slug":"apres-la-neige-un-spectaculaire-changement-de-temps-attend-paris-et-liie-de-france","status":"publish","type":"post","link":"https:\/\/www.europesays.com\/fr\/552936\/","title":{"rendered":"apr\u00e8s la neige, un spectaculaire changement de temps attend Paris et l&rsquo;\u00ceIe-de-France"},"content":{"rendered":"<p>                    Par<br \/>\n        <strong><br \/>\n            <a href=\"https:\/\/actu.fr\/auteur\/thomas-martin\" title=\"Consulter tous les articles de Thomas Martin\" rel=\"nofollow noopener\" target=\"_blank\">Thomas Martin<\/a><br \/>\n                    <\/strong><\/p>\n<p>        Publi\u00e9 le<\/p>\n<p>            23 nov. 2025 \u00e0 8h20        <\/p>\n<p>Apr\u00e8s la <a href=\"https:\/\/actu.fr\/meteo\/en-images-meteo-d-un-a-quatre-centimetres-de-neige-a-paris-et-en-ile-de-france_63475595.html\" rel=\"nofollow noopener\" target=\"_blank\">neige<\/a> tomb\u00e9e dans la nuit du samedi 22 au dimanche 23 novembre 2025, <a href=\"https:\/\/actu.fr\/meteo\/fin-de-la-vigilance-orange-neige-verglas-a-paris-et-en-ile-de-france-sauf-dans-un-departement_63475588.html\" rel=\"nofollow noopener\" target=\"_blank\">M\u00e9t\u00e9o-France<\/a> a lev\u00e9 la vigilance orange dans toute l\u2019\u00cele-de-France. Le pr\u00e9visionniste a relev\u00e9 des couches de neige d\u2019un \u00e0 quatre centim\u00e8tres en moyenne sur l\u2019Ile-de-France. Mais, apr\u00e8s le froid de ces derniers et les premiers flocons, le changement de temps devrait \u00eatre assez radical.\u00a0<\/p>\n<p>Les pr\u00e9visions de M\u00e9t\u00e9o-France<\/p>\n<p class=\" wall-content\">\u00ab\u00a0La hausse des temp\u00e9ratures est spectaculaire sur une grande moiti\u00e9 ouest du pays, ce matin, avec 12\u00b0 de plus qu\u2019hier \u00e0 la m\u00eame heure sur le sud de la Bretagne ! Le redoux gagnera toute la France de ici la fin de la journ\u00e9e\u00a0\u00bb, indique le m\u00e9t\u00e9orologue Guillaume S\u00e9chet sur X.\u00a0<\/p>\n<p class=\" wall-content\">\n<p class=\" wall-content\">Il va d\u00e9sormais falloir composer en France avec une perturbation tr\u00e8s active venant de l\u2019Atlantique provoque des pluies durables et abondantes de l\u2019Aquitaine \u00e0 Rh\u00f4ne-Alpes au Jura d\u00e8s ce dimanche.\u00a0<\/p>\n<p class=\" wall-content\">La pluie est attendue d\u00e8s ce dimanche en \u00cele-de-France o\u00f9 la grisaille sera de mise. Apr\u00e8s \u00eatre pass\u00e9 sous les 0\u00b0C, le mercure reprend des couleurs. Il fera jusqu\u2019\u00e0 7\u00b0C environ dans la r\u00e9gion. Lundi, cette tendance se poursuivra avec pr\u00e8s de 10\u00b0C pr\u00e9vus, soit de gros \u00e9carts par rapport aux jours pr\u00e9c\u00e9dents.\u00a0<\/p>\n<p class=\" wall-content\">Une douceur qui devrait s\u2019accompagner de pluies et d\u2019\u00e9claircies. La semaine devrait globalement \u00eatre assez humide avec des temp\u00e9ratures automnales.\u00a0<\/p>\n<p class=\" wall-content\">Personnalisez votre actualit\u00e9 en ajoutant vos villes et m\u00e9dias en favori avec <a href=\"https:\/\/moncompte.actu.fr\" title=\"D\u00e9couvez Mon Actu\" rel=\"nofollow noopener\" data-trk=\"{&quot;cta&quot;:{&quot;action&quot;:&quot;https:\\\/\\\/moncompte.actu.fr&quot;,&quot;category&quot;:&quot;mon compte&quot;,&quot;from&quot;:&quot;article footer&quot;,&quot;name&quot;:&quot;Mon actu&quot;,&quot;type&quot;:&quot;cta&quot;}}\" target=\"_blank\">Mon Actu<\/a>.<\/p>\n","protected":false},"excerpt":{"rendered":"Par Thomas Martin Publi\u00e9 le 23 nov. 2025 \u00e0 8h20 Apr\u00e8s la neige tomb\u00e9e dans la nuit du&hellip;\n","protected":false},"author":2,"featured_media":552937,"comment_status":"","ping_status":"","sticky":false,"template":"","format":"standard","meta":{"footnotes":""},"categories":[1888],"tags":[1111,1928,11,1927,1777,674,1011,27,2487,2357,12,1926,626,1925,25],"class_list":{"0":"post-552936","1":"post","2":"type-post","3":"status-publish","4":"format-standard","5":"has-post-thumbnail","7":"category-paris","8":"tag-actu","9":"tag-actu-paris","10":"tag-actualites","11":"tag-actualites-paris","12":"tag-eu","13":"tag-europe","14":"tag-fr","15":"tag-france","16":"tag-meteo","17":"tag-meteo-france","18":"tag-news","19":"tag-news-paris","20":"tag-paris","21":"tag-paris-news","22":"tag-republique-francaise"},"share_on_mastodon":{"url":"https:\/\/pubeurope.com\/@fr\/115597930797608255","error":""},"_links":{"self":[{"href":"https:\/\/www.europesays.com\/fr\/wp-json\/wp\/v2\/posts\/552936","targetHints":{"allow":["GET"]}}],"collection":[{"href":"https:\/\/www.europesays.com\/fr\/wp-json\/wp\/v2\/posts"}],"about":[{"href":"https:\/\/www.europesays.com\/fr\/wp-json\/wp\/v2\/types\/post"}],"author":[{"embeddable":true,"href":"https:\/\/www.europesays.com\/fr\/wp-json\/wp\/v2\/users\/2"}],"replies":[{"embeddable":true,"href":"https:\/\/www.europesays.com\/fr\/wp-json\/wp\/v2\/comments?post=552936"}],"version-history":[{"count":0,"href":"https:\/\/www.europesays.com\/fr\/wp-json\/wp\/v2\/posts\/552936\/revisions"}],"wp:featuredmedia":[{"embeddable":true,"href":"https:\/\/www.europesays.com\/fr\/wp-json\/wp\/v2\/media\/552937"}],"wp:attachment":[{"href":"https:\/\/www.europesays.com\/fr\/wp-json\/wp\/v2\/media?parent=552936"}],"wp:term":[{"taxonomy":"category","embeddable":true,"href":"https:\/\/www.europesays.com\/fr\/wp-json\/wp\/v2\/categories?post=552936"},{"taxonomy":"post_tag","embeddable":true,"href":"https:\/\/www.europesays.com\/fr\/wp-json\/wp\/v2\/tags?post=552936"}],"curies":[{"name":"wp","href":"https:\/\/api.w.org\/{rel}","templated":true}]}}