{"id":552938,"date":"2025-11-23T07:54:16","date_gmt":"2025-11-23T07:54:16","guid":{"rendered":"https:\/\/www.europesays.com\/fr\/552938\/"},"modified":"2025-11-23T07:54:16","modified_gmt":"2025-11-23T07:54:16","slug":"entre-1-et-5-cm-de-neige-les-images-du-premier-episode-hivernal-a-paris-et-en-ile-de-france","status":"publish","type":"post","link":"https:\/\/www.europesays.com\/fr\/552938\/","title":{"rendered":"\u00ab\u00a0Entre 1 et 5 cm de neige\u00a0\u00bb : les images du premier \u00e9pisode hivernal \u00e0 Paris et en \u00cele-de-France"},"content":{"rendered":"<ul class=\"jsx-862013697 ArticleChapo__List\">\n<li class=\"jsx-862013697 ArticleChapo__List_Item flex\">Le premier \u00e9pisode hivernal a touch\u00e9 Paris et l&rsquo;\u00cele-de-France, dans la nuit du samedi 22 au dimanche 23 novembre, avec des chutes de neige marqu\u00e9es.<\/li>\n<li class=\"jsx-862013697 ArticleChapo__List_Item flex\">Les temp\u00e9ratures basses ont permis au l\u00e9ger manteau blanc de tenir au sol, avant de fondre avant le redoux.<\/li>\n<\/ul>\n<p data-module=\"article-paragraph\" class=\"jsx-3046738180 Paragraph Paragraph__End\">L&rsquo;hiver est bel et bien l\u00e0. Comme annonc\u00e9, <a href=\"https:\/\/www.tf1info.fr\/meteo\/la-neige-arrive-en-france-un-week-end-assez-complique-en-prevision-sur-les-routes-philippe-tabarot-plan-viabilite-2407878.html\" target=\"_blank\" rel=\"noopener\">la neige s&rsquo;est invit\u00e9e<\/a>, dans la nuit du samedi 22 au dimanche 23\u00a0novembre, sur une partie de la France.<\/p>\n<p data-module=\"article-paragraph\" class=\"jsx-3046738180 Paragraph Paragraph__End\">Tomb\u00e9s d&rsquo;abord abondamment \u00e0 l&rsquo;ouest, comme en for\u00eat d&rsquo;\u00c9couves, au nord d&rsquo;Alen\u00e7on, dans le d\u00e9partement de l&rsquo;Orne, les premiers flocons se sont ensuite d\u00e9plac\u00e9s vers l&rsquo;est.<\/p>\n<blockquote data-testid=\"EmbedTwitter\" id=\"tweet-1992309474187419884-:R9acmj9v79m:\" class=\"jsx-aeff1a1c40f54d7a twitter-tweet flex justify-center items-center\"><p>\u2744\ufe0f\u2744\ufe0fLa couche vient de d\u00e9passer les 6 cm (sur la chauss\u00e9e) d\u00e8s 300 m et la  #neige tombe toujours abondamment en for\u00eat d\u2019Ecouves (Orne) en Normandie.  pic.twitter.com\/jxRr3kISkf \u2014 PREVI NEIGE (@previneige)  November 22, 2025<\/p><\/blockquote>\n<blockquote data-testid=\"EmbedTwitter\" id=\"tweet-1992327098397290553-:R9bcmj9v79m:\" class=\"jsx-aeff1a1c40f54d7a twitter-tweet flex justify-center items-center\"><p>\ud83d\udfe0\u2744 Les chutes de neige s&rsquo;intensifient dans l&rsquo;est de la Seine-Maritime. Images depuis l&rsquo;A28 (depuis le si\u00e8ge passager). \u00a9 Perrine Groult  pic.twitter.com\/cR651dmo5I \u2014 M\u00e9t\u00e9o76 (@meteo_76)  November 22, 2025<\/p><\/blockquote>\n<blockquote data-testid=\"EmbedTwitter\" id=\"tweet-1992425996247814479-:R9ccmj9v79m:\" class=\"jsx-aeff1a1c40f54d7a twitter-tweet flex justify-center items-center\"><p>Il a bien neig\u00e9 cette nuit \u00e0  #Beauvais (comme sur l&rsquo;ensemble du d\u00e9partement de l&rsquo;Oise). La  #neige s&rsquo;est arr\u00eat\u00e9e depuis et la temp\u00e9rature commence \u00e0 remonter lentement.  @skaping pic.twitter.com\/xoZlgxq4UW \u2014 Guillaume S\u00e9chet (@Meteovilles)  November 23, 2025<\/p><\/blockquote>\n<p data-module=\"article-paragraph\" class=\"jsx-3046738180 Paragraph Paragraph__End\">Apr\u00e8s avoir blanchi les hauteurs de Rouen, en Seine-Maritime, la neige a fini par atteindre la r\u00e9gion parisienne vers 23h. \u00c0 commencer par les Yvelines et le Val-d&rsquo;Oise. \u00c0 Paris et sa petite couronne, il a fallu attendre minuit pour voir une fine couche blanchir les toits et les sols, comme au Parc des Princes apr\u00e8s la victoire du PSG contre Le Havre (3-0).<\/p>\n<blockquote data-testid=\"EmbedTwitter\" id=\"tweet-1992386712862097523-:R9ecmj9v79m:\" class=\"jsx-aeff1a1c40f54d7a twitter-tweet flex justify-center items-center\"><p>\u2744\ufe0f\u26a0\ufe0f Pelouse interdite \u26a0\ufe0f\u2744\ufe0f  pic.twitter.com\/PNbOnz1VAI \u2014 Paris Saint-Germain (@PSG_inside)  November 23, 2025<\/p><\/blockquote>\n<p data-module=\"article-paragraph\" class=\"jsx-3046738180 Paragraph Paragraph__End\">Tenant au sol, en raison des temp\u00e9ratures n\u00e9gatives, le l\u00e9ger manteau blanc a tapiss\u00e9 les rues de la capitale. L&rsquo;\u00e9pisode neigeux a dur\u00e9 quelques heures. \u00ab\u00a0Il est tomb\u00e9 entre 1 et 5 cm cette nuit sur la r\u00e9gion parisienne\u00a0\u00bb, relate M\u00e9t\u00e9o-France. \u00ab\u00a0De la bruine localement et temporairement vergla\u00e7ante a pris le relais en fin de nuit, avant l&rsquo;arriv\u00e9e d&rsquo;un lent redoux par l&rsquo;ouest.\u00a0\u00bb<\/p>\n<blockquote data-testid=\"EmbedTwitter\" id=\"tweet-1992391534067818559-:R9hcmj9v79m:\" class=\"jsx-aeff1a1c40f54d7a twitter-tweet flex justify-center items-center\"><p>Paris quartier Montparnasse \u00e0 l\u2019instant !  #neige pic.twitter.com\/CuOhlSG8ig \u2014 Il Marchese \ud83c\uddeb\ud83c\uddf7\ud83c\uddee\ud83c\uddf9 (@il_marchese__)  November 23, 2025<\/p><\/blockquote>\n<blockquote data-testid=\"EmbedTwitter\" id=\"tweet-1992381825692426580-:R9icmj9v79m:\" class=\"jsx-aeff1a1c40f54d7a twitter-tweet flex justify-center items-center\"><p>\u2744\ufe0f La neige s&rsquo;intensifie \u00e0 Paris et commence \u00e0 blanchir les rues de la capitale. La temp\u00e9rature est de 0,0\u00b0C. (\u00a9 Joey Arauz)  pic.twitter.com\/pmFjO9GmrI \u2014 M\u00e9t\u00e9o Express (@MeteoExpress)  November 22, 2025<\/p><\/blockquote>\n<p data-module=\"article-paragraph\" class=\"jsx-3046738180 Paragraph Paragraph__End\">\u00ab\u00a0La perturbation faiblement active ayant donn\u00e9 les neiges, avec quelques pr\u00e9cipitations vergla\u00e7antes, continue son long d\u00e9calage d&rsquo;ouest en est, vers le quart nord-est du pays\u00a0\u00bb, rapporte le service de m\u00e9t\u00e9orologie. Les Hauts-de-France \u00e9taient ainsi sous la neige dimanche au petit matin.<\/p>\n<p><a href=\"https:\/\/www.tf1info.fr\/meteo\/previsions-meteo-france-week-end-apres-la-neige-et-le-froid-le-retour-du-beau-temps-2408305.html\" rel=\"noopener\" class=\"jsx-3308031228 Link flex\" target=\"_blank\"><img decoding=\"async\" src=\"https:\/\/www.europesays.com\/fr\/wp-content\/uploads\/2025\/11\/froid-temperatures-froides-gel-hiver-ca49f9-0@1x.jpeg\" alt=\"Froid Temp\u00e9ratures froides Gel Hiver\" loading=\"lazy\" importance=\"low\" fetchpriority=\"low\" class=\"\" aria-hidden=\"true\"\/><\/p>\n<p class=\"jsx-3657663356 ReadMoreArticle__Title\">Lire aussi<\/p>\n<p class=\"jsx-3657663356\">Pr\u00e9visions m\u00e9t\u00e9o : apr\u00e8s la neige et le froid, le retour du beau temps ?<\/p>\n<p><\/a><\/p>\n<p data-module=\"article-paragraph\" class=\"jsx-3046738180 Paragraph Paragraph__End\">Deux d\u00e9partements, le Puy-de-D\u00f4me et le Cantal, restent en vigilance orange \u00ab\u00a0neige-verglas\u00a0\u00bb jusqu&rsquo;\u00e0 10h au moins, selon M\u00e9t\u00e9o-France.<\/p>\n<p>Y.R.<\/p>\n<p><script async src=\"https:\/\/platform.twitter.com\/widgets.js\" charset=\"utf-8\"><\/script><\/p>\n","protected":false},"excerpt":{"rendered":"Le premier \u00e9pisode hivernal a touch\u00e9 Paris et l&rsquo;\u00cele-de-France, dans la nuit du samedi 22 au dimanche 23&hellip;\n","protected":false},"author":2,"featured_media":552939,"comment_status":"","ping_status":"","sticky":false,"template":"","format":"standard","meta":{"footnotes":""},"categories":[1888],"tags":[1111,1928,11,1927,1921,1777,674,1011,27,1922,3059,10584,12,1926,626,1925,11008,25,133,11009],"class_list":{"0":"post-552938","1":"post","2":"type-post","3":"status-publish","4":"format-standard","5":"has-post-thumbnail","7":"category-paris","8":"tag-actu","9":"tag-actu-paris","10":"tag-actualites","11":"tag-actualites-paris","12":"tag-article-video","13":"tag-eu","14":"tag-europe","15":"tag-fr","16":"tag-france","17":"tag-info","18":"tag-intemperies","19":"tag-neige","20":"tag-news","21":"tag-news-paris","22":"tag-paris","23":"tag-paris-news","24":"tag-phenomenes-meteo","25":"tag-republique-francaise","26":"tag-video","27":"tag-video-meteo-et-intemperies"},"share_on_mastodon":{"url":"https:\/\/pubeurope.com\/@fr\/115597939573851870","error":""},"_links":{"self":[{"href":"https:\/\/www.europesays.com\/fr\/wp-json\/wp\/v2\/posts\/552938","targetHints":{"allow":["GET"]}}],"collection":[{"href":"https:\/\/www.europesays.com\/fr\/wp-json\/wp\/v2\/posts"}],"about":[{"href":"https:\/\/www.europesays.com\/fr\/wp-json\/wp\/v2\/types\/post"}],"author":[{"embeddable":true,"href":"https:\/\/www.europesays.com\/fr\/wp-json\/wp\/v2\/users\/2"}],"replies":[{"embeddable":true,"href":"https:\/\/www.europesays.com\/fr\/wp-json\/wp\/v2\/comments?post=552938"}],"version-history":[{"count":0,"href":"https:\/\/www.europesays.com\/fr\/wp-json\/wp\/v2\/posts\/552938\/revisions"}],"wp:featuredmedia":[{"embeddable":true,"href":"https:\/\/www.europesays.com\/fr\/wp-json\/wp\/v2\/media\/552939"}],"wp:attachment":[{"href":"https:\/\/www.europesays.com\/fr\/wp-json\/wp\/v2\/media?parent=552938"}],"wp:term":[{"taxonomy":"category","embeddable":true,"href":"https:\/\/www.europesays.com\/fr\/wp-json\/wp\/v2\/categories?post=552938"},{"taxonomy":"post_tag","embeddable":true,"href":"https:\/\/www.europesays.com\/fr\/wp-json\/wp\/v2\/tags?post=552938"}],"curies":[{"name":"wp","href":"https:\/\/api.w.org\/{rel}","templated":true}]}}