{"id":552946,"date":"2025-11-23T07:58:20","date_gmt":"2025-11-23T07:58:20","guid":{"rendered":"https:\/\/www.europesays.com\/fr\/552946\/"},"modified":"2025-11-23T07:58:20","modified_gmt":"2025-11-23T07:58:20","slug":"trump-se-dit-ouvert-a-la-negociation-avant-des-pourparlers-a-geneve","status":"publish","type":"post","link":"https:\/\/www.europesays.com\/fr\/552946\/","title":{"rendered":"Trump se dit ouvert \u00e0 la n\u00e9gociation avant des pourparlers \u00e0 Gen\u00e8ve"},"content":{"rendered":"<p>Des responsables ukrainiens, am\u00e9ricains et europ\u00e9ens se retrouvent en Suisse, dimanche 23\u00a0novembre, <a target=\"_self\" href=\"https:\/\/www.lanouvellerepublique.fr\/a-la-une\/guerre-en-ukraine-le-pays-va-entamer-des-consultations-en-suisse-avec-les-americains-sur-un-futur-accord-de-paix-avec-moscou-1763811778\" rel=\"noopener\">pour discuter du plan de Donald Trump pour l\u2019Ukraine<\/a>, qui fait craindre \u00e0 Kiev une capitulation forc\u00e9e mais ne constitue pas, selon Washington, une offre finale. L\u2019administration am\u00e9ricaine le pr\u00e9sente d\u00e9sormais comme \u00ab\u00a0un cadre pour des n\u00e9gociations\u00a0\u00bb, qui vise \u00e0 mettre fin \u00e0 presque quatre ans de conflit.<\/p>\n<p>Salu\u00e9 par le pr\u00e9sident russe Vladimir Poutine, le texte reprend plusieurs exigences cl\u00e9s de Moscou. Il offre cependant des garanties de s\u00e9curit\u00e9 occidentales \u00e0 Kiev pour pr\u00e9venir toute nouvelle attaque russe, se d\u00e9fendent les \u00c9tats-Unis. Le plan a provoqu\u00e9 un branle-bas de combat chez des alli\u00e9s europ\u00e9ens de l\u2019Ukraine, qui ont multipli\u00e9 les contacts et r\u00e9clam\u00e9 de nouvelles n\u00e9gociations les impliquant, ainsi que Kiev.<\/p>\n<p>Pas \u00ab\u00a0une liste de souhaits russes\u00a0\u00bb, d\u00e9fend Rubio<\/p>\n<p><a target=\"_self\" href=\"https:\/\/www.lanouvellerepublique.fr\/a-la-une\/l-ukraine-dit-avoir-recu-un-projet-de-plan-de-paix-de-la-part-des-etats-unis-1763657726\" rel=\"noopener\">Donald Trump avait donn\u00e9 jusqu\u2019au 27\u00a0novembre<\/a> \u00e0 son homologue ukrainien Volodymyr Zelensky pour r\u00e9pondre mais, samedi, le milliardaire r\u00e9publicain a r\u00e9pondu \u00ab\u00a0non\u00a0\u00bb \u00e0 la question de savoir si son plan constituait sa \u00ab\u00a0derni\u00e8re offre\u00a0\u00bb pour r\u00e9gler le conflit.<\/p>\n<p>Ce texte \u00ab\u00a0pr\u00e9sente un cadre solide de n\u00e9gociations. Il se fonde sur des \u00e9l\u00e9ments fournis par la partie russe mais \u00e9galement sur des apports de l\u2019Ukraine\u00a0\u00bb, a compl\u00e9t\u00e9 son chef de la diplomatie, Marco Rubio, sur X. Il a ainsi d\u00e9menti avoir d\u00e9clar\u00e9 \u00e0 des s\u00e9nateurs am\u00e9ricains, comme l\u2019affirmaient plusieurs \u00e9lus, que le plan ne constituait pas la position am\u00e9ricaine mais \u00ab\u00a0une liste de souhaits russes\u00a0\u00bb.<\/p>\n<p>Marco Rubio est attendu dimanche \u00e0 Gen\u00e8ve, avec l\u2019\u00e9missaire sp\u00e9cial de Donald Trump, Steve Witkoff, pour des discussions avec les Ukrainiens et les Europ\u00e9ens. Ils rejoindront le secr\u00e9taire \u00e0 l\u2019Arm\u00e9e, Daniel Driscoll. La d\u00e9l\u00e9gation ukrainienne sera men\u00e9e par le bras droit de Volodymyr Zelensky, le chef de la pr\u00e9sidence Andri\u00ef Iermak.\u00a0C\u00f4t\u00e9 europ\u00e9en, les conseillers \u00e0 la s\u00e9curit\u00e9 nationale des dirigeants fran\u00e7ais, allemand, britannique et italienne prendront part aux discussions \u00e0 Gen\u00e8ve.<\/p>\n<p>R\u00e9unis au sommet du G20 \u00e0 Johannesburg, 11 pays principalement europ\u00e9ens ont estim\u00e9 samedi dans une d\u00e9claration que le plan am\u00e9ricain \u00ab\u00a0requerra du travail suppl\u00e9mentaire\u00a0\u00bb, craignant qu\u2019il ne laisse l\u2019Ukraine \u00ab\u00a0vuln\u00e9rable \u00e0 de futures attaques\u00a0\u00bb. Le pr\u00e9sident fran\u00e7ais Emmanuel Macron a annonc\u00e9 une r\u00e9union mardi en visioconf\u00e9rence des pays soutenant l\u2019Ukraine. Selon lui, sans \u00ab\u00a0\u00e9l\u00e9ments de dissuasion, les Russes reviendront\u00a0\u00bb.<\/p>\n<p>Pour Kiev, \u00ab\u00a0difficile de dire non\u00a0\u00bb, dit l\u2019\u00e9missaire am\u00e9ricain<\/p>\n<p>Vladimir Poutine a assur\u00e9 que le texte am\u00e9ricain \u00ab\u00a0pouvait servir de base \u00e0 un r\u00e8glement pacifique d\u00e9finitif\u00a0\u00bb du conflit lanc\u00e9 en f\u00e9vrier\u00a02022, se disant pr\u00eat \u00e0 une \u00ab\u00a0discussion approfondie de tous les d\u00e9tails\u00a0\u00bb du texte.<\/p>\n<p>Sous pression, le dirigeant ukrainien a assur\u00e9 vendredi qu\u2019il allait <a target=\"_self\" href=\"https:\/\/www.lanouvellerepublique.fr\/a-la-une\/je-ne-trahirai-pas-l-ukraine-lance-volodymyr-zelensky-qui-prepare-des-alternatives-au-plan-de-paix-de-donald-trump-1763740117\" rel=\"noopener\">proposer des <\/a><a target=\"_self\" href=\"https:\/\/www.lanouvellerepublique.fr\/a-la-une\/je-ne-trahirai-pas-l-ukraine-lance-volodymyr-zelensky-qui-prepare-des-alternatives-au-plan-de-paix-de-donald-trump-1763740117\" rel=\"noopener\">\u00ab\u00a0alternatives\u00a0\u00bb<\/a> \u00e0 se interlocuteurs am\u00e9ricains. L\u2019\u00e9missaire am\u00e9ricain sur l\u2019Ukraine, Keith Kellogg, a qualifi\u00e9 samedi soir ces propos de \u00ab\u00a0posture\u00a0\u00bb \u00e0 destination de l\u2019opinion ukrainienne, tout en reprenant la qualification de \u00ab\u00a0cadre\u00a0\u00bb pour le plan.<\/p>\n<p>\u00ab\u00a0Il y a des \u00e9l\u00e9ments qui doivent \u00eatre codifi\u00e9s et expliqu\u00e9s un peu plus en d\u00e9tail, mais nous y sommes presque\u00a0\u00bb, a-t-il d\u00e9clar\u00e9 sur Fox News, se disant convaincu qu\u2019il devenait pour Kiev \u00ab\u00a0difficile de dire non vu les garanties de s\u00e9curit\u00e9\u00a0\u00bb pr\u00e9vues par le texte.<\/p>\n","protected":false},"excerpt":{"rendered":"Des responsables ukrainiens, am\u00e9ricains et europ\u00e9ens se retrouvent en Suisse, dimanche 23\u00a0novembre, pour discuter du plan de Donald&hellip;\n","protected":false},"author":2,"featured_media":552947,"comment_status":"","ping_status":"","sticky":false,"template":"","format":"standard","meta":{"footnotes":""},"categories":[1590],"tags":[328,11,10411,73,1777,674,329,74,12,132,220,364],"class_list":{"0":"post-552946","1":"post","2":"type-post","3":"status-publish","4":"format-standard","5":"has-post-thumbnail","7":"category-ukraine","8":"tag-a-la-une","9":"tag-actualites","10":"tag-conflits","11":"tag-etats-unis","12":"tag-eu","13":"tag-europe","14":"tag-france-monde","15":"tag-monde","16":"tag-news","17":"tag-russie","18":"tag-ukraine","19":"tag-union-europeenne"},"share_on_mastodon":{"url":"https:\/\/pubeurope.com\/@fr\/115597954454865361","error":""},"_links":{"self":[{"href":"https:\/\/www.europesays.com\/fr\/wp-json\/wp\/v2\/posts\/552946","targetHints":{"allow":["GET"]}}],"collection":[{"href":"https:\/\/www.europesays.com\/fr\/wp-json\/wp\/v2\/posts"}],"about":[{"href":"https:\/\/www.europesays.com\/fr\/wp-json\/wp\/v2\/types\/post"}],"author":[{"embeddable":true,"href":"https:\/\/www.europesays.com\/fr\/wp-json\/wp\/v2\/users\/2"}],"replies":[{"embeddable":true,"href":"https:\/\/www.europesays.com\/fr\/wp-json\/wp\/v2\/comments?post=552946"}],"version-history":[{"count":0,"href":"https:\/\/www.europesays.com\/fr\/wp-json\/wp\/v2\/posts\/552946\/revisions"}],"wp:featuredmedia":[{"embeddable":true,"href":"https:\/\/www.europesays.com\/fr\/wp-json\/wp\/v2\/media\/552947"}],"wp:attachment":[{"href":"https:\/\/www.europesays.com\/fr\/wp-json\/wp\/v2\/media?parent=552946"}],"wp:term":[{"taxonomy":"category","embeddable":true,"href":"https:\/\/www.europesays.com\/fr\/wp-json\/wp\/v2\/categories?post=552946"},{"taxonomy":"post_tag","embeddable":true,"href":"https:\/\/www.europesays.com\/fr\/wp-json\/wp\/v2\/tags?post=552946"}],"curies":[{"name":"wp","href":"https:\/\/api.w.org\/{rel}","templated":true}]}}