{"id":552948,"date":"2025-11-23T07:59:15","date_gmt":"2025-11-23T07:59:15","guid":{"rendered":"https:\/\/www.europesays.com\/fr\/552948\/"},"modified":"2025-11-23T07:59:15","modified_gmt":"2025-11-23T07:59:15","slug":"pour-moi-cest-deja-joue-davance-chine-ou-etats-unis-qui-reposera-en-premier-le-pied-sur-la-lune","status":"publish","type":"post","link":"https:\/\/www.europesays.com\/fr\/552948\/","title":{"rendered":"\u00ab\u00a0Pour moi, c\u2019est d\u00e9j\u00e0 jou\u00e9 d\u2019avance\u00a0\u00bb\u00a0: Chine ou \u00c9tats-Unis, qui (re)posera en premier le pied sur la Lune\u00a0?"},"content":{"rendered":"<p class=\"paragraph text_align_left lp-f-body-02\">Selon un document interne \u00e0 SpaceX cit\u00e9 la semaine derni\u00e8re par le m\u00e9dia Politico, <a href=\"https:\/\/www.leparisien.fr\/sciences\/spacex-reporte-un-vol-test-de-starship-nouveau-revers-pour-la-megafusee-du-milliardaire-musk-25-08-2025-JGKOHBM4LNHODN35QJ6XE2OAAQ.php\" target=\"_self\" rel=\"noopener\">le constructeur de la fus\u00e9e Starship<\/a>, d\u2019o\u00f9 d\u00e9barquera l\u2019\u00e9quipage, viserait d\u00e9sormais, non plus la mi-2027, mais septembre 2028 pour cet alunissage tr\u00e8s attendu. Or, cette ann\u00e9e-l\u00e0 est aussi l\u2019horizon annonc\u00e9 par la Chine pour le point d\u2019orgue de son propre programme lunaire. Alors, le prochain \u00ab petit pas pour l\u2019Homme \u00bb sera-t-il chinois ou am\u00e9ricain ?<\/p>\n","protected":false},"excerpt":{"rendered":"Selon un document interne \u00e0 SpaceX cit\u00e9 la semaine derni\u00e8re par le m\u00e9dia Politico, le constructeur de la&hellip;\n","protected":false},"author":2,"featured_media":552949,"comment_status":"","ping_status":"","sticky":false,"template":"","format":"standard","meta":{"footnotes":""},"categories":[1589],"tags":[11,73,1866,14,12,41,1864,1865,1863,308],"class_list":{"0":"post-552948","1":"post","2":"type-post","3":"status-publish","4":"format-standard","5":"has-post-thumbnail","7":"category-etats-unis","8":"tag-actualites","9":"tag-etats-unis","10":"tag-etats-unis-damerique","11":"tag-international","12":"tag-news","13":"tag-sciences","14":"tag-united-states","15":"tag-united-states-of-america","16":"tag-us","17":"tag-usa"},"share_on_mastodon":{"url":"https:\/\/pubeurope.com\/@fr\/115597958571592366","error":""},"_links":{"self":[{"href":"https:\/\/www.europesays.com\/fr\/wp-json\/wp\/v2\/posts\/552948","targetHints":{"allow":["GET"]}}],"collection":[{"href":"https:\/\/www.europesays.com\/fr\/wp-json\/wp\/v2\/posts"}],"about":[{"href":"https:\/\/www.europesays.com\/fr\/wp-json\/wp\/v2\/types\/post"}],"author":[{"embeddable":true,"href":"https:\/\/www.europesays.com\/fr\/wp-json\/wp\/v2\/users\/2"}],"replies":[{"embeddable":true,"href":"https:\/\/www.europesays.com\/fr\/wp-json\/wp\/v2\/comments?post=552948"}],"version-history":[{"count":0,"href":"https:\/\/www.europesays.com\/fr\/wp-json\/wp\/v2\/posts\/552948\/revisions"}],"wp:featuredmedia":[{"embeddable":true,"href":"https:\/\/www.europesays.com\/fr\/wp-json\/wp\/v2\/media\/552949"}],"wp:attachment":[{"href":"https:\/\/www.europesays.com\/fr\/wp-json\/wp\/v2\/media?parent=552948"}],"wp:term":[{"taxonomy":"category","embeddable":true,"href":"https:\/\/www.europesays.com\/fr\/wp-json\/wp\/v2\/categories?post=552948"},{"taxonomy":"post_tag","embeddable":true,"href":"https:\/\/www.europesays.com\/fr\/wp-json\/wp\/v2\/tags?post=552948"}],"curies":[{"name":"wp","href":"https:\/\/api.w.org\/{rel}","templated":true}]}}