{"id":552954,"date":"2025-11-23T08:03:25","date_gmt":"2025-11-23T08:03:25","guid":{"rendered":"https:\/\/www.europesays.com\/fr\/552954\/"},"modified":"2025-11-23T08:03:25","modified_gmt":"2025-11-23T08:03:25","slug":"quels-pays-menent-la-transition-circulaire-en-europe-et-lesquels-freinent-le-recyclage","status":"publish","type":"post","link":"https:\/\/www.europesays.com\/fr\/552954\/","title":{"rendered":"Quels pays m\u00e8nent la transition circulaire en Europe et lesquels freinent le recyclage\u00a0?"},"content":{"rendered":"<p>R\u00e9duire, r\u00e9utiliser, recycler. Ce mantra est souvent r\u00e9p\u00e9t\u00e9 pour encourager de bonnes pratiques de gestion des d\u00e9chets. Et le dernier volet, le recyclage, est particuli\u00e8rement important pour l&rsquo;\u00e9conomie circulaire : un mod\u00e8le qui privil\u00e9gie le maintien des produits et des mat\u00e9riaux en usage le plus longtemps possible.<\/p>\n<p>L&rsquo;Union europ\u00e9enne esp\u00e8re passer \u00e0 une \u00e9conomie circulaire. Mais de nouvelles donn\u00e9es montrent que seule une faible part des mati\u00e8res premi\u00e8res est effectivement recycl\u00e9e.<\/p>\n<p><strong>Comment l&rsquo;Europe s&rsquo;en sort-elle ?<\/strong><\/p>\n<p>Selon les derni\u00e8res donn\u00e9es d&rsquo;<a href=\"https:\/\/ec.europa.eu\/eurostat\/databrowser\/view\/cei%5Fsrm030\/default\/table?lang=en\" target=\"_blank\" rel=\"noreferrer noopener\"><strong>Eurostat<\/strong><\/a>, l&rsquo;office statistique de l&rsquo;Union europ\u00e9enne, l&rsquo;Europe affichait en 2024 un taux de circularit\u00e9 d&rsquo;environ 12,2 %. Autrement dit, 12,2 % des mat\u00e9riaux utilis\u00e9s dans l&rsquo;ensemble du bloc provenaient de mat\u00e9riaux <a href=\"https:\/\/www.euronews.com\/green\/2025\/10\/23\/eu-produces-353kg-of-plastic-packaging-waste-per-person-each-year-which-country-recycles-t\" target=\"_blank\" rel=\"noopener\"><strong>recycl\u00e9s<\/strong><\/a>. \u00c0 titre de comparaison, selon le <a href=\"https:\/\/www.circularity-gap.world\/updates-collection\/global-circularity-rate-fell-to-6-9---despite-growing-recycling\" target=\"_blank\" rel=\"noreferrer noopener\"><strong>Circularity Gap Report<\/strong><\/a> publi\u00e9 plus t\u00f4t cette ann\u00e9e, le taux de circularit\u00e9 mondial est d&rsquo;environ 6,9 %.<\/p>\n<p>Le taux de circularit\u00e9 europ\u00e9en a augment\u00e9 de 0,1 point de pourcentage par rapport \u00e0 2023 et de 1,0 point par rapport \u00e0 2015. Il s&rsquo;agit du taux le plus \u00e9lev\u00e9 jamais enregistr\u00e9 \u00e0 ce jour.<\/p>\n<p>Certains mat\u00e9riaux ont \u00e9galement \u00e9t\u00e9 davantage <a href=\"https:\/\/www.euronews.com\/green\/2025\/04\/19\/nappies-smartphone-glass-and-cigarette-butts-are-piling-up-in-europe-how-can-we-recycle-th\" target=\"_blank\" rel=\"noopener\"><strong>recycl\u00e9s<\/strong><\/a> que d&rsquo;autres. Le taux de circularit\u00e9 \u00e9tait le plus \u00e9lev\u00e9 pour les <a href=\"https:\/\/www.euronews.com\/green\/2025\/05\/28\/trash-is-cash-urban-mining-for-strategic-metals-in-your-neighbourhood\" target=\"_blank\" rel=\"noopener\"><strong>minerais m\u00e9talliques<\/strong><\/a>, les min\u00e9raux non m\u00e9talliques et les mati\u00e8res \u00e9nerg\u00e9tiques fossiles.<\/p>\n<p>Si l&rsquo;Europe est en avance sur le reste du monde en mati\u00e8re de recyclage, l&rsquo;objectif, tel qu&rsquo;\u00e9nonc\u00e9 dans son plan d&rsquo;action pour l&rsquo;\u00e9conomie circulaire, est de doubler le taux pour atteindre 24 % d&rsquo;ici 2030.<\/p>\n<p><strong>Quels sont les pays les plus performants ?<\/strong><\/p>\n<p>D&rsquo;apr\u00e8s les donn\u00e9es, en 2024, les <a href=\"https:\/\/www.euronews.com\/green\/2024\/09\/06\/new-dutch-coalition-climate-plans-why-the-regions-are-fighting-to-keep-a-successful-rural-\" target=\"_blank\" rel=\"noopener\"><strong>Pays-Bas<\/strong><\/a> affichaient le taux de circularit\u00e9 le plus \u00e9lev\u00e9. Pr\u00e8s d&rsquo;un tiers (32,7 %) des mat\u00e9riaux provenaient de sources recycl\u00e9es. Le taux a augment\u00e9 dans le pays de 5,3 points de pourcentage depuis 2015. En 2015 comme en 2024, le pays affichait les taux les plus \u00e9lev\u00e9s de tous les pays de l&rsquo;UE.<\/p>\n<p>La Belgique et l&rsquo;Italie affichaient \u00e9galement des taux \u00e9lev\u00e9s, de 22,7 % et 21,3 % respectivement. Malgr\u00e9 la r\u00e9putation de l&rsquo;Allemagne de championne du recyclage, le pays affichait un taux de 15 %.<\/p>\n<p>Certains pays ont \u00e9galement intensifi\u00e9 leurs efforts de recyclage ces derni\u00e8res ann\u00e9es. Malte a enregistr\u00e9 la plus forte hausse depuis 2015, de 14 points de pourcentage. La Tch\u00e9quie et la <a href=\"https:\/\/www.euronews.com\/green\/2024\/03\/28\/slovakia-plans-to-be-coal-free-by-2024-6-years-earlier-than-originally-planned\" target=\"_blank\" rel=\"noopener\"><strong>Slovaquie<\/strong><\/a> ont aussi enregistr\u00e9 de fortes augmentations du taux de circularit\u00e9, de 7,9 et 7,2 points respectivement. Au total, le taux de circularit\u00e9 a augment\u00e9 dans 21 pays.<\/p>\n<p><strong>Quels sont les pays les moins performants ?<\/strong><\/p>\n<p>Certains <a href=\"https:\/\/www.euronews.com\/green\/2025\/10\/31\/greece-still-buries-nearly-80-of-its-waste-despite-billions-spent-and-bins-everywhere\" target=\"_blank\" rel=\"noopener\"><strong>pays<\/strong><\/a> recyclent encore tr\u00e8s peu de leurs mat\u00e9riaux. La Roumanie affichait le taux de circularit\u00e9 le plus faible, \u00e0 1,3 %. L&rsquo;Irlande, le Portugal et la <a href=\"https:\/\/www.euronews.com\/green\/2025\/03\/17\/in-finland-more-than-half-of-consumers-are-shopping-less-for-climate-reasons\" target=\"_blank\" rel=\"noopener\"><strong>Finlande<\/strong><\/a> pr\u00e9sentaient \u00e9galement de faibles taux.<\/p>\n<p>Le taux de <a href=\"https:\/\/www.euronews.com\/green\/2025\/07\/20\/diy-plastic-recycling-made-easy-how-a-global-community-is-fighting-plastic-pollution\" target=\"_blank\" rel=\"noopener\"><strong>recyclage<\/strong><\/a> de la Finlande a diminu\u00e9 de 3,2 points de pourcentage au cours des neuf derni\u00e8res ann\u00e9es. Celui de la Pologne a \u00e9galement recul\u00e9 de 4,2 points.<\/p>\n<p>\u00ab Les diff\u00e9rences de taux de circularit\u00e9 entre les pays de l&rsquo;UE d\u00e9pendent de l&rsquo;\u00e9quilibre entre les nouvelles ressources extraites de l&rsquo;environnement et celles r\u00e9inject\u00e9es dans l&rsquo;\u00e9conomie \u00bb, note le rapport.<\/p>\n","protected":false},"excerpt":{"rendered":"R\u00e9duire, r\u00e9utiliser, recycler. Ce mantra est souvent r\u00e9p\u00e9t\u00e9 pour encourager de bonnes pratiques de gestion des d\u00e9chets. Et&hellip;\n","protected":false},"author":2,"featured_media":552955,"comment_status":"","ping_status":"","sticky":false,"template":"","format":"standard","meta":{"footnotes":""},"categories":[1586],"tags":[11,828,1777,674,1011,27,12,934,1800,3887,25],"class_list":{"0":"post-552954","1":"post","2":"type-post","3":"status-publish","4":"format-standard","5":"has-post-thumbnail","7":"category-europe","8":"tag-actualites","9":"tag-belgique","10":"tag-eu","11":"tag-europe","12":"tag-fr","13":"tag-france","14":"tag-news","15":"tag-pays-bas","16":"tag-pollution","17":"tag-recyclage","18":"tag-republique-francaise"},"share_on_mastodon":{"url":"https:\/\/pubeurope.com\/@fr\/115597974315705152","error":""},"_links":{"self":[{"href":"https:\/\/www.europesays.com\/fr\/wp-json\/wp\/v2\/posts\/552954","targetHints":{"allow":["GET"]}}],"collection":[{"href":"https:\/\/www.europesays.com\/fr\/wp-json\/wp\/v2\/posts"}],"about":[{"href":"https:\/\/www.europesays.com\/fr\/wp-json\/wp\/v2\/types\/post"}],"author":[{"embeddable":true,"href":"https:\/\/www.europesays.com\/fr\/wp-json\/wp\/v2\/users\/2"}],"replies":[{"embeddable":true,"href":"https:\/\/www.europesays.com\/fr\/wp-json\/wp\/v2\/comments?post=552954"}],"version-history":[{"count":0,"href":"https:\/\/www.europesays.com\/fr\/wp-json\/wp\/v2\/posts\/552954\/revisions"}],"wp:featuredmedia":[{"embeddable":true,"href":"https:\/\/www.europesays.com\/fr\/wp-json\/wp\/v2\/media\/552955"}],"wp:attachment":[{"href":"https:\/\/www.europesays.com\/fr\/wp-json\/wp\/v2\/media?parent=552954"}],"wp:term":[{"taxonomy":"category","embeddable":true,"href":"https:\/\/www.europesays.com\/fr\/wp-json\/wp\/v2\/categories?post=552954"},{"taxonomy":"post_tag","embeddable":true,"href":"https:\/\/www.europesays.com\/fr\/wp-json\/wp\/v2\/tags?post=552954"}],"curies":[{"name":"wp","href":"https:\/\/api.w.org\/{rel}","templated":true}]}}