{"id":552959,"date":"2025-11-23T08:06:16","date_gmt":"2025-11-23T08:06:16","guid":{"rendered":"https:\/\/www.europesays.com\/fr\/552959\/"},"modified":"2025-11-23T08:06:16","modified_gmt":"2025-11-23T08:06:16","slug":"la-convention-citoyenne-sur-les-temps-de-lenfant-devoile-son-rapport","status":"publish","type":"post","link":"https:\/\/www.europesays.com\/fr\/552959\/","title":{"rendered":"la Convention citoyenne sur les temps de l\u2019enfant d\u00e9voile son rapport"},"content":{"rendered":"\n<p class=\"c-chapo \">\n  Les citoyens tir\u00e9s au sort pour participer \u00e0 cette convention votent leur rapport final, dimanche. Ils formulent plusieurs propositions pour mieux respecter les temps de l\u2019enfant.\n<\/p>\n<p>      lire plus tard<\/p>\n<p id=\"dialog__title\" class=\"dialog__title\">Pour sauvegarder cet article, connectez-vous ou cr\u00e9ez un compte franceinfo<\/p>\n<p class=\"dialog__description\">Sans paiement. Sans abonnement.<\/p>\n<p>        Fermer la fen\u00eatre d\u2019activation des notifications France Info<\/p>\n<p>      cr\u00e9er votre compte<\/p>\n<p>      se connecter<\/p>\n<p>        Fermer la fen\u00eatre de pr\u00e9sentation<\/p>\n<p>    <img loading=\"lazy\" decoding=\"async\" class=\"signature__image lazyload\" width=\"100\" height=\"100\" data- alt=\"\" src=\"https:\/\/www.europesays.com\/fr\/wp-content\/uploads\/2025\/05\/64a7df4c5fe71_placeholder-36b69ec8.png\"\/><\/p>\n<p>    Publi\u00e9 le 23\/11\/2025 06:13<\/p>\n<p>        Temps de lecture : 4min<\/p>\n<p>    <img decoding=\"async\"  alt=\"La parole des enfants et des adolescents a aussi \u00e9t\u00e9 \u00e9cout\u00e9e dans le cadre de cette convention. (Le Parisien \/ Arnaud Journois \/ MAXPPP)\" width=\"432\" height=\"243\" src=\"https:\/\/www.europesays.com\/fr\/wp-content\/uploads\/2025\/11\/maxnewsspecialtwo349849-692212afa3caa212702562.jpg\" fetchpriority=\"high\"\/><\/p>\n<p>      La parole des enfants et des adolescents a aussi \u00e9t\u00e9 \u00e9cout\u00e9e dans le cadre de cette convention. (Le Parisien \/ Arnaud Journois \/ MAXPPP)<\/p>\n<p>C\u2019est la fin de cinq mois de travail collectif. La <a href=\"https:\/\/www.franceinfo.fr\/societe\/education\/scolarite\/calendrier-des-vacances-scolaires\/calendrier-2025-2026-en-france-metropolitaine\/une-convention-citoyenne-sur-les-temps-de-l-enfant_7328265.html\" target=\"_self\" rel=\"noopener noreferrer nofollow\" data-tooltip-url=\"https:\/\/www.franceinfo.fr\/societe\/education\/scolarite\/calendrier-des-vacances-scolaires\/calendrier-2025-2026-en-france-metropolitaine\/une-convention-citoyenne-sur-les-temps-de-l-enfant_7328265.html\">Convention citoyenne sur les temps de l\u2019enfant<\/a> se cl\u00f4t, dimanche 23 novembre. Les 130 citoyens tir\u00e9s au sort votent, \u00e0 la mi-journ\u00e9e, leur rapport final. Il sera ensuite remis au chef de l\u2019Etat et au Premier ministre.<\/p>\n<p>\u00ab\u00a0Comment mieux structurer les diff\u00e9rents temps de la vie quotidienne des enfants afin qu&rsquo;ils soient plus favorables \u00e0 leurs apprentissages, \u00e0 leur d\u00e9veloppement et \u00e0 leur sant\u00e9 ?\u00a0\u00bb : des Fran\u00e7ais repr\u00e9sentatifs de notre soci\u00e9t\u00e9, se sont r\u00e9unis \u00e0 sept reprises, encadr\u00e9s par le Conseil \u00e9conomique social et environnemental, pour r\u00e9pondre \u00e0 cette question et ont aussi \u00e9cout\u00e9 un panel de vingt enfants et adolescents.<\/p>\n<p>Ces citoyens dressent d\u00e9j\u00e0 le constat qu\u2019aujourd\u2019hui l&rsquo;organisation des temps des enfants repose surtout sur les contraintes des adultes, celles de leur emploi, essentiellement, ou des transports. Elles ne prennent que partiellement en compte leurs besoins physiologiques. Des experts estiment que 20 \u00e0 30 % des jeunes souffrent d\u2019un manque chronique de sommeil.<\/p>\n<p>Les participants \u00e0 la Convention proposent de r\u00e9organiser la journ\u00e9e avec un d\u00e9but des cours retard\u00e9, \u00e0 partir de 9 heures seulement pour les coll\u00e9giens et lyc\u00e9ens. Selon eux, cela r\u00e9duirait la fatigue des adolescents et favoriserait les apprentissages. Des chercheurs ont montr\u00e9 que l\u2019attention et la concentration sont plus \u00e9lev\u00e9es \u00e0 partir de 9h30.<\/p>\n<p>Parmi les autres propositions, les citoyens souhaitent placer les enseignements th\u00e9oriques le matin pour que l&rsquo;apr\u00e8s-midi soit consacr\u00e9e aux activit\u00e9s pratiques comme le sport, les arts. Plus original, des ateliers de la vie courante sont propos\u00e9s comme du bricolage, de la cuisine, de la couture, du m\u00e9nage, de la plomberie ou encore de la gestion financi\u00e8re et m\u00eame de la pr\u00e9paration aux imp\u00f4ts. L\u2019id\u00e9e est de favoriser l\u2019\u00e9mancipation et de r\u00e9duire les in\u00e9galit\u00e9s entre les filles et les gar\u00e7ons en enseignant \u00e0 toutes et tous ces m\u00eames activit\u00e9s.<\/p>\n<p>Les devoirs devraient pouvoir se faire beaucoup plus \u00e0 l\u2019\u00e9cole, peut-on lire dans le rapport des participants \u00e0 la Convention. Cela \u00e9viterait d&rsquo;avoir cette charge, consid\u00e9r\u00e9e comme lourde, \u00e0 la maison. C&rsquo;est une source de fatigue, de tensions parfois et d\u2019in\u00e9galit\u00e9s selon les citoyens.<\/p>\n<p>Pour all\u00e9ger les journ\u00e9es scolaires, les citoyens imaginent, en contrepartie, une semaine d\u2019\u00e9cole \u00e0 cinq jours, du lundi au vendredi. Aujourd&rsquo;hui, les enfants n\u2019ont pas classe le mercredi dans 90 % des communes.<\/p>\n<p>L\u2019id\u00e9e serait de garder les vacances telles qu&rsquo;elles sont ou presque. Les citoyens aimeraient, par exemple, r\u00e9duire les zones de vacances, de trois actuellement \u00e0 deux. Cette organisation permettrait d\u2019avoir des p\u00e9riodes de cours plus \u00e9quilibr\u00e9es pour tous et plus respectueuses des rythmes biologiques. \u00c0 l&rsquo;heure actuelle, le nombre de semaines d&rsquo;\u00e9cole est diff\u00e9rent entre les petites vacances en fonction de la zone A, B, ou C. Par ailleurs, avoir seulement deux zones, cela permettrait aussi \u00e0 toutes les r\u00e9gions d\u2019avoir au moins une semaine en commun.<\/p>\n<p>Le rapport ne pr\u00e9conise pas de r\u00e9duire les vacances scolaires m\u00eame si certains citoyens d\u00e9fendaient cette orientation mais le sujet n\u2019a pas fait consensus.<\/p>\n<p>Pour que tous ces changements fonctionnent, il faut, selon eux, r\u00e9duire les effectifs dans les classes. Ils d\u00e9noncent, par ailleurs, les suppressions de postes d\u2019enseignants, envisag\u00e9es dans le budget 2026. Pour que les propositions portent leurs fruits, il faudrait aussi, selon les citoyens, repenser et all\u00e9ger les programmes scolaires, adapter les b\u00e2timents des \u00e9coles et enfin, valoriser les m\u00e9tiers de l\u2019\u00e9ducation.<\/p>\n","protected":false},"excerpt":{"rendered":"Les citoyens tir\u00e9s au sort pour participer \u00e0 cette convention votent leur rapport final, dimanche. Ils formulent plusieurs&hellip;\n","protected":false},"author":2,"featured_media":552960,"comment_status":"","ping_status":"","sticky":false,"template":"","format":"standard","meta":{"footnotes":""},"categories":[2],"tags":[11,1011,27,12,25],"class_list":{"0":"post-552959","1":"post","2":"type-post","3":"status-publish","4":"format-standard","5":"has-post-thumbnail","7":"category-actualites","8":"tag-actualites","9":"tag-fr","10":"tag-france","11":"tag-news","12":"tag-republique-francaise"},"share_on_mastodon":{"url":"https:\/\/pubeurope.com\/@fr\/115597986944694626","error":""},"_links":{"self":[{"href":"https:\/\/www.europesays.com\/fr\/wp-json\/wp\/v2\/posts\/552959","targetHints":{"allow":["GET"]}}],"collection":[{"href":"https:\/\/www.europesays.com\/fr\/wp-json\/wp\/v2\/posts"}],"about":[{"href":"https:\/\/www.europesays.com\/fr\/wp-json\/wp\/v2\/types\/post"}],"author":[{"embeddable":true,"href":"https:\/\/www.europesays.com\/fr\/wp-json\/wp\/v2\/users\/2"}],"replies":[{"embeddable":true,"href":"https:\/\/www.europesays.com\/fr\/wp-json\/wp\/v2\/comments?post=552959"}],"version-history":[{"count":0,"href":"https:\/\/www.europesays.com\/fr\/wp-json\/wp\/v2\/posts\/552959\/revisions"}],"wp:featuredmedia":[{"embeddable":true,"href":"https:\/\/www.europesays.com\/fr\/wp-json\/wp\/v2\/media\/552960"}],"wp:attachment":[{"href":"https:\/\/www.europesays.com\/fr\/wp-json\/wp\/v2\/media?parent=552959"}],"wp:term":[{"taxonomy":"category","embeddable":true,"href":"https:\/\/www.europesays.com\/fr\/wp-json\/wp\/v2\/categories?post=552959"},{"taxonomy":"post_tag","embeddable":true,"href":"https:\/\/www.europesays.com\/fr\/wp-json\/wp\/v2\/tags?post=552959"}],"curies":[{"name":"wp","href":"https:\/\/api.w.org\/{rel}","templated":true}]}}