{"id":552967,"date":"2025-11-23T08:15:21","date_gmt":"2025-11-23T08:15:21","guid":{"rendered":"https:\/\/www.europesays.com\/fr\/552967\/"},"modified":"2025-11-23T08:15:21","modified_gmt":"2025-11-23T08:15:21","slug":"maxime-rey-28-ans-raconte-son-tour-du-monde-de-57-000-km-a-travers-52-pays","status":"publish","type":"post","link":"https:\/\/www.europesays.com\/fr\/552967\/","title":{"rendered":"Maxime Rey, 28 ans, raconte son tour du monde de 57 000 km \u00e0 travers 52 pays"},"content":{"rendered":"<p class=\"article__intro\">En trois ans, Maxime Rey a travers\u00e9 52 pays et quatre continents \u00e0 la force des jambes. Le jeune Audois est rentr\u00e9 chez lui apr\u00e8s un tour du monde \u00e0 v\u00e9lo de 57 000 km. Il en a tir\u00e9 un film et pr\u00e9pare d\u00e9j\u00e0 la suite.<\/p>\n<p>\n      L\u2019actu des r\u00e9gions\n    <\/p>\n<p>\n      Chaque jour, un tour d\u2019horizon des principales infos de toutes les r\u00e9gions.\n    <\/p>\n<p>    France T\u00e9l\u00e9visions utilise votre adresse e-mail afin de vous envoyer la newsletter \u00ab\u00a0L\u2019actu des r\u00e9gions\u00a0\u00bb. Vous pouvez vous d\u00e9sinscrire \u00e0 tout moment via le lien en bas de cette newsletter. <a target=\"_blank\" href=\"https:\/\/www.francetelevisions.fr\/groupe\/confidentialite\/politique-de-confidentialite\/politique-de-confidentialite-de-france-televisions-6503\" rel=\"nofollow noopener\">Notre politique de confidentialit\u00e9<\/a><\/p>\n<p>Quand il aper\u00e7oit la Cit\u00e9 de Carcassonne, Maxime Rey sourit. Il n&rsquo;avait plus revu l&rsquo;Aude depuis trois ans. Trois ans pass\u00e9s \u00e0 avancer, kilom\u00e8tres apr\u00e8s kilom\u00e8tre, pour traverser plaines, d\u00e9serts, for\u00eats et montagnes. \u00c0 28 ans \u00e0 peine, ce cyclo-voyageur s\u2019est offert un tour du monde presque initiatique, parti de chez lui, dans l&rsquo;Aude, sans entra\u00eenement et \u00e0 peine deux semaines apr\u00e8s avoir re\u00e7u son v\u00e9lo. Il a film\u00e9 ce p\u00e9riple extraordinaire et racont\u00e9 son aventure \u00e0 Chlo\u00e9 Fabre et Fr\u00e9d\u00e9ric Guibal de France 3 Occitanie.<\/p>\n<p>    dur\u00e9e de la vid\u00e9o : 00h03mn00s<\/p>\n<p>        <img decoding=\"async\" width=\"640\" height=\"426\" class=\"article-image not-lazy\" src=\"https:\/\/www.europesays.com\/fr\/wp-content\/uploads\/2025\/11\/b4643f78-22c8-4445-bfa7-3a18f8451c16.jpg\" alt=\"\" fetchpriority=\"high\"\/><\/p>\n<p>              Voir la video\u00a0(3 minutes).\u00a0<br \/>\n                  3 min<\/p>\n<p>\n          Maxime Rey raconte son tour du monde \u00e0 v\u00e9lo dans un film.<\/p>\n<p>        \u2022<\/p>\n<p>              \u00a9Chlo\u00e9 Fabre \/ Fr\u00e9d\u00e9ric Guibal \/ France 3 Occitanie\n      <\/p>\n<p>Quand il quitte l\u2019Aude, Maxime Rey n\u2019a pas de plan pr\u00e9cis. Il vise l\u2019Est. La route de la soie le conduit jusqu\u2019aux d\u00e9serts du Kazakhstan, puis aux reliefs spectaculaires du Vietnam. Il affronte le froid d\u2019Alaska, longe des for\u00eats r\u00e9put\u00e9es pour leurs ours, avant de filer vers l\u2019Afrique et le d\u00e9sert du Namib pour boucler son p\u00e9riple.<\/p>\n<p>Au total\u00a0: 52 pays travers\u00e9s et 57 000 kilom\u00e8tres au compteur. Le jeune homme raconte : \u00ab\u00a0L\u2019id\u00e9e en partant c\u2019\u00e9tait d\u00e9couvrir le monde \u00e0 la force de ses jambes, voir ce qui se fait ailleurs, d\u00e9couvrir les cultures, les paysages. Et avoir l\u2019opportunit\u00e9 de les d\u00e9couvrir \u00e0 v\u00e9lo, c\u2019\u00e9tait une valeur qui d\u00e9cuplait les sentiments une fois sur place. De pouvoir d\u00e9couvrir des lieux magiques et y \u00eatre arriv\u00e9 \u00e0 v\u00e9lo, moi \u00e7a m\u2019a rempli de bonheur.\u00a0\u00bb<\/p>\n<p><a data-article-figure=\"\" href=\"https:\/\/france3-regions.franceinfo.fr\/image\/wh4VK5plvxCHaWQG5DuXPg3Ivn0\/1920x1080\/regions\/2025\/11\/20\/1000s-portrait-globe-trotter-tour-du-monde-velo-00-01-08-18-691eee6468cf3371430025.jpg\" data-pswp-width=\"1920\" data-pswp-height=\"1080\" target=\"_blank\" rel=\"nofollow noopener\"><\/p>\n<p>          <img width=\"600\" height=\"400\" class=\"article-image lazy\" data-src=\"https:\/\/www.europesays.com\/fr\/wp-content\/uploads\/2025\/11\/1000s-portrait-globe-trotter-tour-du-monde-velo-00-01-08-18-691eee6468cf3371430025.jpg\" alt=\"Encore \u00e9merveill\u00e9, Maxime explique que d\u00e9couvrir d\u2019autres cultures et paysages, surtout \u00e0 v\u00e9lo, d\u00e9cuplait ses \u00e9motions.\" fetchpriority=\"high\" as=\"image\"\/><\/p>\n<p>\n            Encore \u00e9merveill\u00e9, Maxime explique que d\u00e9couvrir d\u2019autres cultures et paysages, surtout \u00e0 v\u00e9lo, d\u00e9cuplait ses \u00e9motions.<br \/>\n                           \u2022<br \/>\n                                      \u00a9 Chlo\u00e9 Fabre \/ Fr\u00e9d\u00e9ric Guibal \/ France 3 Occitanie\n                      <\/p>\n<p><\/a><\/p>\n<p>Maxime documente tout sur les r\u00e9seaux sociaux. Le retour, en juin 2024, marque ses abonn\u00e9s autant que ses proches. Face \u00e0 la silhouette de Carcassonne, il s\u2019exclame : \u00ab\u00a0Le plus beau des ch\u00e2teaux ! \u00c7a fait plaisir, elle n\u2019a pas boug\u00e9, elle est toujours aussi belle.\u00a0\u00bb<\/p>\n<p>Chez lui, il feuillette ses images avec sa m\u00e8re et sa s\u0153ur. Les discussions replongent tout le monde dans l\u2019univers du voyage : \u00ab\u00a0Tu me dis stop ? \u2013 Stop \u2013 L\u00e0, t\u2019as plusieurs choix, \u00c9quateur\u2026 l\u00e0 c\u2019est Am\u00e9rique centrale\u2026\u00a0\u00bb<\/p>\n<p>Pour sa m\u00e8re, cette aventure fut intense, m\u00eame \u00e0 distance : \u00ab\u00a0Toute la bienveillance qu\u2019il y a autour, le contact avec les gens qui l\u2019ont suivi, qui l\u2019ont accueilli, qui parlent de lui, c\u2019est ce bonheur\u2026 Moi je suis heureuse d\u2019avoir un fils heureux de ce qu\u2019il a fait et ce qu\u2019il a procur\u00e9 aux gens.\u00a0\u00bb<\/p>\n<p>Sa s\u0153ur Augustine ajoute : \u00ab\u00a0Je suis tr\u00e8s fi\u00e8re. Au final, Maxime est assez discret et pudique et finalement on se rend compte aujourd\u2019hui de son aventure, par son film et par sa sensibilit\u00e9 parce qu\u2019il n\u2019en parle pas.\u00a0\u00bb<\/p>\n<p><a data-article-figure=\"\" href=\"https:\/\/france3-regions.franceinfo.fr\/image\/yg8v0h2RVSrE44MNMOcHlZ7MD_I\/1920x1080\/regions\/2025\/11\/20\/1000s-portrait-globe-trotter-tour-du-monde-velo-00-01-56-16-691eef955eb48986942654.jpg\" data-pswp-width=\"1920\" data-pswp-height=\"1080\" target=\"_blank\" rel=\"nofollow noopener\"><\/p>\n<p>          <img width=\"600\" height=\"400\" class=\"article-image lazy\" data-src=\"https:\/\/www.europesays.com\/fr\/wp-content\/uploads\/2025\/11\/1000s-portrait-globe-trotter-tour-du-monde-velo-00-01-56-16-691eef955eb48986942654.jpg\" alt=\"Maxime Rey a parcouru 57 000 km \u00e0 v\u00e9lo \u00e0 travers 52 pays en 3 ans.\" fetchpriority=\"high\" as=\"image\"\/><\/p>\n<p>\n            Maxime Rey a parcouru 57 000 km \u00e0 v\u00e9lo \u00e0 travers 52 pays en 3 ans.<br \/>\n                           \u2022<br \/>\n                                      \u00a9 Chlo\u00e9 Fabre \/ Fr\u00e9d\u00e9ric Guibal \/ France 3 Occitanie\n                      <\/p>\n<p><\/a><\/p>\n<p>Son compagnon d\u2019aventure, un v\u00e9lo de 45 kilos qu\u2019il a surnomm\u00e9 \u00ab\u00a0son fr\u00e8re\u00a0\u00bb, tr\u00f4ne toujours dans son garage. Maxime continue de le sortir malgr\u00e9 sa pr\u00e9f\u00e9rence actuelle pour un Gravel plus l\u00e9ger. Sa passion reste intacte : \u00ab\u00a0Ce voyage \u00e0 v\u00e9lo \u00e7a a \u00e9t\u00e9 une drogue et jamais je ne me s\u00e9parerai de ce v\u00e9lo. Continuer \u00e0 p\u00e9daler, c\u2019est bon pour le corps, bon pour l\u2019esprit et \u00e7a permet de s\u2019\u00e9vader au quotidien.\u00a0\u00bb<\/p>\n<p>Ces trois ans de route ne s\u2019arr\u00eatent pas brutalement au retour \u00e0 la maison. Maxime a r\u00e9alis\u00e9 un film pour raconter son p\u00e9riple. Et il se murmure d\u00e9j\u00e0 qu\u2019un livre serait en pr\u00e9paration. L\u2019aventure continue, simplement sous une autre forme.<\/p>\n","protected":false},"excerpt":{"rendered":"En trois ans, Maxime Rey a travers\u00e9 52 pays et quatre continents \u00e0 la force des jambes. Le&hellip;\n","protected":false},"author":2,"featured_media":552968,"comment_status":"","ping_status":"","sticky":false,"template":"","format":"standard","meta":{"footnotes":""},"categories":[1411],"tags":[1154,207,1011,27,60],"class_list":{"0":"post-552967","1":"post","2":"type-post","3":"status-publish","4":"format-standard","5":"has-post-thumbnail","7":"category-cyclisme","8":"tag-cycling","9":"tag-cyclisme","10":"tag-fr","11":"tag-france","12":"tag-sports"},"share_on_mastodon":{"url":"https:\/\/pubeurope.com\/@fr\/115598022384568556","error":""},"_links":{"self":[{"href":"https:\/\/www.europesays.com\/fr\/wp-json\/wp\/v2\/posts\/552967","targetHints":{"allow":["GET"]}}],"collection":[{"href":"https:\/\/www.europesays.com\/fr\/wp-json\/wp\/v2\/posts"}],"about":[{"href":"https:\/\/www.europesays.com\/fr\/wp-json\/wp\/v2\/types\/post"}],"author":[{"embeddable":true,"href":"https:\/\/www.europesays.com\/fr\/wp-json\/wp\/v2\/users\/2"}],"replies":[{"embeddable":true,"href":"https:\/\/www.europesays.com\/fr\/wp-json\/wp\/v2\/comments?post=552967"}],"version-history":[{"count":0,"href":"https:\/\/www.europesays.com\/fr\/wp-json\/wp\/v2\/posts\/552967\/revisions"}],"wp:featuredmedia":[{"embeddable":true,"href":"https:\/\/www.europesays.com\/fr\/wp-json\/wp\/v2\/media\/552968"}],"wp:attachment":[{"href":"https:\/\/www.europesays.com\/fr\/wp-json\/wp\/v2\/media?parent=552967"}],"wp:term":[{"taxonomy":"category","embeddable":true,"href":"https:\/\/www.europesays.com\/fr\/wp-json\/wp\/v2\/categories?post=552967"},{"taxonomy":"post_tag","embeddable":true,"href":"https:\/\/www.europesays.com\/fr\/wp-json\/wp\/v2\/tags?post=552967"}],"curies":[{"name":"wp","href":"https:\/\/api.w.org\/{rel}","templated":true}]}}