{"id":552975,"date":"2025-11-23T08:20:18","date_gmt":"2025-11-23T08:20:18","guid":{"rendered":"https:\/\/www.europesays.com\/fr\/552975\/"},"modified":"2025-11-23T08:20:18","modified_gmt":"2025-11-23T08:20:18","slug":"sur-le-tournage-de-camera-cafe-en-belgique","status":"publish","type":"post","link":"https:\/\/www.europesays.com\/fr\/552975\/","title":{"rendered":"sur le tournage de Cam\u00e9ra Caf\u00e9 en Belgique"},"content":{"rendered":"<p>\n    <strong>NOUS Y \u00c9TIONS &#8211; <\/strong>Bruno Solo et Yvan Le\u00a0Bolloc\u2019h, accompagn\u00e9s de leurs acolytes, ont tourn\u00e9 une nouvelle fiction en deux \u00e9pisodes pour M6, inspir\u00e9e de leur c\u00e9l\u00e8bre s\u00e9rie.<\/p>\n<p class=\"fig-paragraph\">En ce mercredi d\u2019octobre, le froid et le brouillard ont envahi le cimeti\u00e8re de Li\u00e8ge en Belgique, o\u00f9 se tourne le prochain prime time de\u00a0<a href=\"https:\/\/www.lefigaro.fr\/tag\/camera-cafe\" target=\"_blank\" rel=\"noopener\" data-gtm-custom-categorie=\"navigation\" data-gtm-custom-action=\"crossclick\" data-gtm-custom-label=\"Contextuel\" data-gtm-event=\"customEventSPE\"><strong>Cam\u00e9ra caf\u00e9<\/strong> <\/a>. Un \u00ab\u00a0action\u00a0!\u00a0\u00bb dynamique vient troubler le calme du lieu.\u00a0<a href=\"https:\/\/www.lefigaro.fr\/tag\/bruno-solo\" target=\"_blank\" rel=\"noopener\" data-gtm-custom-categorie=\"navigation\" data-gtm-custom-action=\"crossclick\" data-gtm-custom-label=\"Contextuel\" data-gtm-event=\"customEventSPE\">Bruno Solo<\/a>,\u00a0<a href=\"https:\/\/www.lefigaro.fr\/tag\/yvan-le-bolloc-h\" target=\"_blank\" rel=\"noopener\" data-gtm-custom-categorie=\"navigation\" data-gtm-custom-action=\"crossclick\" data-gtm-custom-label=\"Contextuel\" data-gtm-event=\"customEventSPE\">Yvan Le Bolloc\u2019h<\/a>\u00a0et\u00a0<a href=\"https:\/\/www.lefigaro.fr\/tag\/jeanne-savary\" target=\"_blank\" rel=\"noopener\" data-gtm-custom-categorie=\"navigation\" data-gtm-custom-action=\"crossclick\" data-gtm-custom-label=\"Contextuel\" data-gtm-event=\"customEventSPE\">Jeanne Savary<\/a>\u00a0avancent alors d\u2019un pas lent, cercueil sur l\u2019\u00e9paule et sourires en berne. \u00ab\u00a0Coupez\u00a0! Tr\u00e8s bien celle-l\u00e0, c\u2019est la meilleure\u00a0!\u00a0\u00bb, s\u2019enthousiasme Rapha\u00ebl Lenglet, r\u00e9alisateur de ce double \u00e9pisode (2 x 45\u00a0min) in\u00e9dit.<\/p>\n<p class=\"fig-paragraph\">Une fois la sc\u00e8ne termin\u00e9e, les rires fusent et tout le monde se pr\u00e9cipite vers le retour \u00e9cran afin de d\u00e9couvrir le rendu. \u00ab\u00a0Le rythme est bon\u00a0\u00bb, acquiesce Bruno Solo affubl\u00e9 d\u2019une veste floqu\u00e9e Oobsek, entreprise de pompes fun\u00e8bres version Uber. Son personnage, le mythique Herv\u00e9 Dumont, y\u00a0travaille avec son comp\u00e8re Jean-Claude Convenant\u2026 faute de mieux.<\/p>\n<p class=\"fig-body-link\">\n            \u00c0 lire aussi<br \/>\n        <a class=\"fig-body-link__link\" href=\"http:\/\/tvmag.lefigaro.fr\/programme-tv\/actu-tele\/j-ai-souffert-d-une-chose-bruno-solo-se-confie-sur-son-image-d-acteur-populaire-20251004\" target=\"_blank\" data-fig-type=\"Article\" rel=\"noopener\" data-gtm-custom-categorie=\"navigation\" data-gtm-custom-action=\"crossclick\" data-gtm-custom-label=\"Contextuel\" data-gtm-event=\"customEventSPE\" data-fig-domain=\"TVMAG\"><\/p>\n<p>        \u00abJ\u2019ai souffert d\u2019une chose\u00bb\u00a0: Bruno Solo se confie sur son image d\u2019acteur populaire<br \/>\n    <\/a>\n<\/p>\n<p>                                    <a class=\"fig-a11y-skip a11y-hidden\" href=\"#fig-a11y-skip-main-inarticle\"><br \/>\n        Passer la publicit\u00e9<br \/>\n    <\/a><\/p>\n<p class=\"fig-paragraph\">\u00ab\u00a0Ils ont 62\u00a0ans et se sont fait virer de leur dernier boulot. Ils n\u2019ont pas suffisamment de trimestres et essayent de trouver du travail. Comme ils sont incapables, escrocs et filous, ils se font virer sans arr\u00eat et les postes sont de moins en moins gratifiants\u00a0\u00bb, explique le com\u00e9dien pour retracer le sc\u00e9nario \u00e9crit, comme toujours, par les fr\u00e8res Apergis et Fred Le Bolloc\u2019h, avant de prendre une photo du d\u00e9cor. \u00ab\u00a0On se croirait dans un film de Terence Fisher\u2026\u00a0\u00bb, lance-t-il.<\/p>\n<p class=\"fig-paragraph\">\u00c0 ses c\u00f4t\u00e9s, Yvan Le\u00a0Bolloc\u2019h, droit comme un i dans son costume, lisse son brushing. Dans l\u2019\u00e9pisode, son personnage trouve l\u2019amour et prend donc d\u00e9sormais particuli\u00e8rement soin de lui. \u00ab\u00a0\u00c7a l\u2019am\u00e8ne \u00e0 d\u00e9couvrir de nouveaux horizons, donc c\u2019est int\u00e9ressant car cela permet d\u2019apporter des nuances\u00a0\u00bb, explique l\u2019int\u00e9ress\u00e9.<\/p>\n<p>Libre cours \u00e0 l\u2019improvisation<\/p>\n<p class=\"fig-paragraph\">Dans leur chemin escarp\u00e9 vers la retraite, Herv\u00e9 et Jean-Claude croisent certains de leurs anciens coll\u00e8gues \u00e0 l\u2019instar de Ma\u00e9va (Armelle), Philippe (Alain Bouzigues), Nancy (Shirley Bousquet) ou encore Jeanne, incarn\u00e9e par Jeanne Savary. Assise sur une tombe et coiff\u00e9e d\u2019un chapeau \u00e0 voilette, cette derni\u00e8re r\u00e9p\u00e8te son texte avec ses partenaires. Leur complicit\u00e9 saute aux yeux. \u00ab\u00a0On a beaucoup boss\u00e9 ensemble et il y a une esp\u00e8ce d\u2019alchimie entre nous. Et puis, ils me font rire. La libert\u00e9 que nous avions pendant les tournages me manque. On travaillait dur mais on avait le d\u00e9sir de prendre du plaisir et de s\u2019amuser\u00a0\u00bb, nous confie-t-elle entre deux prises.<\/p>\n<p class=\"fig-body-link\">\n            \u00c0 lire aussi<br \/>\n        <a class=\"fig-body-link__link\" href=\"http:\/\/tvmag.lefigaro.fr\/programme-tv\/series\/camera-cafe-la-serie-bientot-de-retour-sur-m6-avec-une-soiree-inedite-20250923\" target=\"_blank\" data-fig-type=\"Article\" rel=\"noopener\" data-gtm-custom-categorie=\"navigation\" data-gtm-custom-action=\"crossclick\" data-gtm-custom-label=\"Contextuel\" data-gtm-event=\"customEventSPE\" data-fig-domain=\"TVMAG\"><\/p>\n<p>        Cam\u00e9ra Caf\u00e9\u00a0: la s\u00e9rie bient\u00f4t de retour sur M6 avec une soir\u00e9e in\u00e9dite<br \/>\n    <\/a>\n<\/p>\n<p class=\"fig-paragraph\">Alors qu\u2019elle fond en larmes pour les besoins d\u2019une sc\u00e8ne, Rapha\u00ebl Lenglet lui sugg\u00e8re une id\u00e9e. \u00ab\u00a0Tu devrais te moucher dans la voilette\u00a0\u00bb, conseille le h\u00e9ros de Candice Renoir et r\u00e9alisateur de En famille. Une fois n\u2019est pas coutume, Bruno Solo lui a confi\u00e9 son \u00ab\u00a0b\u00e9b\u00e9\u00a0\u00bb, faute de temps mais en connaissance de cause. \u00ab\u00a0Je suis un r\u00e9alisateur assez classique. J\u2019ai des id\u00e9es mais je mets surtout en sc\u00e8ne. Rapha\u00ebl, lui, a des trouvailles originales, des plans burlesques dans un esprit bande dessin\u00e9e. Pour moi, \u00e7a devait \u00eatre lui et personne d\u2019autre\u00a0\u00bb, analyse Solo.<\/p>\n<p class=\"fig-paragraph\">Il faut dire que Rapha\u00ebl Lenglet a une histoire particuli\u00e8re avec Cam\u00e9ra Caf\u00e9. \u00ab\u00a0Quand j\u2019avais 22\u00a0ans, j\u2019avais envoy\u00e9 deux sketchs spontan\u00e9ment qui ont \u00e9t\u00e9 retenus. J\u2019ai donc d\u00e9but\u00e9 comme sc\u00e9nariste avant de d\u00e9crocher un r\u00f4le. C\u2019est joli de boucler la boucle 25\u00a0ans plus tard\u2026\u00a0\u00bb, admet celui qui, pendant le mois de tournage en Belgique a laiss\u00e9 libre cours \u00e0 l\u2019improvisation des com\u00e9diens.<\/p>\n<p>                                    <a class=\"fig-a11y-skip a11y-hidden\" href=\"#fig-a11y-skip-main-inarticle_mtf\"><br \/>\n        Passer la publicit\u00e9<br \/>\n    <\/a><\/p>\n<p class=\"fig-paragraph\">Un opus particuli\u00e8rement r\u00e9ussi, selon Bruno Solo. \u00ab\u00a0On tient peut-\u00eatre le meilleur film de la s\u00e9rie sur les quatre d\u00e9j\u00e0 sortis, le plus f\u00e9roce aussi\u00a0\u00bb, note celui qui a choisi de parler des retraites, de l\u2019emploi et de l\u2019actualit\u00e9 en caricaturant le monde du travail avec des outrances. Comme toujours. \u00ab\u00a0L\u2019humour f\u00e9roce et la com\u00e9die sociale font partie de notre ADN\u00a0\u00bb, conclut Yvan Le\u00a0Bolloc\u2019h.<\/p>\n","protected":false},"excerpt":{"rendered":"NOUS Y \u00c9TIONS &#8211; Bruno Solo et Yvan Le\u00a0Bolloc\u2019h, accompagn\u00e9s de leurs acolytes, ont tourn\u00e9 une nouvelle fiction&hellip;\n","protected":false},"author":2,"featured_media":552976,"comment_status":"","ping_status":"","sticky":false,"template":"","format":"standard","meta":{"footnotes":""},"categories":[1356],"tags":[43485,58,59,1011,27,494,252,1364],"class_list":{"0":"post-552975","1":"post","2":"type-post","3":"status-publish","4":"format-standard","5":"has-post-thumbnail","7":"category-television","8":"tag-bruno-solo","9":"tag-divertissement","10":"tag-entertainment","11":"tag-fr","12":"tag-france","13":"tag-m6","14":"tag-television","15":"tag-tv"},"share_on_mastodon":{"url":"https:\/\/pubeurope.com\/@fr\/115598041058919367","error":""},"_links":{"self":[{"href":"https:\/\/www.europesays.com\/fr\/wp-json\/wp\/v2\/posts\/552975","targetHints":{"allow":["GET"]}}],"collection":[{"href":"https:\/\/www.europesays.com\/fr\/wp-json\/wp\/v2\/posts"}],"about":[{"href":"https:\/\/www.europesays.com\/fr\/wp-json\/wp\/v2\/types\/post"}],"author":[{"embeddable":true,"href":"https:\/\/www.europesays.com\/fr\/wp-json\/wp\/v2\/users\/2"}],"replies":[{"embeddable":true,"href":"https:\/\/www.europesays.com\/fr\/wp-json\/wp\/v2\/comments?post=552975"}],"version-history":[{"count":0,"href":"https:\/\/www.europesays.com\/fr\/wp-json\/wp\/v2\/posts\/552975\/revisions"}],"wp:featuredmedia":[{"embeddable":true,"href":"https:\/\/www.europesays.com\/fr\/wp-json\/wp\/v2\/media\/552976"}],"wp:attachment":[{"href":"https:\/\/www.europesays.com\/fr\/wp-json\/wp\/v2\/media?parent=552975"}],"wp:term":[{"taxonomy":"category","embeddable":true,"href":"https:\/\/www.europesays.com\/fr\/wp-json\/wp\/v2\/categories?post=552975"},{"taxonomy":"post_tag","embeddable":true,"href":"https:\/\/www.europesays.com\/fr\/wp-json\/wp\/v2\/tags?post=552975"}],"curies":[{"name":"wp","href":"https:\/\/api.w.org\/{rel}","templated":true}]}}