{"id":552979,"date":"2025-11-23T08:22:14","date_gmt":"2025-11-23T08:22:14","guid":{"rendered":"https:\/\/www.europesays.com\/fr\/552979\/"},"modified":"2025-11-23T08:22:14","modified_gmt":"2025-11-23T08:22:14","slug":"musiques-rearrangees-images-generees-par-ia-et-spectateurs-decus-pourquoi-les-concerts-le-seigneur-des-anneaux-creent-la-polemique","status":"publish","type":"post","link":"https:\/\/www.europesays.com\/fr\/552979\/","title":{"rendered":"Musiques r\u00e9arrang\u00e9es, images g\u00e9n\u00e9r\u00e9es par IA et spectateurs d\u00e9\u00e7us : pourquoi les concerts \u00ab\u00a0Le Seigneur des Anneaux\u00a0\u00bb cr\u00e9ent la pol\u00e9mique"},"content":{"rendered":"<p>\n                                                                    l&rsquo;essentiel<br \/>\n                                                                Le concert \u00ab\u00a0Le Seigneur des Anneaux\u00a0&amp; Le Hobbit\u00a0\u00bb, programm\u00e9 le week-end dernier \u00e0 Altigone, suscite la controverse. Les spectateurs sont d\u00e9\u00e7us par des performances jug\u00e9es m\u00e9diocres. Malgr\u00e9 les critiques, la tourn\u00e9e se poursuit en France jusqu\u2019en 2026.\n                            <\/p>\n<p>La salle \u00e9tait comble, le 15\u00a0novembre, lors du concert \u00ab\u00a0Le Seigneur des Anneaux\u00a0&amp; Le Hobbit\u00a0\u00bb, \u00e0 Altigone Saint-Orens-de-Gameville. Plus de 500 fans de l\u2019univers de J.R.R. Tolkien avaient fait le d\u00e9placement, pour revivre les \u00e9motions de l\u2019\u00e9pop\u00e9e fantasy mondialement connue, pour \u00e9couter des extraits des bandes originales d\u2019Howard Shore en live, interpr\u00e9t\u00e9s par \u00ab\u00a0l\u2019Orchestre et les ch\u0153urs de la Comt\u00e9\u00a0\u00bb. Le show promettait \u00ab\u00a0des sons mena\u00e7ants de Mordor, l\u2019attaque stridente des cavaliers noirs ainsi que les belles m\u00e9lodies lyriques des elfes\u00a0\u00bb, le tout accompagn\u00e9 d\u2019images projet\u00e9es sur un \u00e9cran g\u00e9ant. Avec m\u00eame, en prime, la pr\u00e9sence d\u2019un invit\u00e9 sp\u00e9cial, \u00ab\u00a0vedette des films\u00a0\u00bb. Le tout \u00e0 des tarifs allant de 39 \u00e0 79\u00a0\u20ac, qui ne sont pas \u00e0 la port\u00e9e de toutes les bourses.<\/p>\n<p class=\"std-elt__inline\">\n        <strong>\u00c0 lire aussi :<\/strong><br \/>\n        <a href=\"https:\/\/www.ladepeche.fr\/2025\/11\/21\/don-giovanni-le-chef-doeuvre-de-mozart-servi-par-un-casting-vocal-puissant-a-guichets-fermes-au-capitole-13064523.php\" target=\"_blank\" rel=\"noopener\">Don Giovanni\u00a0: le chef-d\u2019\u0153uvre de Mozart servi par un casting vocal puissant, \u00e0 guichets ferm\u00e9s au Capitole<\/a>\n    <\/p>\n<p>Robin et ses parents en tr\u00e9pignaient de joie. Mais \u00e0 l\u2019arriv\u00e9e, quelle d\u00e9sillusion\u00a0! Le show ne correspondait pas du tout \u00e0 ce qu\u2019ils attendaient. \u00ab\u00a0On pensait avoir pris des places pour un cin\u00e9-concert avec les musiques officielles de la saga, illustr\u00e9es par des sc\u00e8nes originales des films, confie-t-il.\u00a0En r\u00e9alit\u00e9, nous n\u2019avons eu droit qu\u2019\u00e0 des morceaux r\u00e9arrang\u00e9s du &lsquo;Seigneur des Anneaux&rsquo; et du\u00a0&lsquo;Hobbit&rsquo;, interpr\u00e9t\u00e9s par un orchestre \u00e0 taille r\u00e9duite, qui manquait de puissance. Et en guise d\u2019illustration, seules des s\u00e9quences vid\u00e9os g\u00e9n\u00e9r\u00e9es maladroitement par l\u2019intelligence artificielle \u00e9taient propos\u00e9es.\u00a0\u00bb<\/p>\n<p>Une cinquantaine de dates programm\u00e9es<\/p>\n<p>Quant \u00e0 la \u00ab\u00a0star\u00a0\u00bb annonc\u00e9e, nulle trace de Frodon, Gandalf ou Aragorn\u2026 \u00ab\u00a0Les publicit\u00e9s sur les r\u00e9seaux sociaux nous avaient vendu la pr\u00e9sence de Billy Boyd, l\u2019acteur qui interpr\u00e8te Peregrin Touque, poursuit Robin. Ce fut un autre acteur, mineur, qui est venu animer le show\u00a0: il s\u2019agissait d\u2019Adam Brown, qui interpr\u00e8te le nain Ori dans Le Hobbit. Apr\u00e8s discussion avec d\u2019autres spectateurs, nous avons \u00e9t\u00e9 pour la plupart tr\u00e8s d\u00e9\u00e7us\u00a0\u00bb. On est loin d\u2019un v\u00e9ritable voyage musical \u00e0 travers la Terre du Milieu\u2026<\/p>\n<p>Cette soir\u00e9e s\u2019inscrivait dans le cadre d\u2019une\u00a0tourn\u00e9e\u00a0intensive en France, qui\u00a0remplit sans difficult\u00e9s les salles\u00a0: une cinquantaine de dates sont programm\u00e9es jusqu\u2019\u00e0 la fin 2026. Parmi elles, des villes de la r\u00e9gion Occitanie \u2013 Rodez, Lourdes, Agen \u2013 et un nouveau passage en Haute-Garonne pr\u00e9vu le 3\u00a0novembre, \u00e0 <a href=\"https:\/\/31.agendaculturel.fr\/concert\/muret\/le-seigneur-des-anneaux-le-hobbit-en-concert.html\" target=\"_blank\" rel=\"noopener\">la salle Horizon Pyr\u00e9n\u00e9es, \u00e0 Muret<\/a>.<\/p>\n<p>Aux Etats-Unis, la pol\u00e9mique avait enfl\u00e9 en 2023 lorsque le compositeur canadien Howard Shore, r\u00e9compens\u00e9 par deux Oscars de la meilleure musique de film pour \u00ab\u00a0Le Seigneur des Anneaux\u00a0\u00bb, avait alert\u00e9 ses fans\u00a0<a href=\"https:\/\/howardshore.com\/notice-unofficial-concerts\/\" target=\"_blank\" rel=\"noopener\">sur son site internet<\/a>, en pr\u00e9cisant que ces concerts \u00ab\u00a0non officiels\u00a0\u00bb, organis\u00e9s par la soci\u00e9t\u00e9 Star Entertainment, n\u2019avaient \u00ab\u00a0aucun lien\u00a0\u00bb avec lui. La musique qui y est jou\u00e9e \u00e9tait selon lui \u00ab\u00a0constitu\u00e9e d\u2019arrangements pirat\u00e9s et non autoris\u00e9s, tr\u00e8s loin du niveau de qualit\u00e9 exig\u00e9 par Howard Shore\u00a0\u00bb. \u00ab\u00a0Les admirateurs du &lsquo;Seigneur des Anneaux&rsquo; et du &lsquo;Hobbit&rsquo; m\u00e9ritent mieux que ces productions de qualit\u00e9 m\u00e9diocre\u00a0\u00bb, ajoute-t-il.<\/p>\n<p><a href=\"https:\/\/www.reddit.com\/r\/lotr\/comments\/1e1b3my\/is_the_lord_of_the_ring_and_the_hobbit_in_concert\/?tl=fr\" target=\"_blank\" rel=\"noopener\">Sur les forums de spectateurs<\/a>, les commentaires n\u00e9gatifs sont l\u00e9gion depuis 2023. \u00ab\u00a0On est partis apr\u00e8s l\u2019entracte, c\u2019\u00e9tait insupportable. La musique c\u00e9l\u00e8bre qu\u2019on conna\u00eet tous semblait mal arrang\u00e9e, comme s\u2019ils avaient juste fait des medleys\u00a0\u00bb. \u00ab\u00a0Les images en arri\u00e8re-plan semblaient g\u00e9n\u00e9r\u00e9es par IA. D\u00e9ception totale.\u00a0\u00bb \u00ab\u00a0C\u2019\u00e9tait vraiment nul. \u00c9vitez-le \u00e0 tout prix.\u00a0\u00bb \u00ab\u00a0Le pire concert auquel j\u2019ai jamais assist\u00e9\u00a0\u00bb.<\/p>\n<p>Lancelot Productions, la soci\u00e9t\u00e9 charg\u00e9e de sa promotion en France et\u00a0bas\u00e9e \u00e0 Mad\u00e8re, assure que \u00ab\u00a0le contenu visuel comprend des images d\u2019archives authentiques mettant en sc\u00e8ne feu Sir Christopher Lee, qui incarnait Saroumane\u00a0\u00bb et se d\u00e9fend d\u2019utiliser des faux visuels. \u00ab\u00a0La partition musicale est la musique originale du film, promet-elle. Et il s\u2019agit de la seule s\u00e9rie de concerts de musique de film avec la participation sur sc\u00e8ne des artistes originaux.\u00a0\u00bb<\/p>\n<p>Elle pr\u00e9cise par ailleurs jouer avec des orchestres d\u2019\u00c9tat ukrainiens\u00a0et d\u00e9nonce \u00ab\u00a0une campagne de diffamation orchestr\u00e9e par des trolls d\u2019\u00c9tat russes\u00a0\u00bb. En \u00e9vitant d\u2019utiliser des images tir\u00e9es des trilogies et en adaptant les partitions au format d\u2019un orchestre r\u00e9duit, sans se revendiquer du compositeur, les producteurs de l\u2019\u00e9v\u00e9nement parviennent \u00e0 rester dans les clous de la l\u00e9galit\u00e9, mais ils livrent surtout aux fans de Tolkien une belle d\u00e9ception.<\/p>\n","protected":false},"excerpt":{"rendered":"l&rsquo;essentiel Le concert \u00ab\u00a0Le Seigneur des Anneaux\u00a0&amp; Le Hobbit\u00a0\u00bb, programm\u00e9 le week-end dernier \u00e0 Altigone, suscite la controverse.&hellip;\n","protected":false},"author":2,"featured_media":552980,"comment_status":"","ping_status":"","sticky":false,"template":"","format":"standard","meta":{"footnotes":""},"categories":[1354],"tags":[58,59,1346,1011,27,1360],"class_list":{"0":"post-552979","1":"post","2":"type-post","3":"status-publish","4":"format-standard","5":"has-post-thumbnail","7":"category-films","8":"tag-divertissement","9":"tag-entertainment","10":"tag-films","11":"tag-fr","12":"tag-france","13":"tag-movies"},"share_on_mastodon":{"url":"https:\/\/pubeurope.com\/@fr\/115598048904909122","error":""},"_links":{"self":[{"href":"https:\/\/www.europesays.com\/fr\/wp-json\/wp\/v2\/posts\/552979","targetHints":{"allow":["GET"]}}],"collection":[{"href":"https:\/\/www.europesays.com\/fr\/wp-json\/wp\/v2\/posts"}],"about":[{"href":"https:\/\/www.europesays.com\/fr\/wp-json\/wp\/v2\/types\/post"}],"author":[{"embeddable":true,"href":"https:\/\/www.europesays.com\/fr\/wp-json\/wp\/v2\/users\/2"}],"replies":[{"embeddable":true,"href":"https:\/\/www.europesays.com\/fr\/wp-json\/wp\/v2\/comments?post=552979"}],"version-history":[{"count":0,"href":"https:\/\/www.europesays.com\/fr\/wp-json\/wp\/v2\/posts\/552979\/revisions"}],"wp:featuredmedia":[{"embeddable":true,"href":"https:\/\/www.europesays.com\/fr\/wp-json\/wp\/v2\/media\/552980"}],"wp:attachment":[{"href":"https:\/\/www.europesays.com\/fr\/wp-json\/wp\/v2\/media?parent=552979"}],"wp:term":[{"taxonomy":"category","embeddable":true,"href":"https:\/\/www.europesays.com\/fr\/wp-json\/wp\/v2\/categories?post=552979"},{"taxonomy":"post_tag","embeddable":true,"href":"https:\/\/www.europesays.com\/fr\/wp-json\/wp\/v2\/tags?post=552979"}],"curies":[{"name":"wp","href":"https:\/\/api.w.org\/{rel}","templated":true}]}}