{"id":552987,"date":"2025-11-23T08:26:17","date_gmt":"2025-11-23T08:26:17","guid":{"rendered":"https:\/\/www.europesays.com\/fr\/552987\/"},"modified":"2025-11-23T08:26:17","modified_gmt":"2025-11-23T08:26:17","slug":"choc-planetaire-ce-phenomene-passe-inapercu-meme-pour-la-nasa-bouleverse-les-oceans-et-pourrait-devenir-la-plus-grande-menace-pour-notre-avenir","status":"publish","type":"post","link":"https:\/\/www.europesays.com\/fr\/552987\/","title":{"rendered":"Choc plan\u00e9taire : ce ph\u00e9nom\u00e8ne, pass\u00e9 inaper\u00e7u m\u00eame pour la NASA, bouleverse les oc\u00e9ans et pourrait devenir la plus grande menace pour notre avenir"},"content":{"rendered":"<p>Les derni\u00e8res mesures satellitaires ont pris de court m\u00eame les experts de la <strong>NASA<\/strong>. En 2024, la hausse du <strong>niveau<\/strong> marin a atteint <strong>0,59 cm<\/strong>, d\u00e9passant nettement une projection de <strong>0,43 cm<\/strong>. Ce d\u00e9calage bouscule des <strong>mod\u00e8les<\/strong> \u00e9tablis et r\u00e9v\u00e8le une dynamique plus <strong>rapide<\/strong> que pr\u00e9vu. Derri\u00e8re ces chiffres, une m\u00e9canique <strong>physique<\/strong> implacable et des impacts <strong>humains<\/strong> majeurs se dessinent.<\/p>\n<p>Une acc\u00e9l\u00e9ration mesur\u00e9e au millim\u00e8tre<\/p>\n<p>La dilatation de l\u2019<strong>eau<\/strong> sous l\u2019effet de la chaleur repr\u00e9sente d\u00e9sormais pr\u00e8s de <strong>deux tiers<\/strong> de la mont\u00e9e globale des mers. Ce m\u00e9canisme d\u2019<strong>expansion<\/strong> thermique surpasse progressivement la <strong>fonte<\/strong> des glaces terrestres comme moteur principal. L\u2019ann\u00e9e <strong>2024<\/strong>, la plus chaude jamais <strong>mesur\u00e9e<\/strong>, a inject\u00e9 une chaleur record dans les <strong>oc\u00e9ans<\/strong>. R\u00e9sultat, le rythme d\u2019<strong>\u00e9l\u00e9vation<\/strong> a plus que doubl\u00e9 depuis <strong>1993<\/strong>, un tournant document\u00e9 par une <strong>constellation<\/strong> d\u2019altim\u00e8tres.<\/p>\n<p>Le satellite Sentinel\u20116 Michael <strong>Freilich<\/strong>, lanc\u00e9 en <strong>2020<\/strong>, prolonge l\u2019h\u00e9ritage de <strong>TOPEX\/Poseidon<\/strong> et des missions <strong>Jason<\/strong>. Ces instruments pistent la hauteur <strong>marine<\/strong> au millim\u00e8tre pr\u00e8s, offrant une <strong>pr\u00e9cision<\/strong> sans pr\u00e9c\u00e9dent. L\u2019\u00e9cart 2024, soit <strong>+37,2 %<\/strong>, n\u2019est pas une simple <strong>anomalie<\/strong> statistique. Il signale une <strong>trajectoire<\/strong> incontr\u00f4l\u00e9e qui exige des <strong>r\u00e9ponses<\/strong> rapides.<\/p>\n<p>M\u00e9canismes cach\u00e9s et effets en cha\u00eene<\/p>\n<p>Le brassage par temp\u00eates et <strong>ouragans<\/strong> acc\u00e9l\u00e8re l\u2019<strong>\u00e9change<\/strong> entre eaux de surface <strong>chaudes<\/strong> et eaux profondes plus <strong>froides<\/strong>. Cette interaction intensifie la <strong>dilatation<\/strong> et alimente de nouveaux <strong>records<\/strong> thermiques. Le ph\u00e9nom\u00e8ne <strong>El Ni\u00f1o<\/strong> a amplifi\u00e9 ces <strong>contrastes<\/strong>, d\u00e9clenchant des zones d\u2019<strong>expansion<\/strong> particuli\u00e8rement marqu\u00e9es. La combinaison de facteurs <strong>naturels<\/strong> et anthropiques rend les <strong>pr\u00e9visions<\/strong> plus incertaines.<\/p>\n<p>Au-del\u00e0 du niveau <strong>marin<\/strong>, c\u2019est l\u2019architecture du <strong>vivant<\/strong> oc\u00e9anique qui vacille. Les r\u00e9cifs <strong>coralliens<\/strong> subissent des \u00e9pisodes de <strong>blanchissement<\/strong> d\u2019ampleur in\u00e9dite. Des esp\u00e8ces <strong>migrent<\/strong> vers des eaux plus <strong>froides<\/strong>, bousculant des <strong>cha\u00eenes<\/strong> alimentaires enti\u00e8res. L\u2019<strong>acidification<\/strong>, nourrie par l\u2019absorption de <strong>CO2<\/strong>, fragilise coquilles et <strong>larves<\/strong> essentielles aux p\u00eacheries.<\/p>\n<p>Villes et littoraux en premi\u00e8re ligne<\/p>\n<p>Les m\u00e9gapoles c\u00f4ti\u00e8res, de <strong>Miami<\/strong> \u00e0 <strong>New York<\/strong>, et les nations <strong>insulaires<\/strong> comme les <strong>Maldives<\/strong>, font face \u00e0 un cocktail d\u2019<strong>inondations<\/strong> et d\u2019\u00e9rosion accrue. L\u2019intrusion d\u2019eau <strong>sal\u00e9e<\/strong> dans les nappes <strong>phr\u00e9atiques<\/strong> compromet l\u2019<strong>eau<\/strong> potable et les <strong>cultures<\/strong>. \u00c0 terme, des millions de personnes pourraient devenir des <strong>r\u00e9fugi\u00e9s<\/strong> climatiques, une r\u00e9alit\u00e9 d\u00e9j\u00e0 <strong>perceptible<\/strong>. Les co\u00fbts de <strong>protection<\/strong> et de relocalisation s\u2019annoncent <strong>colossaux<\/strong> d\u2019ici 2050.<\/p>\n<ul>\n<li>Inondations de <strong>mar\u00e9e<\/strong> plus fr\u00e9quentes, m\u00eame par temps <strong>calme<\/strong>.<\/li>\n<li>\u00c9rosion acc\u00e9l\u00e9r\u00e9e des <strong>plages<\/strong> et affaiblissement des <strong>dunes<\/strong>.<\/li>\n<li>Salinisation des <strong>sols<\/strong> agricoles et des <strong>aquif\u00e8res<\/strong>.<\/li>\n<li>D\u00e9placement forc\u00e9 de <strong>communaut\u00e9s<\/strong> littorales <strong>vuln\u00e9rables<\/strong>.<\/li>\n<li>Pertes d\u2019<strong>infrastructures<\/strong> critiques et chute de la <strong>valeur<\/strong> fonci\u00e8re.<\/li>\n<\/ul>\n<p>La vuln\u00e9rabilit\u00e9 n\u2019est pas qu\u2019un probl\u00e8me de <strong>g\u00e9ographie<\/strong>, c\u2019est un enjeu de <strong>justice<\/strong>. Les pays moins <strong>d\u00e9velopp\u00e9s<\/strong> supportent une part <strong>disproportionn\u00e9e<\/strong> du choc. Ils disposent de moins de <strong>ressources<\/strong> pour s\u2019adapter alors qu\u2019ils ont peu <strong>contribu\u00e9<\/strong> aux \u00e9missions. Cette asym\u00e9trie nourrit une <strong>instabilit\u00e9<\/strong> sociale et un risque <strong>g\u00e9opolitique<\/strong> accru.<\/p>\n<p>Science, vigilance et incertitudes<\/p>\n<p>La surveillance spatiale est notre <strong>syst\u00e8me<\/strong> d\u2019alerte avanc\u00e9e contre une menace <strong>plan\u00e9taire<\/strong>. Le lancement futur de <strong>Sentinel\u20116B<\/strong> renforcera la cha\u00eene de <strong>mesures<\/strong> et r\u00e9duira les <strong>incertitudes<\/strong>. Les s\u00e9ries chronologiques depuis <strong>1992<\/strong> offrent un socle <strong>robuste<\/strong> pour calibrer nos <strong>mod\u00e8les<\/strong>. Mais l\u2019inertie thermique des <strong>oc\u00e9ans<\/strong> prolonge l\u2019effet du <strong>r\u00e9chauffement<\/strong> pendant des d\u00e9cennies.<\/p>\n<p>\u00ab Face aux oc\u00e9ans, nous ne <strong>n\u00e9gocions<\/strong> pas avec les lois de la <strong>physique<\/strong> \u00bb, r\u00e9sume un chercheur impliqu\u00e9 dans la <strong>surveillance<\/strong> satellitaire. Cette phrase traduit une <strong>r\u00e9alit\u00e9<\/strong> simple et une <strong>urgence<\/strong> flagrante. M\u00eame des politiques <strong>ambitieuses<\/strong> ne gommeront pas les <strong>impacts<\/strong> d\u00e9j\u00e0 enclench\u00e9s. Il faut donc combiner <strong>att\u00e9nuation<\/strong> et adaptation sans <strong>retard<\/strong>.<\/p>\n<p>Agir maintenant: adaptation et att\u00e9nuation<\/p>\n<p>La premi\u00e8re priorit\u00e9 consiste \u00e0 <strong>r\u00e9duire<\/strong> rapidement les <strong>\u00e9missions<\/strong> mondiales. Chaque dixi\u00e8me de <strong>degr\u00e9<\/strong> \u00e9vit\u00e9 limite l\u2019<strong>expansion<\/strong> thermique et la mont\u00e9e des <strong>eaux<\/strong>. En parall\u00e8le, des <strong>plans<\/strong> d\u2019adaptation concrets doivent prot\u00e9ger des <strong>vies<\/strong> et des \u00e9conomies. Digues <strong>naturelles<\/strong>, restauration de <strong>mangroves<\/strong> et solutions fond\u00e9es sur la <strong>nature<\/strong> renforcent la r\u00e9silience.<\/p>\n<p>Les collectivit\u00e9s doivent r\u00e9viser leurs <strong>normes<\/strong> d\u2019urbanisme et leurs <strong>cartes<\/strong> de risques. Le rehaussement des <strong>infrastructures<\/strong> critiques et la planification de <strong>retraits<\/strong> ma\u00eetris\u00e9s seront parfois <strong>in\u00e9vitables<\/strong>. Les assurances et les <strong>banques<\/strong> doivent int\u00e9grer les <strong>risques<\/strong> climatiques pour \u00e9viter des chocs <strong>syst\u00e9miques<\/strong>. Enfin, la coop\u00e9ration <strong>internationale<\/strong> doit soutenir les pays <strong>expos\u00e9s<\/strong> et combler le d\u00e9ficit de <strong>financement<\/strong>.<\/p>\n<p>Ce qui semblait lointain se joue d\u00e9j\u00e0 sous nos <strong>yeux<\/strong> et \u00e0 nos <strong>portes<\/strong>. Les oc\u00e9ans, longtemps per\u00e7us comme des <strong>tampons<\/strong> infinis, renvoient d\u00e9sormais la <strong>note<\/strong>. Nous disposons d\u2019outils <strong>scientifiques<\/strong> pr\u00e9cis et d\u2019un r\u00e9pertoire de <strong>solutions<\/strong> \u00e9prouv\u00e9es. Reste \u00e0 transformer la <strong>connaissance<\/strong> en action et l\u2019<strong>avertissement<\/strong> en cap commun.<\/p>\n","protected":false},"excerpt":{"rendered":"Les derni\u00e8res mesures satellitaires ont pris de court m\u00eame les experts de la NASA. En 2024, la hausse&hellip;\n","protected":false},"author":2,"featured_media":552988,"comment_status":"","ping_status":"","sticky":false,"template":"","format":"standard","meta":{"footnotes":""},"categories":[7],"tags":[3232,67005,2918,8300,1011,27,4027,67006,151,3133,1147,333,14455,12687,5242,29364,67007,471,2864,43,40,41,39,42,44],"class_list":{"0":"post-552987","1":"post","2":"type-post","3":"status-publish","4":"format-standard","5":"has-post-thumbnail","7":"category-sciences-et-technologies","8":"tag-avenir","9":"tag-bouleverse","10":"tag-choc","11":"tag-devenir","12":"tag-fr","13":"tag-france","14":"tag-grande","15":"tag-inapercu","16":"tag-les","17":"tag-meme","18":"tag-menace","19":"tag-nasa","20":"tag-notre","21":"tag-oceans","22":"tag-passe","23":"tag-phenomene","24":"tag-planetaire","25":"tag-pour","26":"tag-pourrait","27":"tag-science","28":"tag-science-and-technology","29":"tag-sciences","30":"tag-sciences-et-technologies","31":"tag-technologies","32":"tag-technology"},"share_on_mastodon":{"url":"https:\/\/pubeurope.com\/@fr\/115598064673413889","error":""},"_links":{"self":[{"href":"https:\/\/www.europesays.com\/fr\/wp-json\/wp\/v2\/posts\/552987","targetHints":{"allow":["GET"]}}],"collection":[{"href":"https:\/\/www.europesays.com\/fr\/wp-json\/wp\/v2\/posts"}],"about":[{"href":"https:\/\/www.europesays.com\/fr\/wp-json\/wp\/v2\/types\/post"}],"author":[{"embeddable":true,"href":"https:\/\/www.europesays.com\/fr\/wp-json\/wp\/v2\/users\/2"}],"replies":[{"embeddable":true,"href":"https:\/\/www.europesays.com\/fr\/wp-json\/wp\/v2\/comments?post=552987"}],"version-history":[{"count":0,"href":"https:\/\/www.europesays.com\/fr\/wp-json\/wp\/v2\/posts\/552987\/revisions"}],"wp:featuredmedia":[{"embeddable":true,"href":"https:\/\/www.europesays.com\/fr\/wp-json\/wp\/v2\/media\/552988"}],"wp:attachment":[{"href":"https:\/\/www.europesays.com\/fr\/wp-json\/wp\/v2\/media?parent=552987"}],"wp:term":[{"taxonomy":"category","embeddable":true,"href":"https:\/\/www.europesays.com\/fr\/wp-json\/wp\/v2\/categories?post=552987"},{"taxonomy":"post_tag","embeddable":true,"href":"https:\/\/www.europesays.com\/fr\/wp-json\/wp\/v2\/tags?post=552987"}],"curies":[{"name":"wp","href":"https:\/\/api.w.org\/{rel}","templated":true}]}}