{"id":552989,"date":"2025-11-23T08:27:13","date_gmt":"2025-11-23T08:27:13","guid":{"rendered":"https:\/\/www.europesays.com\/fr\/552989\/"},"modified":"2025-11-23T08:27:13","modified_gmt":"2025-11-23T08:27:13","slug":"ce-coin-cache-damazon-brade-deja-le-black-friday-2025-30-meilleures-offres-outlet-jusqua-68-a-saisir-avant-la-ruee-le-journal-de-la-maison","status":"publish","type":"post","link":"https:\/\/www.europesays.com\/fr\/552989\/","title":{"rendered":"ce coin cach\u00e9 d\u2019amazon brade d\u00e9j\u00e0 le black friday 2025 : 30 meilleures offres outlet jusqu\u2019\u00e0 -68 % \u00e0 saisir avant la ru\u00e9e &#8211; Le Journal de la Maison."},"content":{"rendered":"<ol>\n<li><a href=\"https:\/\/news.google.com\/rss\/articles\/CBMi_AFBVV95cUxPRk1mNlplMkluSk1pRU52akF1M3NRRHRkeHJwUXBKU0RidWZ4Rzg0cWJqd0kzM3drbFg1N0JwNWQ4V2M5UzVTamxFVXJzd1FWSXVJNWVRVGs1SnAtWC1jenZQTHA4OHdpcU5FNUVGZlBaVENzbWhlbFVia2hPVC1MZnhEckQwY0RmaW1UV3MxN1dNa1Y3ZENWR09ibHFjR2VKcnFsc0x1dWJaMlJELW40Z0x2RGJTY3h4SWYzb1d6b29naDlEM0pPTXlZMEZ1QTF0NHpvUGpqaFVHckFkZ0VxTFlHRkdsc1U0V2xONEt1QzJWdF9lT242SW1qWXc?oc=5\" target=\"_blank\" rel=\"nofollow noopener\">ce coin cach\u00e9 d\u2019amazon brade d\u00e9j\u00e0 le black friday 2025 : 30 meilleures offres outlet jusqu\u2019\u00e0 -68 % \u00e0 saisir avant la ru\u00e9e<\/a>&nbsp;&nbsp;Le Journal de la Maison.<\/li>\n<li><a href=\"https:\/\/news.google.com\/rss\/articles\/CBMixgFBVV95cUxQOGpiZkFldTlOazlfSWplNGZNVDE5N0dleHdIWEdsNDhqM19mWEN1QVl5eFFYVFJvcnAxdXBUelE1b2RRSW1PWDZPNjZfd1FkQ1Z0WENFVXJPYkh2YlB0dGNBRzBrLUs2Y1A1by04RWNyc0xKS2xGZ3lVWmxQcll2MmhmcVkyU2pTT1BleDhWdDhydlhpTG92cXdIbUhsQTR2bVc1ZzRDekdLMGtHNUtrM2ZyUF9mOHFpcVBHRzJxTFZ1OUZzTUE?oc=5\" target=\"_blank\" rel=\"nofollow noopener\">Black Friday 2025 : voici les meilleures offres du week-end pour la Black Week<\/a>&nbsp;&nbsp;Frandroid<\/li>\n<li><a href=\"https:\/\/news.google.com\/rss\/articles\/CBMi3gFBVV95cUxPSm9GUEVkNDlLR0ZxMG9wdDZMeEg5VzRwM0lTVVEyc3RYdzJjdkRLVGhCY2FZaEVOa0tPdHU0NzU1ZXZkOS1ZZkVUZ1czdHJ0cklJMXNmX2NhU0V1a3RYSjB0bXNwZVZ3bTRXbTl0dVpjbFlsZ05RSWtHbl9fcEhGMjNTN0F4VlVKRXNyZzBDRVRCUGNiUW5kaFBSYlRhcFlnSUU5eHhyREdOWDB1cVhUdjJaRkhiRVUzNnN1OTNxNFpub1JCdDk5Mno5M1MwOTdodThpbmdnR3FxcFJ2b0E?oc=5\" target=\"_blank\" rel=\"nofollow noopener\">Black Friday Amazon 2025 : le plus gros deal du jour atteint 75%, les bons plans du week-end<\/a>&nbsp;&nbsp;Linternaute.com<\/li>\n<li><a href=\"https:\/\/news.google.com\/rss\/articles\/CBMi0wFBVV95cUxPOG1hWGVNVGxrN1FmOW5GdEpWM2FfY0hZaEl5aGRRaHBzSk5VdkhlTGFkNVR1UVdoNjRSYml4QnlfcVliX2dSS2lSc1l5N24xVmI4TWN3TkM2MmdXQThFSFRMTE5QaFZId2F0b0ROMzV6QWozMTh3c1FVMXZGMGU5YXVDT2dhVWZOUmhoc3RXRTdyczl5LWVXRkYwU2tKN1dhWmpLSC1STzZYSzNqTjV0ZEZ4REt3a3h3YWRaZE5HMDM0MWVlNFB6Rm1oMGxVRW4tenY0?oc=5\" target=\"_blank\" rel=\"nofollow noopener\">Black Friday : cinq conseils avant de c\u00e9der aux promotions<\/a>&nbsp;&nbsp;Ouest-France<\/li>\n<li><a href=\"https:\/\/news.google.com\/rss\/articles\/CBMixAFBVV95cUxQNXVMeTcyU2txaE1kYlBKYkw4VjNDQzdQUW1tUDFPUDRnV1BtU1dZYTVvZVpGUG9KOTRwdl9JNEZ1RW9CdGE4OE1NVWFMUEduUi01S0lETGM3MkU5VWRKLVRObjF3eGtkOWZlQXliSU1IeEZIUUNSQUtodUJ1dzZGWDVCWWwzZFhHZDV1cEl6TFBJMi04ZTB3TFZfeUxseGYxNlJGbE9tWEpmNEg2UG1CMXF5VHhnSjdvLVdDdllqd01BWnZR?oc=5\" target=\"_blank\" rel=\"nofollow noopener\">Black Friday : \u00ab Il y a des promos toute l\u2019ann\u00e9e \u00bb, des acheteurs plus mod\u00e9r\u00e9s dans la r\u00e9gion<\/a>&nbsp;&nbsp;L&rsquo;Union<\/li>\n<\/ol>\n","protected":false},"excerpt":{"rendered":"ce coin cach\u00e9 d\u2019amazon brade d\u00e9j\u00e0 le black friday 2025 : 30 meilleures offres outlet jusqu\u2019\u00e0 -68 %&hellip;\n","protected":false},"author":2,"featured_media":395849,"comment_status":"","ping_status":"","sticky":false,"template":"","format":"standard","meta":{"footnotes":""},"categories":[6],"tags":[35,33,34,1011,27],"class_list":{"0":"post-552989","1":"post","2":"type-post","3":"status-publish","4":"format-standard","5":"has-post-thumbnail","7":"category-economie","8":"tag-business","9":"tag-economie","10":"tag-economy","11":"tag-fr","12":"tag-france"},"share_on_mastodon":{"url":"https:\/\/pubeurope.com\/@fr\/115598068634489365","error":""},"_links":{"self":[{"href":"https:\/\/www.europesays.com\/fr\/wp-json\/wp\/v2\/posts\/552989","targetHints":{"allow":["GET"]}}],"collection":[{"href":"https:\/\/www.europesays.com\/fr\/wp-json\/wp\/v2\/posts"}],"about":[{"href":"https:\/\/www.europesays.com\/fr\/wp-json\/wp\/v2\/types\/post"}],"author":[{"embeddable":true,"href":"https:\/\/www.europesays.com\/fr\/wp-json\/wp\/v2\/users\/2"}],"replies":[{"embeddable":true,"href":"https:\/\/www.europesays.com\/fr\/wp-json\/wp\/v2\/comments?post=552989"}],"version-history":[{"count":0,"href":"https:\/\/www.europesays.com\/fr\/wp-json\/wp\/v2\/posts\/552989\/revisions"}],"wp:featuredmedia":[{"embeddable":true,"href":"https:\/\/www.europesays.com\/fr\/wp-json\/wp\/v2\/media\/395849"}],"wp:attachment":[{"href":"https:\/\/www.europesays.com\/fr\/wp-json\/wp\/v2\/media?parent=552989"}],"wp:term":[{"taxonomy":"category","embeddable":true,"href":"https:\/\/www.europesays.com\/fr\/wp-json\/wp\/v2\/categories?post=552989"},{"taxonomy":"post_tag","embeddable":true,"href":"https:\/\/www.europesays.com\/fr\/wp-json\/wp\/v2\/tags?post=552989"}],"curies":[{"name":"wp","href":"https:\/\/api.w.org\/{rel}","templated":true}]}}