{"id":552990,"date":"2025-11-23T08:28:12","date_gmt":"2025-11-23T08:28:12","guid":{"rendered":"https:\/\/www.europesays.com\/fr\/552990\/"},"modified":"2025-11-23T08:28:12","modified_gmt":"2025-11-23T08:28:12","slug":"la-cop-30-climat-sacheve-sur-un-accord-sans-ambition-sans-mention-des-energies-fossiles-liberation","status":"publish","type":"post","link":"https:\/\/www.europesays.com\/fr\/552990\/","title":{"rendered":"La COP 30 climat s\u2019ach\u00e8ve sur un \u00abaccord sans ambition\u00bb, sans mention des \u00e9nergies fossiles \u2013 Lib\u00e9ration"},"content":{"rendered":"<p class=\"sc-cPiKLX AiZTS text-element\">Est-ce donc cela, <a href=\"https:\/\/www.liberation.fr\/environnement\/climat\/negociations-a-la-cop-30-de-belem-la-bataille-pour-le-climat-est-aussi-une-bataille-pour-la-democratie-20251110_MTZPBN5DOFFRNCAL24LCIQ2P4I\/\" target=\"_blank\" rel=\"noopener\" title=\"https:\/\/www.liberation.fr\/environnement\/climat\/negociations-a-la-cop-30-de-belem-la-bataille-pour-le-climat-est-aussi-une-bataille-pour-la-democratie-20251110_MTZPBN5DOFFRNCAL24LCIQ2P4I\/\">sauver le multilat\u00e9ralisme climatique<\/a>\u00a0? Sortir de <a href=\"https:\/\/www.liberation.fr\/environnement\/climat\/sortie-des-energies-fossiles-adaptation-financements-a-la-cop30-les-sujets-brulants-cherchent-encore-leur-denouement-20251118_WFRHSJW55VE2RPITMKUYTZOJIU\/?redirected=1\" target=\"_blank\" rel=\"noopener\" title=\"https:\/\/www.liberation.fr\/environnement\/climat\/sortie-des-energies-fossiles-adaptation-financements-a-la-cop30-les-sujets-brulants-cherchent-encore-leur-denouement-20251118_WFRHSJW55VE2RPITMKUYTZOJIU\/?redirected=1\">quinze jours de n\u00e9gociations<\/a> avec un compromis des plus p\u00e2les, des ambitions rogn\u00e9es de toute part, mais avec un accord tout de m\u00eame\u00a0? Ce samedi 22\u00a0novembre, apr\u00e8s des n\u00e9gociations marathon au bord de l\u2019implosion, les 194 parties pr\u00e9sentes \u00e0 Bel\u00e9m, au Br\u00e9sil, pour la 30e conf\u00e9rence internationale pour le climat (COP30) ont trouv\u00e9 une issue finale.<\/p>\n<p class=\"sc-cPiKLX AiZTS text-element\">Le principal texte adopt\u00e9, baptis\u00e9 \u00abMutir\u00e3o mondial\u00bb en r\u00e9f\u00e9rence \u00e0 ce mot autochtone tupi-guarani \u00e9voquant l\u2019id\u00e9e d\u2019un effort collectif, ne figurera certainement p<\/p>\n","protected":false},"excerpt":{"rendered":"Est-ce donc cela, sauver le multilat\u00e9ralisme climatique\u00a0? Sortir de quinze jours de n\u00e9gociations avec un compromis des plus&hellip;\n","protected":false},"author":2,"featured_media":552991,"comment_status":"","ping_status":"","sticky":false,"template":"","format":"standard","meta":{"footnotes":""},"categories":[5],"tags":[11,2548,35996,1011,27,14,12,28],"class_list":{"0":"post-552990","1":"post","2":"type-post","3":"status-publish","4":"format-standard","5":"has-post-thumbnail","7":"category-international","8":"tag-actualites","9":"tag-bresil","10":"tag-cop","11":"tag-fr","12":"tag-france","13":"tag-international","14":"tag-news","15":"tag-world"},"share_on_mastodon":{"url":"https:\/\/pubeurope.com\/@fr\/115598072615582862","error":""},"_links":{"self":[{"href":"https:\/\/www.europesays.com\/fr\/wp-json\/wp\/v2\/posts\/552990","targetHints":{"allow":["GET"]}}],"collection":[{"href":"https:\/\/www.europesays.com\/fr\/wp-json\/wp\/v2\/posts"}],"about":[{"href":"https:\/\/www.europesays.com\/fr\/wp-json\/wp\/v2\/types\/post"}],"author":[{"embeddable":true,"href":"https:\/\/www.europesays.com\/fr\/wp-json\/wp\/v2\/users\/2"}],"replies":[{"embeddable":true,"href":"https:\/\/www.europesays.com\/fr\/wp-json\/wp\/v2\/comments?post=552990"}],"version-history":[{"count":0,"href":"https:\/\/www.europesays.com\/fr\/wp-json\/wp\/v2\/posts\/552990\/revisions"}],"wp:featuredmedia":[{"embeddable":true,"href":"https:\/\/www.europesays.com\/fr\/wp-json\/wp\/v2\/media\/552991"}],"wp:attachment":[{"href":"https:\/\/www.europesays.com\/fr\/wp-json\/wp\/v2\/media?parent=552990"}],"wp:term":[{"taxonomy":"category","embeddable":true,"href":"https:\/\/www.europesays.com\/fr\/wp-json\/wp\/v2\/categories?post=552990"},{"taxonomy":"post_tag","embeddable":true,"href":"https:\/\/www.europesays.com\/fr\/wp-json\/wp\/v2\/tags?post=552990"}],"curies":[{"name":"wp","href":"https:\/\/api.w.org\/{rel}","templated":true}]}}