{"id":552992,"date":"2025-11-23T08:29:10","date_gmt":"2025-11-23T08:29:10","guid":{"rendered":"https:\/\/www.europesays.com\/fr\/552992\/"},"modified":"2025-11-23T08:29:10","modified_gmt":"2025-11-23T08:29:10","slug":"une-station-fermee-aux-skieurs-cet-hiver","status":"publish","type":"post","link":"https:\/\/www.europesays.com\/fr\/552992\/","title":{"rendered":"Une station ferm\u00e9e aux skieurs cet hiver"},"content":{"rendered":"<p>C\u2019est une mauvaise nouvelle pour les amateurs de sports d\u2019hiver r\u00e9sidant dans la <a href=\"https:\/\/www.20minutes.fr\/dossier\/loire\" class=\"c-link c-link--is-underlined\" target=\"_blank\" rel=\"noopener\">Loire<\/a>. Jeudi 20\u00a0novembre, une r\u00e9union qui s\u2019est d\u00e9roul\u00e9e \u00e0 Montbrison a officiellement act\u00e9 la fermeture de la station de ski de Chalmazel pour la saison d\u2019hiver 2025-2026, rapporte <a href=\"https:\/\/www.francebleu.fr\/infos\/societe\/loire-la-station-de-ski-de-chalmazel-sera-bien-fermee-cet-hiver-6429100\" target=\"_blank\" class=\"c-link c-link--is-underlined\" rel=\"noopener\">Ici Saint-\u00c9tienne<\/a>. Une nouvelle jug\u00e9e \u00ab\u00a0terrible\u00a0\u00bb par le maire de la commune, qui s\u2019inqui\u00e8te pour le commerce local.<\/p>\n<p>La fermeture \u00e9tait envisag\u00e9e depuis plusieurs semaines par le d\u00e9partement, seul contributeur financier de la petite station lig\u00e9rienne. Si la neige est bien au rendez-vous cette ann\u00e9e, les finances ne le sont pas dans une p\u00e9riode de crise budg\u00e9taire sans pr\u00e9c\u00e9dent.<\/p>\n<p>Des cons\u00e9quences fortes pour l\u2019activit\u00e9 \u00e9conomique<\/p>\n<p>La fermeture de la station de Chalmazel a \u00e9t\u00e9 confirm\u00e9e en pr\u00e9sence du pr\u00e9sident du d\u00e9partement et de son <a href=\"https:\/\/www.20minutes.fr\/dossier\/maire\" class=\"c-link c-link--is-underlined\" target=\"_blank\" rel=\"noopener\">maire<\/a>, Val\u00e9ry Gouttefarde, qui accuse le coup. Ce dernier craint des \u00ab\u00a0cons\u00e9quences \u00e9conomiques fortes\u00a0\u00bb pour les professionnels de sa commune, qui, de leur c\u00f4t\u00e9, avaient esp\u00e9r\u00e9 et pr\u00e9par\u00e9 jusqu\u2019au dernier moment l\u2019ouverture des pistes.<\/p>\n<\/p>\n<p>L\u2019\u00e9dile ne peut d\u00e9sormais compter que sur l\u2019attractivit\u00e9 des activit\u00e9s secondaires de sa <a href=\"https:\/\/www.20minutes.fr\/dossier\/station_de_ski\" class=\"c-link c-link--is-underlined\" target=\"_blank\" rel=\"noopener\">station<\/a>, comme les balades en raquettes ou la luge. Il invite \u00e9galement les touristes \u00e0 venir d\u00e9couvrir sa commune et \u00e0 consommer dans les commerces afin de les aider \u00e0 traverser cette mauvaise passe.<\/p>\n<p>Par ailleurs, Val\u00e9ry Gouttefarde a \u00e9voqu\u00e9 la possibilit\u00e9 d\u2019une nouvelle forme de gouvernance \u00e0 l\u2019avenir, conjuguant acteurs publics et priv\u00e9s, afin d\u2019\u00e9viter cette m\u00e9saventure dans les ann\u00e9es futures.<\/p>\n","protected":false},"excerpt":{"rendered":"C\u2019est une mauvaise nouvelle pour les amateurs de sports d\u2019hiver r\u00e9sidant dans la Loire. Jeudi 20\u00a0novembre, une r\u00e9union&hellip;\n","protected":false},"author":2,"featured_media":552993,"comment_status":"","ping_status":"","sticky":false,"template":"","format":"standard","meta":{"footnotes":""},"categories":[4],"tags":[47,11,2430,13407,1011,27,3367,12,25,2431,104,67008],"class_list":{"0":"post-552992","1":"post","2":"type-post","3":"status-publish","4":"format-standard","5":"has-post-thumbnail","7":"category-france","8":"tag-actualite","9":"tag-actualites","10":"tag-auvergne-rhone-alpes","11":"tag-fermeture","12":"tag-fr","13":"tag-france","14":"tag-loire","15":"tag-news","16":"tag-republique-francaise","17":"tag-rhone-alpes","18":"tag-societe","19":"tag-station-de-ski"},"share_on_mastodon":{"url":"https:\/\/pubeurope.com\/@fr\/115598076430641909","error":""},"_links":{"self":[{"href":"https:\/\/www.europesays.com\/fr\/wp-json\/wp\/v2\/posts\/552992","targetHints":{"allow":["GET"]}}],"collection":[{"href":"https:\/\/www.europesays.com\/fr\/wp-json\/wp\/v2\/posts"}],"about":[{"href":"https:\/\/www.europesays.com\/fr\/wp-json\/wp\/v2\/types\/post"}],"author":[{"embeddable":true,"href":"https:\/\/www.europesays.com\/fr\/wp-json\/wp\/v2\/users\/2"}],"replies":[{"embeddable":true,"href":"https:\/\/www.europesays.com\/fr\/wp-json\/wp\/v2\/comments?post=552992"}],"version-history":[{"count":0,"href":"https:\/\/www.europesays.com\/fr\/wp-json\/wp\/v2\/posts\/552992\/revisions"}],"wp:featuredmedia":[{"embeddable":true,"href":"https:\/\/www.europesays.com\/fr\/wp-json\/wp\/v2\/media\/552993"}],"wp:attachment":[{"href":"https:\/\/www.europesays.com\/fr\/wp-json\/wp\/v2\/media?parent=552992"}],"wp:term":[{"taxonomy":"category","embeddable":true,"href":"https:\/\/www.europesays.com\/fr\/wp-json\/wp\/v2\/categories?post=552992"},{"taxonomy":"post_tag","embeddable":true,"href":"https:\/\/www.europesays.com\/fr\/wp-json\/wp\/v2\/tags?post=552992"}],"curies":[{"name":"wp","href":"https:\/\/api.w.org\/{rel}","templated":true}]}}