{"id":552994,"date":"2025-11-23T08:30:51","date_gmt":"2025-11-23T08:30:51","guid":{"rendered":"https:\/\/www.europesays.com\/fr\/552994\/"},"modified":"2025-11-23T08:30:51","modified_gmt":"2025-11-23T08:30:51","slug":"le-groupe-tres-remanie-de-lol-avec-plusieurs-jeunes-face-a-auxerre","status":"publish","type":"post","link":"https:\/\/www.europesays.com\/fr\/552994\/","title":{"rendered":"Le groupe tr\u00e8s remani\u00e9 de l\u2019OL avec plusieurs jeunes face \u00e0 Auxerre"},"content":{"rendered":"<p>Ce dimanche, l\u2019OL se d\u00e9place sur la pelouse d\u2019Auxerre. Une rencontre importante pour les Gones qui n\u2019ont gagn\u00e9 qu\u2019un seul de leurs cinq derniers matches. Battus cruellement en fin de match face au PSG avant la tr\u00eave internationale, les hommes de Paulo Fonseca d\u00e9sirent se relancer en s\u2019imposant sur la pelouse de la lanterne rouge Auxerre. <\/p>\n<p>            La suite apr\u00e8s cette publicit\u00e9<\/p>\n<p>Un d\u00e9placement qui se fera avec de nombreux absents. Avec de nombreux joueurs suspendus (Morton, Tagliafico), l\u2019OL doit aussi composer avec des absences majeures (Fofana, Nuamah, Kluivert, Ghezzal). D\u00e8s lors, Paulo Fonseca a convoqu\u00e9 de nombreux jeunes joueurs. Alors que Khalis Merah, Alejandro Gomes Rodriguez, Enzo Moleb\u00e9 ou encore T\u00e9o Barisic sont convoqu\u00e9s, Ibrahima Fall et Adil Hamdani, jeune ailier prometteur de 16 ans, sont appel\u00e9s pour la premi\u00e8re fois.  <\/p>\n<p>\n    Pub. le 22\/11\/2025 19:17<br \/>\n            &#8211; MAJ le 23\/11\/2025 00:21\n    <\/p>\n","protected":false},"excerpt":{"rendered":"Ce dimanche, l\u2019OL se d\u00e9place sur la pelouse d\u2019Auxerre. Une rencontre importante pour les Gones qui n\u2019ont gagn\u00e9&hellip;\n","protected":false},"author":2,"featured_media":552995,"comment_status":"","ping_status":"","sticky":false,"template":"","format":"standard","meta":{"footnotes":""},"categories":[2],"tags":[11,1011,27,12],"class_list":{"0":"post-552994","1":"post","2":"type-post","3":"status-publish","4":"format-standard","5":"has-post-thumbnail","7":"category-actualites","8":"tag-actualites","9":"tag-fr","10":"tag-france","11":"tag-news"},"share_on_mastodon":{"url":"https:\/\/pubeurope.com\/@fr\/115598084223871183","error":""},"_links":{"self":[{"href":"https:\/\/www.europesays.com\/fr\/wp-json\/wp\/v2\/posts\/552994","targetHints":{"allow":["GET"]}}],"collection":[{"href":"https:\/\/www.europesays.com\/fr\/wp-json\/wp\/v2\/posts"}],"about":[{"href":"https:\/\/www.europesays.com\/fr\/wp-json\/wp\/v2\/types\/post"}],"author":[{"embeddable":true,"href":"https:\/\/www.europesays.com\/fr\/wp-json\/wp\/v2\/users\/2"}],"replies":[{"embeddable":true,"href":"https:\/\/www.europesays.com\/fr\/wp-json\/wp\/v2\/comments?post=552994"}],"version-history":[{"count":0,"href":"https:\/\/www.europesays.com\/fr\/wp-json\/wp\/v2\/posts\/552994\/revisions"}],"wp:featuredmedia":[{"embeddable":true,"href":"https:\/\/www.europesays.com\/fr\/wp-json\/wp\/v2\/media\/552995"}],"wp:attachment":[{"href":"https:\/\/www.europesays.com\/fr\/wp-json\/wp\/v2\/media?parent=552994"}],"wp:term":[{"taxonomy":"category","embeddable":true,"href":"https:\/\/www.europesays.com\/fr\/wp-json\/wp\/v2\/categories?post=552994"},{"taxonomy":"post_tag","embeddable":true,"href":"https:\/\/www.europesays.com\/fr\/wp-json\/wp\/v2\/tags?post=552994"}],"curies":[{"name":"wp","href":"https:\/\/api.w.org\/{rel}","templated":true}]}}