{"id":553002,"date":"2025-11-23T08:37:28","date_gmt":"2025-11-23T08:37:28","guid":{"rendered":"https:\/\/www.europesays.com\/fr\/553002\/"},"modified":"2025-11-23T08:37:28","modified_gmt":"2025-11-23T08:37:28","slug":"comment-toulon-va-composer-avec-les-nombreuses-absences-face-au-stade-francais","status":"publish","type":"post","link":"https:\/\/www.europesays.com\/fr\/553002\/","title":{"rendered":"comment Toulon va composer avec les nombreuses absences face au Stade fran\u00e7ais"},"content":{"rendered":"<p class=\"fs-5 \">C\u2019est dans ce genre de moment que l\u2019on peut juger de la qualit\u00e9 d\u2019un r\u00e9servoir. Quand la moyenne d\u2019\u00e2ge aux entra\u00eenements se fait basse et que le vestiaire de l\u2019\u00e9quipe professionnelle s\u2019est largement vid\u00e9.<\/p>\n<p class=\"fs-5 \">\u00c0 Toulon, on le sait, les p\u00e9riodes de doublons obligent souvent le groupe \u00e0 se resserrer. Ce mois de novembre, synonyme de tourn\u00e9e d\u2019automne, n\u2019a pas fait exception. Et le nombre de s\u00e9lectionn\u00e9s, ajout\u00e9 aux diff\u00e9rents bless\u00e9s, a impliqu\u00e9 un sacr\u00e9 d\u00e9fi pour Pierre Mignoni durant la semaine \u00e9coul\u00e9e : composer sans dix-huit de ses hommes, et non des moindres\u2026<\/p>\n<p class=\"fs-5 \">Car avec Gros, Ollivon, Serin, Dr\u00e9an, Garbisi, Brex, White, Tuicuvu et Javakhia en s\u00e9lections, Nonu toujours en Nouvelle-Z\u00e9lande, ainsi que Domon, Rayan Rebbadj, Tuifua, Frisch, Halagahu, Ivaldi, Villi\u00e8re ou encore Gigashvili \u00e0 l\u2019infirmerie, <strong>la liste des absents pour d\u00e9fier le Stade fran\u00e7ais \u00e0 Paris avait de quoi donner des sueurs froides.<\/strong><\/p>\n<p>            <img src=\"https:\/\/www.europesays.com\/fr\/wp-content\/uploads\/2025\/11\/7fb395a_upload-1-g4urvnixr29c-image-svatouxxq101-fe-zach-mercer-rct-castres-13092025-1.jpg\"   loading=\"lazy\" decoding=\"async\" alt=\"Recrue majeure de l\u2019intersaison, l\u2019Anglais souhaite apporter encore davantage au RCT, tandis que Pierre Mignoni voit en lui un joueur capable de faire passer un cap \u00e0 l\u2019\u00e9quipe.\" class=\"img-fluid position-absolute w-100 object-fit-cover rounded-2\" width=\"600\" height=\"400\"\/><\/p>\n<p>                                                                                \u00ab Pas l\u00e0 pour pleurer sur le calendrier \u00bb<\/p>\n<p class=\"fs-5 \">Mais l\u2019entra\u00eeneur varois a pr\u00e9f\u00e9re ne pas verser dans le fatalisme. \u00ab Sinc\u00e8rement, assure-t-il, c\u2019est un beau challenge. Pour moi en tant que coach, et pour notre groupe aussi. Si on veut \u00eatre parmi les meilleurs clubs, dans ces p\u00e9riodes-l\u00e0, il faut assurer. Donc, on n\u2019est pas l\u00e0 pour pleurer sur le calendrier. On conna\u00eet les probl\u00e9matiques et ce n\u2019est pas moi qui vais les changer. On fait au mieux. \u00bb Et on compte sur les graines plant\u00e9es dans les cat\u00e9gories de jeunes pour continuer \u00e0 pousser chez les grands.<\/p>\n<p class=\"fs-5 \">Mercredi, lors de l\u2019entra\u00eenement ouvert au public, pr\u00e8s de la moiti\u00e9 des joueurs appartenaient \u00e0 la cat\u00e9gorie Espoirs. De quoi donner un coup de peps \u00e0 l\u2019ensemble du squad ? \u00ab Honn\u00eatement, je suis tr\u00e8s content de la semaine, r\u00e9pond Mignoni. J\u2019ai pris beaucoup de plaisir avec ce groupe, certes r\u00e9duit, mais avec des joueurs super investis. Maintenant, c\u2019est de l\u2019entra\u00eenement. Le match, ce sera autre chose. \u00bb<\/p>\n<p>                                                                                Sept joueurs du centre de formation mobilis\u00e9s<\/p>\n<p class=\"fs-5 \">Mat\u00e9o Gracieux (titulaire) et Barnab\u00e9 Mechentel (rempla\u00e7ant) ne diront pas le contraire. <strong>\u00c0 20 ans, les jeunes ailiers varois s\u2019appr\u00eatent \u00e0 disputer leur premi\u00e8re rencontre chez les professionnels. <\/strong>\u00ab J\u2019ai 100 % confiance en eux, poursuit le directeur du rugby. Ces gar\u00e7ons n\u2019arrivent pas comme \u00e7a. Ils sont avec nous depuis la saison derni\u00e8re, ont fait la pr\u00e9-saison, et ont jou\u00e9 en amical cet \u00e9t\u00e9. C\u2019est le bon moment. \u00bb<\/p>\n<p class=\"fs-5 \">D\u2019autant plus que les deux \u00ab athl\u00e8tes \u00bb de l\u2019\u00e9quipe Espoirs, \u00ab tr\u00e8s vifs \u00bb, \u00ab travailleurs \u00bb et \u00ab bons sous les ballons hauts \u00bb, auront avec eux des visages bien connus pour leur donner comme un air de d\u00e9j\u00e0-vu.<strong> Les minots Pierre Damond, Jo\u00e9 Quere-Karaba, L\u00e9o Ametlla, Corentin M\u00e9zou et Oliver Cowie seront en effet de la partie<\/strong>, portant \u00e0 sept le nombre de joueurs du centre de formation sur la feuille de match c\u00f4t\u00e9 RCT, et \u00e0 moins de 23 ans la moyenne d\u2019\u00e2ge du banc de touche.<\/p>\n<p>            <img src=\"https:\/\/www.europesays.com\/fr\/wp-content\/uploads\/2025\/11\/2a23ab2_upload-from-url-1-rtt0etq5q1vy-data-art-16643313.jpg\"   loading=\"lazy\" decoding=\"async\" alt=\"Mathieu Bastareaud, ici en 2009 avec le Stade fran\u00e7ais face \u00e0 Bourgoin. Photo AFP \" class=\"img-fluid position-absolute w-100 object-fit-cover rounded-2\" width=\"600\" height=\"400\"\/><\/p>\n<p>                                                                                \u00ab On est s\u00fbrs de nos forces \u00bb<\/p>\n<p class=\"fs-5 \">\u00ab Mais, au-del\u00e0 des jeunes qui vont \u00eatre l\u00e0, ajoute Mignoni, j\u2019attends des anciens, des pros, qu\u2019ils passent devant et montrent l\u2019exemple. \u00bb Car, ce dimanche soir, \u00e0 Jean-Bouin, la fra\u00eecheur de la jeunesse et l\u2019\u00e9tat d\u2019esprit tant lou\u00e9s par le staff ne suffiront pas. Les Sinckler, Rebbadj, Ludlam, Mercer, Le Bail, Sinzelle et autre Jaminet devront montrer la voie et mettre les minots (pour la plupart rempla\u00e7ants) dans \u00ab les bonnes conditions \u00bb pour esp\u00e9rer faire tomber le Stade fran\u00e7ais de Louis Carbonel, globalement \u00e9pargn\u00e9 par les absences, et toujours invaincu \u00e0 domicile cette saison.<\/p>\n<p>            <img src=\"https:\/\/www.europesays.com\/fr\/wp-content\/uploads\/2025\/11\/e7e0951_upload-1-jf8ejv9op9h6-svapqrxxq6275-fe-toul-41042290.jpg\"   loading=\"lazy\" decoding=\"async\" alt=\"Le trois-quarts J\u00e9r\u00e9my Sinzelle sera une nouvelle fois titulaire au centre du terrain.\" class=\"img-fluid position-absolute w-100 object-fit-cover rounded-2\" width=\"600\" height=\"400\"\/><\/p>\n<p class=\"fs-5 \">Quoi qu\u2019il advienne, l\u2019ouvreur Mateo Garcia ne posera donc pas l\u2019excuse de l\u2019inexp\u00e9rience : \u00ab On est s\u00fbrs de nos forces. Et peu importent les rotations dans le groupe, car on sait qu\u2019il y a beaucoup de qualit\u00e9. \u00bb <\/p>\n<p class=\"fs-5 \">Alors, roulez minots. Les grands fr\u00e8res sont dans la place. Et puis, dans tous les cas, il para\u00eet que la jeunesse se forme dans le voyage.<\/p>\n","protected":false},"excerpt":{"rendered":"C\u2019est dans ce genre de moment que l\u2019on peut juger de la qualit\u00e9 d\u2019un r\u00e9servoir. Quand la moyenne&hellip;\n","protected":false},"author":2,"featured_media":553003,"comment_status":"","ping_status":"","sticky":false,"template":"","format":"standard","meta":{"footnotes":""},"categories":[9619],"tags":[1111,11,1777,674,1011,27,12,882,3461,25,2310],"class_list":{"0":"post-553002","1":"post","2":"type-post","3":"status-publish","4":"format-standard","5":"has-post-thumbnail","7":"category-toulon","8":"tag-actu","9":"tag-actualites","10":"tag-eu","11":"tag-europe","12":"tag-fr","13":"tag-france","14":"tag-news","15":"tag-provence-alpes-cote-dazur","16":"tag-rct","17":"tag-republique-francaise","18":"tag-toulon"},"share_on_mastodon":{"url":"https:\/\/pubeurope.com\/@fr\/115598108118856347","error":""},"_links":{"self":[{"href":"https:\/\/www.europesays.com\/fr\/wp-json\/wp\/v2\/posts\/553002","targetHints":{"allow":["GET"]}}],"collection":[{"href":"https:\/\/www.europesays.com\/fr\/wp-json\/wp\/v2\/posts"}],"about":[{"href":"https:\/\/www.europesays.com\/fr\/wp-json\/wp\/v2\/types\/post"}],"author":[{"embeddable":true,"href":"https:\/\/www.europesays.com\/fr\/wp-json\/wp\/v2\/users\/2"}],"replies":[{"embeddable":true,"href":"https:\/\/www.europesays.com\/fr\/wp-json\/wp\/v2\/comments?post=553002"}],"version-history":[{"count":0,"href":"https:\/\/www.europesays.com\/fr\/wp-json\/wp\/v2\/posts\/553002\/revisions"}],"wp:featuredmedia":[{"embeddable":true,"href":"https:\/\/www.europesays.com\/fr\/wp-json\/wp\/v2\/media\/553003"}],"wp:attachment":[{"href":"https:\/\/www.europesays.com\/fr\/wp-json\/wp\/v2\/media?parent=553002"}],"wp:term":[{"taxonomy":"category","embeddable":true,"href":"https:\/\/www.europesays.com\/fr\/wp-json\/wp\/v2\/categories?post=553002"},{"taxonomy":"post_tag","embeddable":true,"href":"https:\/\/www.europesays.com\/fr\/wp-json\/wp\/v2\/tags?post=553002"}],"curies":[{"name":"wp","href":"https:\/\/api.w.org\/{rel}","templated":true}]}}