{"id":553008,"date":"2025-11-23T08:42:55","date_gmt":"2025-11-23T08:42:55","guid":{"rendered":"https:\/\/www.europesays.com\/fr\/553008\/"},"modified":"2025-11-23T08:42:55","modified_gmt":"2025-11-23T08:42:55","slug":"le-puy-foot-renverse-quevilly-rouen-et-rechauffe-massot","status":"publish","type":"post","link":"https:\/\/www.europesays.com\/fr\/553008\/","title":{"rendered":"Le Puy Foot renverse Quevilly-Rouen et r\u00e9chauffe Massot"},"content":{"rendered":"<p>\t\t\t\t\t\t\t\t\t\t\t\t\t\t\t\t\t\t\t\t\t\t\t\t\t\t\t\t\t\t\t\t\t\t\t\t\t\t\t\t\t\t\t\t\t\t\t\t\t\t\t\t\t\t\t\t\t\t\t\t\t\t\t<a href=\"https:\/\/www.lacommere43.fr\/component\/banners\/click\/1857.html\" target=\"_blank\" title=\"Grazac Entre terres novembre 2025\" rel=\"noopener\"><br \/>\n\t\t\t\t\t\t\t<img decoding=\"async\" loading=\"lazy\" src=\"https:\/\/www.europesays.com\/fr\/wp-content\/uploads\/2025\/11\/IMG_20251105_113838_624.jpg\" alt=\"Grazac Entre terres novembre 2025\"\/><br \/>\n\t\t\t\t\t\t<\/a><\/p>\n<p><strong>Sous un froid saisissant mais devant un public venu en nombre, Le Puy Foot a sign\u00e9 une prestation solide pour venir \u00e0 bout de Quevilly-Rouen (2-1) et d\u00e9crocher une deuxi\u00e8me victoire \u00e0 domicile. Un succ\u00e8s important qui confirme la dynamique positive des Ponots.<\/strong><\/p>\n<p>Le ton du match \u00e9tait donn\u00e9 d\u00e8s la 8\u1d49 minute. Sur une passe en profondeur mal ajust\u00e9e d\u2019Idriss Mohamed, les Ponots se faisaient surprendre par une belle contre-attaque. La transition \u00e9clair des Normands profitait \u00e0 Diliwidi, qui trompait Carvalho d\u2019une frappe crois\u00e9e petit filet. Une fois encore, les hommes de St\u00e9phane Dief payaient cash la moindre approximation \u00e0 domicile.<\/p>\n<p>Bouscul\u00e9s, les Ponots reprenaient toutefois la ma\u00eetrise du ballon face \u00e0 un bloc normand regroup\u00e9 dans un syst\u00e8me d\u00e9fensif en 5-3-2 tr\u00e8s disciplin\u00e9. Faty, tr\u00e8s actif sur son c\u00f4t\u00e9, d\u00e9posait un centre parfait sur la t\u00eate de Nsingi, dont la tentative passait de peu \u00e0 c\u00f4t\u00e9.<\/p>\n<p><strong>Nsingi \u00e9galise et rallume Massot<\/strong><\/p>\n<p>La r\u00e9compense arrivait \u00e0 la 26\u1d49 minute. Apr\u00e8s un coup franc mal n\u00e9goci\u00e9 sur la droite, Goumot r\u00e9cup\u00e9rait le ballon c\u00f4t\u00e9 gauche, \u00e9liminait son vis-\u00e0-vis et centrait fort au second poteau. Zogba pla\u00e7ait une t\u00eate remise dans l\u2019axe et Nsingi, en renard, poussait le cuir au fond, \u00e9galisant logiquement (1-1).<\/p>\n<p>Massot se r\u00e9chauffait, et le match aussi. Quevilly-Rouen reprenait quelques couleurs : Kanout\u00e9, seul au point de penalty, envoyait une frappe trop puissante juste au-dessus du but de Carvalho. Rodrigues, pour Le Puy, se procurait une belle situation en contre juste avant la pause, parfaitement contenue par la d\u00e9fense visiteuse.<\/p>\n<p>Les deux \u00e9quipes rentraient aux vestiaires dos \u00e0 dos, apr\u00e8s une premi\u00e8re p\u00e9riode anim\u00e9e et rythm\u00e9e.<\/p>\n<p><strong>Goumot frappe et lib\u00e8re les siens<\/strong><\/p>\n<p>Avec la ferme intention de hausser le ton, les Ponots revenaient sur la pelouse d\u00e9termin\u00e9s. Ils appuyaient d\u2019entr\u00e9e, \u00e0 l\u2019image de Nsingi qui manquait le cadre sur une splendide ouverture d\u2019Akkal.<\/p>\n<p>Le Puy trouvait finalement l\u2019ouverture \u00e0 la 55\u1d49 minute. Gromat \u00e9cartait sur Akkal qui lan\u00e7ait Goumot c\u00f4t\u00e9 droit. Dans un angle ferm\u00e9, au milieu d\u2019une for\u00eat de jambes, le milieu offensif envoyait une frappe parfaite qui venait se loger dans le petit filet oppos\u00e9. Massot bouillonnait ou presque, Le Puy passait devant (2-1).<br \/>Les Normands ne se montraient r\u00e9ellement mena\u00e7ants qu\u2019\u00e0 l\u2019entr\u00e9e du dernier quart d\u2019heure, dans une action confuse o\u00f9 les Ponots s\u2019en sortaient bien (74\u1d49).<\/p>\n<p>Dans la foul\u00e9e, Xhemo faisait vibrer le stade sur une frappe lourde des 25 m\u00e8tres qui flirtait avec la lucarne.<\/p>\n<p><strong>Une fin de match ma\u00eetris\u00e9e<\/strong><\/p>\n<p>St\u00e9phane Dief rafra\u00eechissait son attaque avec les entr\u00e9es d\u2019Adela\u00efde et Irabor, puis de Wade. Les Ciel et Blanc g\u00e9raient parfaitement les derni\u00e8res minutes, ne laissant que tr\u00e8s peu d\u2019espaces \u00e0 des Normands en manque d\u2019inspiration offensive.<\/p>\n<p>Au terme d\u2019une seconde p\u00e9riode aboutie, Le Puy validait un succ\u00e8s pr\u00e9cieux, le deuxi\u00e8me de la saison \u00e0 Massot.<\/p>\n<p><strong>Une dynamique positive qui se confirme<\/strong><\/p>\n<p>Gr\u00e2ce \u00e0 cette victoire lors de la 14\u1d49 journ\u00e9e, les Ponots poursuivent leur remont\u00e9e et s\u2019installent d\u00e9sormais \u00e0 une encourageante 11\u1d49 place, un classement bien plus coh\u00e9rent avec la qualit\u00e9 de jeu affich\u00e9e depuis le d\u00e9but du mois d\u2019octobre.<\/p>\n","protected":false},"excerpt":{"rendered":"Sous un froid saisissant mais devant un public venu en nombre, Le Puy Foot a sign\u00e9 une prestation&hellip;\n","protected":false},"author":2,"featured_media":553009,"comment_status":"","ping_status":"","sticky":false,"template":"","format":"standard","meta":{"footnotes":""},"categories":[9587],"tags":[1111,2281,11,1777,674,2282,1011,27,2280,2284,2285,2283,12,5161,25,9590],"class_list":{"0":"post-553008","1":"post","2":"type-post","3":"status-publish","4":"format-standard","5":"has-post-thumbnail","7":"category-rouen","8":"tag-actu","9":"tag-actualite-43","10":"tag-actualites","11":"tag-eu","12":"tag-europe","13":"tag-faits-divers-auvergne","14":"tag-fr","15":"tag-france","16":"tag-information-haute-loire","17":"tag-infos-43","18":"tag-journal-haute-loire","19":"tag-la-commere-43","20":"tag-news","21":"tag-normandie","22":"tag-republique-francaise","23":"tag-rouen"},"share_on_mastodon":{"url":"https:\/\/pubeurope.com\/@fr\/115598132571370214","error":""},"_links":{"self":[{"href":"https:\/\/www.europesays.com\/fr\/wp-json\/wp\/v2\/posts\/553008","targetHints":{"allow":["GET"]}}],"collection":[{"href":"https:\/\/www.europesays.com\/fr\/wp-json\/wp\/v2\/posts"}],"about":[{"href":"https:\/\/www.europesays.com\/fr\/wp-json\/wp\/v2\/types\/post"}],"author":[{"embeddable":true,"href":"https:\/\/www.europesays.com\/fr\/wp-json\/wp\/v2\/users\/2"}],"replies":[{"embeddable":true,"href":"https:\/\/www.europesays.com\/fr\/wp-json\/wp\/v2\/comments?post=553008"}],"version-history":[{"count":0,"href":"https:\/\/www.europesays.com\/fr\/wp-json\/wp\/v2\/posts\/553008\/revisions"}],"wp:featuredmedia":[{"embeddable":true,"href":"https:\/\/www.europesays.com\/fr\/wp-json\/wp\/v2\/media\/553009"}],"wp:attachment":[{"href":"https:\/\/www.europesays.com\/fr\/wp-json\/wp\/v2\/media?parent=553008"}],"wp:term":[{"taxonomy":"category","embeddable":true,"href":"https:\/\/www.europesays.com\/fr\/wp-json\/wp\/v2\/categories?post=553008"},{"taxonomy":"post_tag","embeddable":true,"href":"https:\/\/www.europesays.com\/fr\/wp-json\/wp\/v2\/tags?post=553008"}],"curies":[{"name":"wp","href":"https:\/\/api.w.org\/{rel}","templated":true}]}}