{"id":553010,"date":"2025-11-23T08:45:21","date_gmt":"2025-11-23T08:45:21","guid":{"rendered":"https:\/\/www.europesays.com\/fr\/553010\/"},"modified":"2025-11-23T08:45:21","modified_gmt":"2025-11-23T08:45:21","slug":"la-ville-donne-des-recommandations-pour-les-automobilistes","status":"publish","type":"post","link":"https:\/\/www.europesays.com\/fr\/553010\/","title":{"rendered":"la Ville donne des recommandations pour les automobilistes"},"content":{"rendered":"<p>Au petit matin, <a href=\"https:\/\/www.ledauphine.com\/environnement\/2025\/11\/21\/grenoble-s-est-reveillee-sous-la-neige-ce-vendredi-nos-photos\" target=\"_blank\" rel=\"nofollow noopener\">Grenoble s\u2019est r\u00e9veill\u00e9e sous un manteau blanc<\/a>. Si le temps neigeux a pu en ravir certains, il complique cependant le quotidien d\u2019un grand nombre d\u2019habitants. Pour rem\u00e9dier aux nombreux probl\u00e8mes de circulation que cette m\u00e9t\u00e9o peut causer, la Ville \u00e0 mobiliser de nombreux agents du service propret\u00e9 urbaine. Les \u00e9quipes s\u2019affairent donc pour assurer le d\u00e9neigement des pistes cyclables, voies bus, passages pi\u00e9tons et des abords de b\u00e2timent publics. Les riverains devront prendre \u00e0 leur charge le d\u00e9neigement de leurs trottoirs et voie priv\u00e9s.<\/p>\n<p>Pour aider les habitants \u00e0 mieux cohabiter avec les flocons d\u00e9poser sur la voirie, la Ville donne aussi quelques conseils, notamment pour les automobilistes. Les personnes v\u00e9hicul\u00e9es doivent prendre leur mal en patience et pr\u00e9voir des temps de trajets plus long, mod\u00e9rer leur allure, voire m\u00eame pr\u00e9voir leur d\u00e9placement plus tard dans la matin\u00e9e afin de faciliter les op\u00e9rations de d\u00e9neigement. La meilleure solution pour se d\u00e9placer ais\u00e9ment \u00e0 Grenoble aujourd\u2019hui reste les transports collectifs, selon la mairie \u00ab\u00a0les circuits de transport en commun sont d\u00e9neig\u00e9s en priorit\u00e9\u00a0\u00bb.<\/p>\n<p>Un comportement de prudence est donc demand\u00e9 \u00e0 l\u2019ensemble des Grenoblois, ce vendredi, m\u00eame si les habitants peuvent \u00eatre rassur\u00e9s l\u2019\u00e9pisode neigeux ne devrait pas se prolonger dans les prochains jours selon M\u00e9t\u00e9o France.<\/p>\n","protected":false},"excerpt":{"rendered":"Au petit matin, Grenoble s\u2019est r\u00e9veill\u00e9e sous un manteau blanc. Si le temps neigeux a pu en ravir&hellip;\n","protected":false},"author":2,"featured_media":553011,"comment_status":"","ping_status":"","sticky":false,"template":"","format":"standard","meta":{"footnotes":""},"categories":[9566],"tags":[1111,11,2430,4523,112,436,1777,674,1011,27,2731,2732,108,8423,12,25,104],"class_list":{"0":"post-553010","1":"post","2":"type-post","3":"status-publish","4":"format-standard","5":"has-post-thumbnail","7":"category-grenoble","8":"tag-actu","9":"tag-actualites","10":"tag-auvergne-rhone-alpes","11":"tag-conseils-pratiques","12":"tag-edition-grenoble-agglomeration","13":"tag-environnement","14":"tag-eu","15":"tag-europe","16":"tag-fr","17":"tag-france","18":"tag-grenoble","19":"tag-grenoble-bassin","20":"tag-isere","21":"tag-meteorologie-climat","22":"tag-news","23":"tag-republique-francaise","24":"tag-societe"},"share_on_mastodon":{"url":"https:\/\/pubeurope.com\/@fr\/115598139345770353","error":""},"_links":{"self":[{"href":"https:\/\/www.europesays.com\/fr\/wp-json\/wp\/v2\/posts\/553010","targetHints":{"allow":["GET"]}}],"collection":[{"href":"https:\/\/www.europesays.com\/fr\/wp-json\/wp\/v2\/posts"}],"about":[{"href":"https:\/\/www.europesays.com\/fr\/wp-json\/wp\/v2\/types\/post"}],"author":[{"embeddable":true,"href":"https:\/\/www.europesays.com\/fr\/wp-json\/wp\/v2\/users\/2"}],"replies":[{"embeddable":true,"href":"https:\/\/www.europesays.com\/fr\/wp-json\/wp\/v2\/comments?post=553010"}],"version-history":[{"count":0,"href":"https:\/\/www.europesays.com\/fr\/wp-json\/wp\/v2\/posts\/553010\/revisions"}],"wp:featuredmedia":[{"embeddable":true,"href":"https:\/\/www.europesays.com\/fr\/wp-json\/wp\/v2\/media\/553011"}],"wp:attachment":[{"href":"https:\/\/www.europesays.com\/fr\/wp-json\/wp\/v2\/media?parent=553010"}],"wp:term":[{"taxonomy":"category","embeddable":true,"href":"https:\/\/www.europesays.com\/fr\/wp-json\/wp\/v2\/categories?post=553010"},{"taxonomy":"post_tag","embeddable":true,"href":"https:\/\/www.europesays.com\/fr\/wp-json\/wp\/v2\/tags?post=553010"}],"curies":[{"name":"wp","href":"https:\/\/api.w.org\/{rel}","templated":true}]}}