{"id":553018,"date":"2025-11-23T08:50:19","date_gmt":"2025-11-23T08:50:19","guid":{"rendered":"https:\/\/www.europesays.com\/fr\/553018\/"},"modified":"2025-11-23T08:50:19","modified_gmt":"2025-11-23T08:50:19","slug":"illuminations-et-candidats-qui-cherchent-la-lumiere","status":"publish","type":"post","link":"https:\/\/www.europesays.com\/fr\/553018\/","title":{"rendered":"illuminations et candidats qui cherchent la lumi\u00e8re"},"content":{"rendered":"<p>Top d\u00e9part ce vendredi 21 novembre pour <a href=\"https:\/\/www.dna.fr\/culture-loisirs\/2025\/11\/21\/les-lumieres-de-noel-sont-arrivees-avant-l-heure-en-musique\" target=\"_blank\" rel=\"nofollow noopener\">les illuminations de No\u00ebl<\/a> \u00e0 Strasbourg, dans un contexte o\u00f9 les principaux candidats aux \u00e9lections municipales de mars 2026 se battent&#8230; pour prendre la lumi\u00e8re (et accessoirement r\u00e9tablir l&rsquo;\u00e9clairage nocturne dans les rues de la ville, pour deux d&rsquo;entre eux). Un parall\u00e8le savoureux qui a inspir\u00e9 cette semaine notre illustrateur Yannick Lefran\u00e7ois, toujours \u00e0 la recherche d&rsquo;une id\u00e9e lumineuse pour faire rire les lecteurs des DNA&#8230;<\/p>\n","protected":false},"excerpt":{"rendered":"Top d\u00e9part ce vendredi 21 novembre pour les illuminations de No\u00ebl \u00e0 Strasbourg, dans un contexte o\u00f9 les&hellip;\n","protected":false},"author":2,"featured_media":553019,"comment_status":"","ping_status":"","sticky":false,"template":"","format":"standard","meta":{"footnotes":""},"categories":[2820],"tags":[1111,11,2880,1777,674,107,1011,27,775,12,25,104,640,2879],"class_list":{"0":"post-553018","1":"post","2":"type-post","3":"status-publish","4":"format-standard","5":"has-post-thumbnail","7":"category-strasbourg","8":"tag-actu","9":"tag-actualites","10":"tag-edition-strasbourg","11":"tag-eu","12":"tag-europe","13":"tag-fil-info","14":"tag-fr","15":"tag-france","16":"tag-grand-est","17":"tag-news","18":"tag-republique-francaise","19":"tag-societe","20":"tag-strasbourg","21":"tag-strasbourg-ville"},"share_on_mastodon":{"url":"https:\/\/pubeurope.com\/@fr\/115598158940305983","error":""},"_links":{"self":[{"href":"https:\/\/www.europesays.com\/fr\/wp-json\/wp\/v2\/posts\/553018","targetHints":{"allow":["GET"]}}],"collection":[{"href":"https:\/\/www.europesays.com\/fr\/wp-json\/wp\/v2\/posts"}],"about":[{"href":"https:\/\/www.europesays.com\/fr\/wp-json\/wp\/v2\/types\/post"}],"author":[{"embeddable":true,"href":"https:\/\/www.europesays.com\/fr\/wp-json\/wp\/v2\/users\/2"}],"replies":[{"embeddable":true,"href":"https:\/\/www.europesays.com\/fr\/wp-json\/wp\/v2\/comments?post=553018"}],"version-history":[{"count":0,"href":"https:\/\/www.europesays.com\/fr\/wp-json\/wp\/v2\/posts\/553018\/revisions"}],"wp:featuredmedia":[{"embeddable":true,"href":"https:\/\/www.europesays.com\/fr\/wp-json\/wp\/v2\/media\/553019"}],"wp:attachment":[{"href":"https:\/\/www.europesays.com\/fr\/wp-json\/wp\/v2\/media?parent=553018"}],"wp:term":[{"taxonomy":"category","embeddable":true,"href":"https:\/\/www.europesays.com\/fr\/wp-json\/wp\/v2\/categories?post=553018"},{"taxonomy":"post_tag","embeddable":true,"href":"https:\/\/www.europesays.com\/fr\/wp-json\/wp\/v2\/tags?post=553018"}],"curies":[{"name":"wp","href":"https:\/\/api.w.org\/{rel}","templated":true}]}}