{"id":553020,"date":"2025-11-23T08:51:18","date_gmt":"2025-11-23T08:51:18","guid":{"rendered":"https:\/\/www.europesays.com\/fr\/553020\/"},"modified":"2025-11-23T08:51:18","modified_gmt":"2025-11-23T08:51:18","slug":"emanuel-emegha-et-joaquin-panichelli-sont-ils-compatibles-alsasports","status":"publish","type":"post","link":"https:\/\/www.europesays.com\/fr\/553020\/","title":{"rendered":"Emanuel Emegha et Joaquin Panichelli sont-ils compatibles ? \u2014 Alsa&rsquo;Sports"},"content":{"rendered":"<p><strong>Les deux attaquants strasbourgeois, align\u00e9s ensemble pour la quatri\u00e8me fois de la saison, n\u2019ont \u00e9chang\u00e9 qu\u2019une seule fois en 90 minutes lors de la d\u00e9faite \u00e0 Lens ce samedi (1-0), o\u00f9 le xG de l\u2019\u00e9quipe n\u2019a jamais \u00e9t\u00e9 aussi bas cette saison. Ce qui relance le d\u00e9bat sur leur compatibilit\u00e9 ? <\/strong><\/p>\n<p>Un match \u00e0 oublier. Celui des deux attaquants du Racing Emanuel Emegha et Joaquin Panichelli a mis en lumi\u00e8re toute la difficult\u00e9 pour Strasbourg de procurer du danger \u00e0 Lens, un d\u00e9placement toujours d\u00e9licat \u00e0 appr\u00e9hender. 0,45 xG, c\u2019est le taux le plus faible du RCSA cette saison toutes comp\u00e9titions confondues. Les Bleu &amp; Blanc ont pein\u00e9 \u00e0 exister dans les 30 derniers m\u00e8tres adverses, \u00e9touff\u00e9s par la pression constante des Lensois qui leur ont permis de r\u00e9cup\u00e9rer d\u2019innombrables ballons. Et limit\u00e9 la continuit\u00e9 des s\u00e9quences strasbourgeoises (premier tir cadr\u00e9 \u00e0 la 71\u00e8me par Gu\u00e9la Dou\u00e9). <\/p>\n<p>Si bien que Emegha et Panichelli ne se sont \u00e9chang\u00e9s qu\u2019une seule passe durant tout le match (une remise de l\u2019Argentin pour une frappe contr\u00e9e du N\u00e9erlandais). Une statistique \u00e9videmment \u00e9loquente qui mesure les progr\u00e8s \u00e0 r\u00e9aliser pour bonifier les qualit\u00e9s de chacun, m\u00eame contre un adversaire du haut de tableau. \u00ab\u00a0On a deux des meilleurs attaquants en Europe, ils ont jou\u00e9 2 ou 3 fois ensemble, c\u2019est une relation \u00e0 travailler que l\u2019on d\u00e9veloppe\u00a0\u00bb, a d\u00e9clar\u00e9 Justin Walker apr\u00e8s la d\u00e9faite \u00e0 Lens (1-0). \u00ab\u00a0Il y a des automatismes \u00e0 r\u00e9gler pour qu\u2019ils puissent \u00eatre d\u00e9cisifs pour l\u2019\u00e9quipe. Mais \u00e7a prend du temps et je suis s\u00fbr que \u00e7a va finir par payer\u00a0\u00bb.<\/p>\n<p><strong>Des profils diff\u00e9rents, mais compatibles ? <\/strong><\/p>\n<p>Emanuel Emegha et Joaquin Panichelli ont \u00e9t\u00e9 align\u00e9s ensemble pour la quatri\u00e8me fois de la saison (apr\u00e8s Metz, Brondby \u00e0 l\u2019aller et Lille), et la question est sur toutes les l\u00e8vres depuis le d\u00e9but de saison. Les deux attaquants doivent-ils jouer ensemble ? Sont-ils compatibles ? Chacun a d\u00e9j\u00e0 prouv\u00e9 tellement de fois individuellement (grossi\u00e8rement Emegha par la qualit\u00e9 de ses courses et appels sans ballon, Panichelli dans le corps \u00e0 corps et le pivot) que certains estiment qu\u2019ils se brident en \u00e9tant c\u00f4te \u00e0 c\u00f4te. Notre consultant Julien Conrad partageait sa vision dans le Club 1906 apr\u00e8s Lille (victoire 2-0) : \u00ab\u00a0il y a un manque de cr\u00e9ativit\u00e9 entre le milieu et l\u2019attaque quand ils jouent ensemble. Je trouve que ni l\u2019un ni l\u2019autre n\u2019est suffisamment efficace dans l\u2019avant derni\u00e8re passe. On a deux profils diff\u00e9rents mais pas encore compatibles. Les deux font 1m90 et ne sont pas les plus fins techniquement. Mais \u00e7a peut marcher car \u00e7a p\u00e8se sur une d\u00e9fense pour lib\u00e9rer les c\u00f4t\u00e9s.\u00a0\u00bb <\/p>\n<p>Aucune v\u00e9rit\u00e9 absolue n\u2019est \u00e0 retirer de ces questionnements, et chaque rencontre raconte une autre histoire. Il est aussi difficile pour un entra\u00eeneur de ne pas essayer de les faire jouer ensemble tant ils rayonnent lorsqu\u2019ils sont seuls en pointe. Ce sujet rel\u00e8ve d\u2019ailleurs d\u2019un des plus grands d\u00e9fis de la carri\u00e8re de Liam Rosenior, comme il le soulignait en conf\u00e9rence de presse r\u00e9cemment. Bollaert n\u2019a pas souri aux deux Strasbourgeois mais il fallait peut-\u00eatre ce genre d\u2019essai pour apprendre \u00e0 nouer une relation technique et jouer la m\u00eame musique. Piano Piano. <\/p>\n","protected":false},"excerpt":{"rendered":"Les deux attaquants strasbourgeois, align\u00e9s ensemble pour la quatri\u00e8me fois de la saison, n\u2019ont \u00e9chang\u00e9 qu\u2019une seule fois&hellip;\n","protected":false},"author":2,"featured_media":553021,"comment_status":"","ping_status":"","sticky":false,"template":"","format":"standard","meta":{"footnotes":""},"categories":[2820],"tags":[1111,11,11787,1777,674,63,1011,27,775,40773,12,4448,25,640],"class_list":{"0":"post-553020","1":"post","2":"type-post","3":"status-publish","4":"format-standard","5":"has-post-thumbnail","7":"category-strasbourg","8":"tag-actu","9":"tag-actualites","10":"tag-emanuel-emegha","11":"tag-eu","12":"tag-europe","13":"tag-football","14":"tag-fr","15":"tag-france","16":"tag-grand-est","17":"tag-joaquin-panichelli","18":"tag-news","19":"tag-rc-strasbourg","20":"tag-republique-francaise","21":"tag-strasbourg"},"share_on_mastodon":{"url":"","error":""},"_links":{"self":[{"href":"https:\/\/www.europesays.com\/fr\/wp-json\/wp\/v2\/posts\/553020","targetHints":{"allow":["GET"]}}],"collection":[{"href":"https:\/\/www.europesays.com\/fr\/wp-json\/wp\/v2\/posts"}],"about":[{"href":"https:\/\/www.europesays.com\/fr\/wp-json\/wp\/v2\/types\/post"}],"author":[{"embeddable":true,"href":"https:\/\/www.europesays.com\/fr\/wp-json\/wp\/v2\/users\/2"}],"replies":[{"embeddable":true,"href":"https:\/\/www.europesays.com\/fr\/wp-json\/wp\/v2\/comments?post=553020"}],"version-history":[{"count":0,"href":"https:\/\/www.europesays.com\/fr\/wp-json\/wp\/v2\/posts\/553020\/revisions"}],"wp:featuredmedia":[{"embeddable":true,"href":"https:\/\/www.europesays.com\/fr\/wp-json\/wp\/v2\/media\/553021"}],"wp:attachment":[{"href":"https:\/\/www.europesays.com\/fr\/wp-json\/wp\/v2\/media?parent=553020"}],"wp:term":[{"taxonomy":"category","embeddable":true,"href":"https:\/\/www.europesays.com\/fr\/wp-json\/wp\/v2\/categories?post=553020"},{"taxonomy":"post_tag","embeddable":true,"href":"https:\/\/www.europesays.com\/fr\/wp-json\/wp\/v2\/tags?post=553020"}],"curies":[{"name":"wp","href":"https:\/\/api.w.org\/{rel}","templated":true}]}}