{"id":553030,"date":"2025-11-23T08:56:12","date_gmt":"2025-11-23T08:56:12","guid":{"rendered":"https:\/\/www.europesays.com\/fr\/553030\/"},"modified":"2025-11-23T08:56:12","modified_gmt":"2025-11-23T08:56:12","slug":"toute-une-semaine-dediee-aux-familles-en-gironde","status":"publish","type":"post","link":"https:\/\/www.europesays.com\/fr\/553030\/","title":{"rendered":"toute une semaine d\u00e9di\u00e9e aux familles en Gironde"},"content":{"rendered":"<p>                    Par<br \/>\n        <strong><br \/>\n            <a href=\"https:\/\/actu.fr\/auteur\/bpeyre\" title=\"Consulter tous les articles de Bernard Peyr\u00e9\" rel=\"nofollow noopener\" target=\"_blank\">Bernard Peyr\u00e9<\/a><br \/>\n                    <\/strong><\/p>\n<p>        Publi\u00e9 le<\/p>\n<p>            23 nov. 2025 \u00e0 7h46        <\/p>\n<p>La communaut\u00e9 de communes du Sud-Gironde \u00e0 <a href=\"https:\/\/actu.fr\/?s=Maz%C3%A8res\" rel=\"nofollow noopener\" target=\"_blank\">Maz\u00e8res<\/a> (<a href=\"https:\/\/actu.fr\/?s=gironde\" rel=\"nofollow noopener\" target=\"_blank\">Gironde<\/a>) et ses partenaires organisent pour les familles <b>une semaine d\u2019\u00e9changes, d\u2019ateliers et de rencontres<\/b> <b>autour de la parentalit\u00e9<\/b>, \u00ab\u00a0<a href=\"https:\/\/cdcsudgironde.fr\/\" rel=\"nofollow noopener\" target=\"_blank\">Ensemble pour grandir<\/a>\u00ab\u00a0, du 29 novembre au 6 d\u00e9cembre 2025, dans plusieurs communes du Sud-Gironde.<\/p>\n<p class=\" wall-content\">\u00ab C\u2019est l\u2019occasion d\u2019\u00e9changer, de partager et de s\u2019informer dans une ambiance conviviale mais aussi de mesurer la richesse de <b>l\u2019offre d\u00e9di\u00e9e aux familles<\/b> sur le territoire en rencontrant les partenaires qui \u0153uvrent au quotidien pour les accompagner \u00bb, explique la cdc du Sud-Gironde.<\/p>\n<p>Un forum \u00e0 la salle Nougaro<\/p>\n<p class=\" wall-content\">Le samedi 29 novembre, de 9 h 30 \u00e0 18 h 30, le <b>Forum \u00ab\u00a0Ensemble pour grandir\u00a0\u00bb<\/b> ouvrira cette semaine d\u2019\u00e9v\u00e9nements \u00e0 l\u2019Espace Claude-Nougaro \u00e0 Langon. <b>L\u2019entr\u00e9e est gratuite.<\/b><\/p>\n<p class=\" wall-content\">De nombreux partenaires et acteurs du territoire (services publics, associations, structures m\u00e9dico-sociales et \u00e9ducatives) seront pr\u00e9sents pour \u00e9changer, conseiller et proposer des activit\u00e9s \u00e0 destination des parents et des enfants.<\/p>\n<p class=\" wall-content\">De 9 h 30 \u00e0 16 h 30, des ateliers et animations gratuits seront propos\u00e9s en acc\u00e8s libre :<\/p>\n<p>Vid\u00e9os : en ce moment sur Actu<\/p>\n<ul class=\" wall-content\">\n<li>Le centre hospitalier de Langon animera des ateliers \u00ab <b>Gestes qui sauvent <\/b>\u00bb et \u00ab <b>Nesting<\/b> \u00bb<\/li>\n<li>La <b>Ludoth\u00e8que \u00c9ph\u00e9m\u00e8re<\/b> installera ses jeux surdimensionn\u00e9s<\/li>\n<li>L\u2019ADAV 33 proposera un d\u00e9bat mouvant intitul\u00e9 \u00ab<b>#Parents #Ados<\/b> \u2013 Tu ne m\u2019\u00e9coutes jamais ! \u00bb<\/li>\n<li>La Mission Locale Sud-Gironde organisera une <b>animation Kahoot<\/b><\/li>\n<li>La communaut\u00e9 de communes du Sud Gironde pr\u00e9sentera plusieurs ateliers participatifs : sport inclusif \u2013 <b>Boccia<\/b>, \u00ab Dorlote ton parent \u00bb (en partenariat avec EnCorps) et \u00ab Sur le m\u00eame bateau \u00bb, un d\u00e9fi cr\u00e9atif autour du lien familial<\/li>\n<li>Certains ateliers (<b>motricit\u00e9, massage b\u00e9b\u00e9, signes avec b\u00e9b\u00e9, ateliers cuisine<\/b> pour toute la famille) se feront sur inscription pr\u00e9alable sur le <a href=\"https:\/\/cdcsudgironde.fr\/vie-quotidienne\/ensemble-pour-grandir\/\" rel=\"nofollow noopener\" target=\"_blank\">site de la cdc<\/a>.<\/li>\n<li>Une <b>restauration <\/b>sur place sera assur\u00e9e toute la journ\u00e9e et un go\u00fbter sera offert \u00e0 16 h<\/li>\n<\/ul>\n<p>Votre r\u00e9gion, votre actu !<\/p>\n<p>Recevez chaque jour les infos qui comptent pour vous.<\/p>\n<p>\t<a href=\"https:\/\/actu.fr\/newsletter\" class=\"ac-btn ac-btn--corner ac-btn--medium ac-btn--blue800\" rel=\"nofollow noopener\" target=\"_blank\">S&rsquo;incrire<\/a><br \/>\nUn spectacle familial<\/p>\n<p class=\" wall-content\">La journ\u00e9e se cl\u00f4turera \u00e0 17 h avec le spectacle familial \u00ab <a href=\"https:\/\/www.ravinerousse.net\/bulle-bling\" rel=\"nofollow noopener\" target=\"_blank\">Bulle &amp; Bling <\/a>\u00bb de la Compagnie de la Ravine Rousse.<\/p>\n<p class=\" wall-content\">Ce duo musical et acrobatique de <b>Pr\u00e9chac<\/b> m\u00eale <b>danse, musique et po\u00e9sie<\/b> autour d\u2019un costume original : une sph\u00e8re en tissu arm\u00e9 dans laquelle la danseuse donne vie \u00e0 des images oniriques et d\u00e9cal\u00e9es.<\/p>\n<p>Les Rendez-vous des parents<\/p>\n<p class=\" wall-content\">L\u2019\u00e9v\u00e9nement se poursuivra la semaine suivante avec une s\u00e9rie de \u00ab <b>Rendez-vous des parent<\/b>s \u00bb, anim\u00e9s par des \u00e9ducateurs sp\u00e9cialis\u00e9s, psychologues et professionnels des Relais petite enfance.<\/p>\n<p class=\" wall-content\">Ces temps d\u2019\u00e9change aborderont diff\u00e9rents th\u00e8mes du quotidien parental:<\/p>\n<ul class=\" wall-content\">\n<li><b>Conflits et harc\u00e8lement<\/b><\/li>\n<li><b>Jeu et d\u00e9veloppement<\/b><\/li>\n<li><b>Autorit\u00e9<\/b><\/li>\n<li><b>Emotions<\/b><\/li>\n<li><b>Usages du num\u00e9rique<\/b><\/li>\n<\/ul>\n<p class=\" wall-content\">Les rencontres auront lieu \u00e0<\/p>\n<ul class=\" wall-content\">\n<li><b>Langon, <\/b>le 1er\u00a0d\u00e9cembre (Conflits et harc\u00e8lement, 17 h \u2013 18 h)<\/li>\n<li><b>Noaillan,<\/b> le 2 d\u00e9cembre (Jeu et d\u00e9veloppement, 17 h \u2013 18 h)<\/li>\n<li><b>Bieujac<\/b>, le 3 d\u00e9cembre (\u00c9cran et num\u00e9rique, 17 h \u2013 18 h)<\/li>\n<li><b>Saint-Maixant<\/b>, le 4 d\u00e9cembre (Parlons d\u2019autorit\u00e9, 17 h \u2013 18 h)<\/li>\n<li><b>Saint-Symphorien,<\/b> le 5 d\u00e9cembre (Les \u00e9motions, 16 h 30 \u2013 17 h 30)<\/li>\n<li><b>Langon,<\/b> le 6 d\u00e9cembre (Parlons de nos ados, 10 h -12 h)<\/li>\n<\/ul>\n<p class=\" wall-content\">Infos et inscriptions sur le site de la cdc.<\/p>\n<p>Conf\u00e9rence sur les ados<\/p>\n<p class=\" wall-content\">D\u2019autres temps forts en soir\u00e9e rythmeront \u00e9galement cette semaine d\u00e9di\u00e9e \u00e0 la parentalit\u00e9.<\/p>\n<p class=\" wall-content\">Le mardi 2\u00a0d\u00e9cembre, une conf\u00e9rence intitul\u00e9e \u00ab <b>Parents en mode 4G, ados en mode avion<\/b> : comment trouver la bonne connexion ? \u00bb sera propos\u00e9e \u00e0 20 h \u00e0 la salle des f\u00eates de Saint-Macaire. Cette soir\u00e9e, r\u00e9serv\u00e9e aux parents, permettra des \u00e9changes libres autour de la communication entre g\u00e9n\u00e9rations.<\/p>\n<p class=\" wall-content\">Le jeudi 4\u00a0d\u00e9cembre, le centre culturel des Carmes \u00e0 <b>Langon <\/b>accueillera \u00e0 20 h une <b>soir\u00e9e cin\u00e9-d\u00e9bat<\/b> autour du film \u00c0 plein temps d\u2019\u00c9ric Gravel. La projection sera suivie d\u2019un \u00e9change sur l\u2019\u00e9puisement parental, anim\u00e9 par des professionnelles du soin.<\/p>\n<p>Une soir\u00e9e th\u00e9\u00e2tre d\u2019impro\u00a0<\/p>\n<p class=\" wall-content\">Le vendredi 5\u00a0d\u00e9cembre, la salle des f\u00eates du <b>Pian-sur-Garonne <\/b>accueillera \u00e0 20 h une <b>soir\u00e9e th\u00e9\u00e2tre d\u2019impro<\/b> avec la compagnie Comme l\u2019Animal. Le spectacle \u00ab <b>Parents : une pause s\u2019impose !<\/b> \u00bb abordera, avec humour et sensibilit\u00e9, les difficult\u00e9s rencontr\u00e9es par les parents au quotidien.<\/p>\n<p class=\" wall-content\">Pour chacune de ces soir\u00e9es, un <b>service de garderie gratuit<\/b> sera propos\u00e9 \u00e0 partir de 3\u00a0ans (inscription obligatoire). Infos et inscriptions sur le site de la cdc.<\/p>\n<p>Toutes les animations sont gratuites. Programme complet sur : <a href=\"https:\/\/cdcsudgironde.fr\/wp-content\/uploads\/2025\/11\/Programme-V3.pdf\" rel=\"nofollow noopener\" target=\"_blank\">cdcsudgironde.fr<\/a><\/p>\n<p class=\" wall-content\">Personnalisez votre actualit\u00e9 en ajoutant vos villes et m\u00e9dias en favori avec <a href=\"https:\/\/moncompte.actu.fr\" title=\"D\u00e9couvez Mon Actu\" rel=\"nofollow noopener\" data-trk=\"{&quot;cta&quot;:{&quot;action&quot;:&quot;https:\\\/\\\/moncompte.actu.fr&quot;,&quot;category&quot;:&quot;mon compte&quot;,&quot;from&quot;:&quot;article footer&quot;,&quot;name&quot;:&quot;Mon actu&quot;,&quot;type&quot;:&quot;cta&quot;}}\" target=\"_blank\">Mon Actu<\/a>.<\/p>\n","protected":false},"excerpt":{"rendered":"Par Bernard Peyr\u00e9 Publi\u00e9 le 23 nov. 2025 \u00e0 7h46 La communaut\u00e9 de communes du Sud-Gironde \u00e0 Maz\u00e8res&hellip;\n","protected":false},"author":2,"featured_media":553031,"comment_status":"","ping_status":"","sticky":false,"template":"","format":"standard","meta":{"footnotes":""},"categories":[2817],"tags":[1111,11,1997,1057,1719,1777,674,652,1011,27,12,2219,25,104],"class_list":{"0":"post-553030","1":"post","2":"type-post","3":"status-publish","4":"format-standard","5":"has-post-thumbnail","7":"category-bordeaux","8":"tag-actu","9":"tag-actualites","10":"tag-bordeaux","11":"tag-education","12":"tag-enfants","13":"tag-eu","14":"tag-europe","15":"tag-famille","16":"tag-fr","17":"tag-france","18":"tag-news","19":"tag-nouvelle-aquitaine","20":"tag-republique-francaise","21":"tag-societe"},"share_on_mastodon":{"url":"https:\/\/pubeurope.com\/@fr\/115598182678615229","error":""},"_links":{"self":[{"href":"https:\/\/www.europesays.com\/fr\/wp-json\/wp\/v2\/posts\/553030","targetHints":{"allow":["GET"]}}],"collection":[{"href":"https:\/\/www.europesays.com\/fr\/wp-json\/wp\/v2\/posts"}],"about":[{"href":"https:\/\/www.europesays.com\/fr\/wp-json\/wp\/v2\/types\/post"}],"author":[{"embeddable":true,"href":"https:\/\/www.europesays.com\/fr\/wp-json\/wp\/v2\/users\/2"}],"replies":[{"embeddable":true,"href":"https:\/\/www.europesays.com\/fr\/wp-json\/wp\/v2\/comments?post=553030"}],"version-history":[{"count":0,"href":"https:\/\/www.europesays.com\/fr\/wp-json\/wp\/v2\/posts\/553030\/revisions"}],"wp:featuredmedia":[{"embeddable":true,"href":"https:\/\/www.europesays.com\/fr\/wp-json\/wp\/v2\/media\/553031"}],"wp:attachment":[{"href":"https:\/\/www.europesays.com\/fr\/wp-json\/wp\/v2\/media?parent=553030"}],"wp:term":[{"taxonomy":"category","embeddable":true,"href":"https:\/\/www.europesays.com\/fr\/wp-json\/wp\/v2\/categories?post=553030"},{"taxonomy":"post_tag","embeddable":true,"href":"https:\/\/www.europesays.com\/fr\/wp-json\/wp\/v2\/tags?post=553030"}],"curies":[{"name":"wp","href":"https:\/\/api.w.org\/{rel}","templated":true}]}}