{"id":55304,"date":"2025-04-26T21:18:20","date_gmt":"2025-04-26T21:18:20","guid":{"rendered":"https:\/\/www.europesays.com\/fr\/55304\/"},"modified":"2025-04-26T21:18:20","modified_gmt":"2025-04-26T21:18:20","slug":"tuerie-de-nantes-on-retrouve-cet-acharnement-dans-les-feminicides","status":"publish","type":"post","link":"https:\/\/www.europesays.com\/fr\/55304\/","title":{"rendered":"Tuerie de Nantes\u00a0: \u00ab\u00a0On retrouve cet acharnement dans les f\u00e9minicides\u00a0\u00bb"},"content":{"rendered":"<p class=\"paragraph text_align_left\">Longtemps psychologue aupr\u00e8s des d\u00e9tenus de la prison de Fleury-M\u00e9rogis, psychoth\u00e9rapeute et enseignant \u00e0 l\u2019institut de criminologie de l\u2019universit\u00e9 parisienne Panth\u00e9on-Assas, Laurent Caillard analyse la violence extr\u00eame d\u00e9ploy\u00e9e <a href=\"https:\/\/www.leparisien.fr\/faits-divers\/agression-meurtriere-de-nantes-12h25-justin-p-sapprete-a-semer-la-terreur-24-04-2025-LHKAQ6HLE5HN5FSAU5UXD5TA6Y.php\" target=\"_blank\" rel=\"nofollow noopener\">par l\u2019auteur de la tuerie du lyc\u00e9e de Nantes<\/a>. Elle se rapproche, pense-t-il, de m\u00e9canismes observ\u00e9s <a href=\"https:\/\/www.leparisien.fr\/faits-divers\/feminicides-francais-dage-moyen-inactif-le-profil-type-du-meurtrier-07-04-2023-X4BIDNOEIJGBNDST3A6T2GWKSQ.php\" target=\"_blank\" rel=\"nofollow noopener\">dans les cas de f\u00e9minicides<\/a>.<\/p>\n<p class=\"paragraph text_align_left\"><b>Un d\u00e9cha\u00eenement comme celui observ\u00e9 au lyc\u00e9e de Nantes est-il fr\u00e9quent dans les attaques au couteau\u00a0?<\/b><\/p>\n","protected":false},"excerpt":{"rendered":"Longtemps psychologue aupr\u00e8s des d\u00e9tenus de la prison de Fleury-M\u00e9rogis, psychoth\u00e9rapeute et enseignant \u00e0 l\u2019institut de criminologie de&hellip;\n","protected":false},"author":2,"featured_media":55305,"comment_status":"","ping_status":"","sticky":false,"template":"","format":"standard","meta":{"footnotes":""},"categories":[2818],"tags":[1111,11,459,1777,674,118,1011,27,766,12,2636,25],"class_list":{"0":"post-55304","1":"post","2":"type-post","3":"status-publish","4":"format-standard","5":"has-post-thumbnail","7":"category-nantes","8":"tag-actu","9":"tag-actualites","10":"tag-departements-horsidfo","11":"tag-eu","12":"tag-europe","13":"tag-faits-divers","14":"tag-fr","15":"tag-france","16":"tag-nantes","17":"tag-news","18":"tag-pays-de-la-loire","19":"tag-republique-francaise"},"share_on_mastodon":{"url":"https:\/\/pubeurope.com\/@fr\/114406352712833957","error":""},"_links":{"self":[{"href":"https:\/\/www.europesays.com\/fr\/wp-json\/wp\/v2\/posts\/55304","targetHints":{"allow":["GET"]}}],"collection":[{"href":"https:\/\/www.europesays.com\/fr\/wp-json\/wp\/v2\/posts"}],"about":[{"href":"https:\/\/www.europesays.com\/fr\/wp-json\/wp\/v2\/types\/post"}],"author":[{"embeddable":true,"href":"https:\/\/www.europesays.com\/fr\/wp-json\/wp\/v2\/users\/2"}],"replies":[{"embeddable":true,"href":"https:\/\/www.europesays.com\/fr\/wp-json\/wp\/v2\/comments?post=55304"}],"version-history":[{"count":0,"href":"https:\/\/www.europesays.com\/fr\/wp-json\/wp\/v2\/posts\/55304\/revisions"}],"wp:featuredmedia":[{"embeddable":true,"href":"https:\/\/www.europesays.com\/fr\/wp-json\/wp\/v2\/media\/55305"}],"wp:attachment":[{"href":"https:\/\/www.europesays.com\/fr\/wp-json\/wp\/v2\/media?parent=55304"}],"wp:term":[{"taxonomy":"category","embeddable":true,"href":"https:\/\/www.europesays.com\/fr\/wp-json\/wp\/v2\/categories?post=55304"},{"taxonomy":"post_tag","embeddable":true,"href":"https:\/\/www.europesays.com\/fr\/wp-json\/wp\/v2\/tags?post=55304"}],"curies":[{"name":"wp","href":"https:\/\/api.w.org\/{rel}","templated":true}]}}