{"id":553040,"date":"2025-11-23T09:03:11","date_gmt":"2025-11-23T09:03:11","guid":{"rendered":"https:\/\/www.europesays.com\/fr\/553040\/"},"modified":"2025-11-23T09:03:11","modified_gmt":"2025-11-23T09:03:11","slug":"marseille-circulation-et-stationnement-interdits-sur-la-corniche-ce-quil-faut-savoir","status":"publish","type":"post","link":"https:\/\/www.europesays.com\/fr\/553040\/","title":{"rendered":"Marseille. Circulation et stationnement interdits sur la Corniche : ce qu&rsquo;il faut savoir"},"content":{"rendered":"<p>                    Par<br \/>\n        <strong><br \/>\n            <a href=\"https:\/\/actu.fr\/auteur\/fabien-binacchi\" title=\"Consulter tous les articles de Fabien Binacchi\" target=\"_blank\" rel=\"noopener\">Fabien Binacchi<\/a><br \/>\n                    <\/strong><\/p>\n<p>        Publi\u00e9 le<\/p>\n<p>            23 nov. 2025 \u00e0 9h53        <\/p>\n<p>\u200bIl faudra faire avec un ciel bouch\u00e9 et <a href=\"https:\/\/actu.fr\/provence-alpes-cote-d-azur\/marseille_13055\/temperatures-a-marseille-le-coup-de-froid-a-son-maximum-du-vent-fort-une-alerte-activee_63465593.html\" target=\"_blank\" rel=\"noopener\">des temp\u00e9ratures en dessous des normales de saison,<\/a> pas plus de 11\u00b0C. Ce dimanche 23\u00a0novembre 2025, la m\u00e9t\u00e9o s\u2019annonce maussade pour la 33e \u00e9dition de \u00ab\u2009La Voie est Libre\u2009\u00bb sur la <a href=\"https:\/\/actu.fr\/tag\/corniche\" target=\"_blank\" rel=\"noopener\">Corniche,<\/a> dans le 7e arrondissement de <a href=\"https:\/\/actu.fr\/marseille\/\" target=\"_blank\" rel=\"noopener\">Marseille.<\/a> La route du bord de mer, dans le Sud de la cit\u00e9 phoc\u00e9enne, est interdite aux voitures <strong>de la rue Capitaine Dessemond au parc Talabot<\/strong> pour \u00ab\u2009faire la part belle aux promeneurs et aux mobilit\u00e9s douces\u2009\u00bb de 10h \u00e0 17h, fait savoir la municipalit\u00e9. Voici ce qui est pr\u00e9vu.<\/p>\n<p class=\" wall-content\">La Mairie promet \u00ab\u2009une large gamme de services gratuits, allant <strong>de la restauration <\/strong>\u00e0<strong> des animations culturelles, musicales et sportives<\/strong>\u2009\u00bb. Le programme complet et la carte des diff\u00e9rents stands sont \u00e0 retrouver en cliquant sur <a href=\"https:\/\/www.marseille.fr\/environnement\/actualites\/la-voie-est-libre\" target=\"_blank\" rel=\"noopener\">ce lien.<\/a><\/p>\n<p class=\" wall-content\">Au cours cette 33e \u00e9dition, Lime, l\u2019un des deux op\u00e9rateurs de trottinettes en libre-service \u00e0 Marseille, distribuera \u00ab\u2009gratuitement\u2009\u00bb des casques, <a href=\"https:\/\/actu.fr\/provence-alpes-cote-d-azur\/marseille_13055\/marseille-des-trajets-a-trottinette-moins-chers-cette-nouvelle-fonctionnalite-en-action_63460112.html\" target=\"_blank\" rel=\"noopener\">a-t-il annonc\u00e9.<\/a> En partenariat la police municipale, la soci\u00e9t\u00e9 m\u00e8nera \u00e9galement \u00e0 cette occasion <strong>\u00ab\u2009une op\u00e9ration de sensibilisation sur les bonnes pratiques de conduite\u2009\u00bb.<\/strong><\/p>\n<p>Les bus de la RTM sont chamboul\u00e9s<\/p>\n<p class=\" wall-content\">Pour pouvoir proposer ce nouveau rendez-vous, des mesures ont \u00e9t\u00e9 prises pour lib\u00e9rer l\u2019espace. Et notamment du c\u00f4t\u00e9 de la RTM qui <strong>adapte son service de bus jusqu\u2019\u00e0 18h.<\/strong><\/p>\n<p class=\" wall-content\">\n<p class=\" wall-content\">Deux lignes sont impact\u00e9es\u2009:<\/p>\n<ul class=\" wall-content\">\n<li>Bus\u00a074<br \/>Les arr\u00eats Traverse Nicolas et Oriol Corniche ne sont pas desservis et la boucle du Vallon de l\u2019Oriol n\u2019est pas effectu\u00e9e<\/li>\n<li>Bus 83<br \/>Douze arr\u00eats sont non desservis\u2009: Corniche Dessemond, Corniche Fr\u00e9gier, Vallon des Auffes, Endoume, Fausse Monnaie, Parc Valmer, Vallon de la Baudille, Vallon de l\u2019Oriol, Corniche Napoule, Plage du Proph\u00e8te, Chemin du Roucas Blanc, Corniche Talabot<\/li>\n<\/ul>\n<p class=\" wall-content\">Un <strong>service de navettes<\/strong> est en place entre Arenc Eurom\u00e9diterran\u00e9e et Catalans (Bus 54 situ\u00e9 rue du Capitaine Dessemond) et de Stade Nautique \u00e0 M\u00e9tro Rond Point du Prado.<\/p>\n<p>Votre r\u00e9gion, votre actu !<\/p>\n<p>Recevez chaque jour les infos qui comptent pour vous.<\/p>\n<p>\t<a href=\"https:\/\/actu.fr\/newsletter\" class=\"ac-btn ac-btn--corner ac-btn--medium ac-btn--blue800\" target=\"_blank\" rel=\"noopener\">S&rsquo;incrire<\/a><br \/>\nStationnement et circulation interdits<\/p>\n<p class=\" wall-content\">Le stationnement sur la Corniche est interdit <strong>jusqu\u2019au lundi\u00a024, \u00e0 23h\u2009:<\/strong><\/p>\n<ul class=\" wall-content\">\n<li>Sur la totalit\u00e9 des emplacements du terre-plein situ\u00e9 \u00e0 la hauteur du n\u00b0397,<\/li>\n<li>C\u00f4t\u00e9 impair, sur 20m \u00e0 la hauteur du chemin du Vallon de l\u2019Oriol.<\/li>\n<\/ul>\n<p class=\" wall-content\">Il reste \u00e9galement proscrit <strong>jusqu\u2019\u00e0 lundi midi\u2009:<\/strong><\/p>\n<ul class=\" wall-content\">\n<li>Place Paul-Ricard en totalit\u00e9,<\/li>\n<li>Parking face \u00e0 la Villa Gaby,<\/li>\n<li>Parking de l\u2019H\u00e9lice (M\u00e9morial des Rapatri\u00e9s d\u2019Alg\u00e9rie) en totalit\u00e9,<\/li>\n<li>Square Danjaume en totalit\u00e9.<\/li>\n<\/ul>\n<p class=\" wall-content\">Et <strong>jusqu\u2019\u00e0 ce dimanche soir, 23\u2009h\u2009:<\/strong><\/p>\n<p class=\" wall-content\">Corniche<\/p>\n<ul class=\" wall-content\">\n<li>Parking du Mar\u00e9graphe en totalit\u00e9,<\/li>\n<li>Parking du Proph\u00e8te en totalit\u00e9,<\/li>\n<li>Entre l\u2019avenue Talabot et la rue Capitaine-Dessemond, des deux c\u00f4t\u00e9s,<\/li>\n<li>Entre l\u2019avenue du Colonel-S\u00e9rot et l\u2019avenue Talabot des deux c\u00f4t\u00e9s.<\/li>\n<\/ul>\n<p class=\" wall-content\">Traverse Sainte-H\u00e9l\u00e8ne<\/p>\n<ul class=\" wall-content\">\n<li>Entre la rue Pierre-Mouren et la Corniche des deux c\u00f4t\u00e9s.<\/li>\n<\/ul>\n<p class=\" wall-content\">Promenade Pompidou<\/p>\n<ul class=\" wall-content\">\n<li>Entre l\u2019avenue du Colonel-S\u00e9rot et la rue du Commandant-Rolland des deux c\u00f4t\u00e9s.<\/li>\n<\/ul>\n<p class=\" wall-content\">Rue F\u00e9lix Fr\u00e9gier<\/p>\n<ul class=\" wall-content\">\n<li>Entre la Corniche et le n\u02da7 sur dix emplacements r\u00e9glement\u00e9s.<\/li>\n<\/ul>\n<p class=\" wall-content\">La circulation reste, elle, coup\u00e9e <strong>jusqu\u2019\u00e0 18h ce dimanche<\/strong>\u2009:<\/p>\n<ul class=\" wall-content\">\n<li>Corniche entre la promenade Georges Pompidou et l\u2019avenue Talabot et dans ce sens<\/li>\n<li>L\u2019avenue Talabot et la rue du Capitaine-Dessemond<\/li>\n<li>La traverse Pey entre le boulevard Bompard et la Corniche<\/li>\n<li>La rue Pierre-Mouren entre la rue d\u2019Endoume et la Corniche<\/li>\n<li>La promenade Georges Pompidou entre la rue du Commandant-Rolland et la Corniche.<\/li>\n<\/ul>\n<p class=\" wall-content\">Personnalisez votre actualit\u00e9 en ajoutant vos villes et m\u00e9dias en favori avec <a href=\"https:\/\/moncompte.actu.fr\" title=\"D\u00e9couvez Mon Actu\" rel=\"nofollow noopener\" data-trk=\"{&quot;cta&quot;:{&quot;action&quot;:&quot;https:\\\/\\\/moncompte.actu.fr&quot;,&quot;category&quot;:&quot;mon compte&quot;,&quot;from&quot;:&quot;article footer&quot;,&quot;name&quot;:&quot;Mon actu&quot;,&quot;type&quot;:&quot;cta&quot;}}\" target=\"_blank\">Mon Actu<\/a>.<\/p>\n","protected":false},"excerpt":{"rendered":"Par Fabien Binacchi Publi\u00e9 le 23 nov. 2025 \u00e0 9h53 \u200bIl faudra faire avec un ciel bouch\u00e9 et&hellip;\n","protected":false},"author":2,"featured_media":553041,"comment_status":"","ping_status":"","sticky":false,"template":"","format":"standard","meta":{"footnotes":""},"categories":[2814],"tags":[1111,11,7958,51,1777,674,1011,27,884,12,882,25,104,2803],"class_list":{"0":"post-553040","1":"post","2":"type-post","3":"status-publish","4":"format-standard","5":"has-post-thumbnail","7":"category-marseille","8":"tag-actu","9":"tag-actualites","10":"tag-corniche","11":"tag-ecologie","12":"tag-eu","13":"tag-europe","14":"tag-fr","15":"tag-france","16":"tag-marseille","17":"tag-news","18":"tag-provence-alpes-cote-dazur","19":"tag-republique-francaise","20":"tag-societe","21":"tag-transport"},"share_on_mastodon":{"url":"https:\/\/pubeurope.com\/@fr\/115598210167645114","error":""},"_links":{"self":[{"href":"https:\/\/www.europesays.com\/fr\/wp-json\/wp\/v2\/posts\/553040","targetHints":{"allow":["GET"]}}],"collection":[{"href":"https:\/\/www.europesays.com\/fr\/wp-json\/wp\/v2\/posts"}],"about":[{"href":"https:\/\/www.europesays.com\/fr\/wp-json\/wp\/v2\/types\/post"}],"author":[{"embeddable":true,"href":"https:\/\/www.europesays.com\/fr\/wp-json\/wp\/v2\/users\/2"}],"replies":[{"embeddable":true,"href":"https:\/\/www.europesays.com\/fr\/wp-json\/wp\/v2\/comments?post=553040"}],"version-history":[{"count":0,"href":"https:\/\/www.europesays.com\/fr\/wp-json\/wp\/v2\/posts\/553040\/revisions"}],"wp:featuredmedia":[{"embeddable":true,"href":"https:\/\/www.europesays.com\/fr\/wp-json\/wp\/v2\/media\/553041"}],"wp:attachment":[{"href":"https:\/\/www.europesays.com\/fr\/wp-json\/wp\/v2\/media?parent=553040"}],"wp:term":[{"taxonomy":"category","embeddable":true,"href":"https:\/\/www.europesays.com\/fr\/wp-json\/wp\/v2\/categories?post=553040"},{"taxonomy":"post_tag","embeddable":true,"href":"https:\/\/www.europesays.com\/fr\/wp-json\/wp\/v2\/tags?post=553040"}],"curies":[{"name":"wp","href":"https:\/\/api.w.org\/{rel}","templated":true}]}}