{"id":553042,"date":"2025-11-23T09:04:13","date_gmt":"2025-11-23T09:04:13","guid":{"rendered":"https:\/\/www.europesays.com\/fr\/553042\/"},"modified":"2025-11-23T09:04:13","modified_gmt":"2025-11-23T09:04:13","slug":"a-marseille-la-societe-civile-refuse-de-ceder-face-au-narcotrafic","status":"publish","type":"post","link":"https:\/\/www.europesays.com\/fr\/553042\/","title":{"rendered":"\u00c0 Marseille, la soci\u00e9t\u00e9 civile refuse de c\u00e9der face au narcotrafic"},"content":{"rendered":"<p>C\u2019est un cri du c\u0153ur, celui de toute une soci\u00e9t\u00e9 qui se l\u00e8ve face au fl\u00e9au du trafic de drogue. Pr\u00e8s de 6\u00a0200 bras se sont lev\u00e9s vers les cieux samedi 22\u00a0novembre \u00ab\u00a0pour dire que nous n\u2019acceptons pas le narcotrafic\u00a0\u00bb lors de la marche blanche organis\u00e9e \u00e0 Marseille en hommage \u00e0 Mehdi Kessaci, assassin\u00e9 le 13\u00a0novembre. Des milliers de personnes sont venues color\u00e9es de blanc sur le rond-point Claudy-Darcy (4e arrondissement) o\u00f9 le jeune homme a \u00e9t\u00e9 tu\u00e9, soutenir la famille Kessaci. Une dizaine d\u2019entre eux tient une banderole\u00a0: \u00ab\u00a0Justice pour Mehdi, pour la R\u00e9publique, pour Marseille, nous marchons.\u00a0\u00bb La foule inonde le terre-plein, mais le silence est d\u2019or.<\/p>\n<p>Cet article est r\u00e9serv\u00e9 aux abonn\u00e9s<\/p>\n<p>\n                    Vous souhaitez lire la suite\u00a0? Abonnez-vous sans engagement \u00e0 notre offre num\u00e9rique\n                <\/p>\n<p>                <a href=\"https:\/\/www.la-croix.com\/abonnement\" class=\"default-paywall__subscribe-button\" data-tracking=\"cta_click\" data-tracking-action=\"voir la page abonnement\" data-tracking-category=\"abonnement\" target=\"_blank\" rel=\"noopener\">Je m&rsquo;abonne<\/a><\/p>\n","protected":false},"excerpt":{"rendered":"C\u2019est un cri du c\u0153ur, celui de toute une soci\u00e9t\u00e9 qui se l\u00e8ve face au fl\u00e9au du trafic&hellip;\n","protected":false},"author":2,"featured_media":553043,"comment_status":"","ping_status":"","sticky":false,"template":"","format":"standard","meta":{"footnotes":""},"categories":[2814],"tags":[1111,11,1777,674,1011,27,884,12,882,25],"class_list":{"0":"post-553042","1":"post","2":"type-post","3":"status-publish","4":"format-standard","5":"has-post-thumbnail","7":"category-marseille","8":"tag-actu","9":"tag-actualites","10":"tag-eu","11":"tag-europe","12":"tag-fr","13":"tag-france","14":"tag-marseille","15":"tag-news","16":"tag-provence-alpes-cote-dazur","17":"tag-republique-francaise"},"share_on_mastodon":{"url":"https:\/\/pubeurope.com\/@fr\/115598214079817777","error":""},"_links":{"self":[{"href":"https:\/\/www.europesays.com\/fr\/wp-json\/wp\/v2\/posts\/553042","targetHints":{"allow":["GET"]}}],"collection":[{"href":"https:\/\/www.europesays.com\/fr\/wp-json\/wp\/v2\/posts"}],"about":[{"href":"https:\/\/www.europesays.com\/fr\/wp-json\/wp\/v2\/types\/post"}],"author":[{"embeddable":true,"href":"https:\/\/www.europesays.com\/fr\/wp-json\/wp\/v2\/users\/2"}],"replies":[{"embeddable":true,"href":"https:\/\/www.europesays.com\/fr\/wp-json\/wp\/v2\/comments?post=553042"}],"version-history":[{"count":0,"href":"https:\/\/www.europesays.com\/fr\/wp-json\/wp\/v2\/posts\/553042\/revisions"}],"wp:featuredmedia":[{"embeddable":true,"href":"https:\/\/www.europesays.com\/fr\/wp-json\/wp\/v2\/media\/553043"}],"wp:attachment":[{"href":"https:\/\/www.europesays.com\/fr\/wp-json\/wp\/v2\/media?parent=553042"}],"wp:term":[{"taxonomy":"category","embeddable":true,"href":"https:\/\/www.europesays.com\/fr\/wp-json\/wp\/v2\/categories?post=553042"},{"taxonomy":"post_tag","embeddable":true,"href":"https:\/\/www.europesays.com\/fr\/wp-json\/wp\/v2\/tags?post=553042"}],"curies":[{"name":"wp","href":"https:\/\/api.w.org\/{rel}","templated":true}]}}