{"id":553048,"date":"2025-11-23T09:08:21","date_gmt":"2025-11-23T09:08:21","guid":{"rendered":"https:\/\/www.europesays.com\/fr\/553048\/"},"modified":"2025-11-23T09:08:21","modified_gmt":"2025-11-23T09:08:21","slug":"fin-de-la-vigilance-orange-dans-presque-toute-lile-de-france","status":"publish","type":"post","link":"https:\/\/www.europesays.com\/fr\/553048\/","title":{"rendered":"Fin de la vigilance orange dans presque toute l\u2019Ile-de-France"},"content":{"rendered":"<p>Le premier \u00e9pisode hivernal avec <a href=\"https:\/\/www.20minutes.fr\/dossier\/neige\" class=\"c-link c-link--is-underlined\" rel=\"nofollow noopener\" target=\"_blank\">neige<\/a> n\u2019aura pas dur\u00e9 longtemps. La Seine-et-Marne et une partie du Massif central restent en vigilance orange neige\/verglas ce dimanche matin, <a href=\"https:\/\/previ.meteofrance.com\/\" target=\"_blank\" class=\"c-link c-link--is-underlined\" rel=\"nofollow noopener\">M\u00e9t\u00e9o-France<\/a> relevant des couches de neige d\u2019un \u00e0 quatre centim\u00e8tres en moyenne sur <a href=\"https:\/\/www.20minutes.fr\/dossier\/ile-de-france\" class=\"c-link c-link--is-underlined\" rel=\"nofollow noopener\" target=\"_blank\">l\u2019Ile-de-France.<\/a><\/p>\n<p>Selon son dernier bulletin, le pr\u00e9visionniste a lev\u00e9 d\u00e8s six heures sa vigilance orange pour les d\u00e9partements des Yvelines, Val-d\u2019Oise, Essonne, Paris et la petite couronne. La Seine-et-Marne, et le Massif Central restaient concern\u00e9s jusqu\u2019\u00e0 huit heures.<\/p>\n<\/p>\n<p>\u00ab\u00a0La perturbation faiblement active ayant donn\u00e9 les neiges, avec quelques pr\u00e9cipitations vergla\u00e7antes, continue son long d\u00e9calage d\u2019ouest en est, vers le quart nord-est du pays,\u00a0\u00bb rapporte M\u00e9t\u00e9o-France.<\/p>\n<p>Vitesse r\u00e9duite sur les routes<\/p>\n<p>Six d\u00e9partements du Massif central (Aveyron, Cantal, Corr\u00e8ze, Creuse, Haute-Vienne et Puy-de-D\u00f4me) sont concern\u00e9s par la vigilance orange depuis trois heures ce dimanche, en raison de faibles chutes de neige et de pluies vergla\u00e7antes susceptibles de rendre les chauss\u00e9es glissantes.<\/p>\n<p>Dans cette r\u00e9gion, les pr\u00e9cipitations sont rest\u00e9es faibles et \u00e9parses\u00a0: de petites chutes de neige sur le Cantal et l\u2019ouest du Puy-de-D\u00f4me, tandis que le Limousin enregistrait un centim\u00e8tre \u00e0 Limoges (Haute-Vienne) et trois centim\u00e8tres \u00e0 \u00c9gletons (Corr\u00e8ze), avec quelques pluies vergla\u00e7antes \u00e0 l\u2019arri\u00e8re.<\/p>\n<p>La pr\u00e9fecture de police avait d\u00e9cid\u00e9 de r\u00e9duire la vitesse autoris\u00e9e de 20\u00a0km\/h sur l\u2019ensemble de l\u2019Ile-de-France et d\u2019interdire les d\u00e9passements pour les poids lourds de plus de 3,5 tonnes sur les grands axes. Les trains et r\u00e9seaux urbains ne devraient pas \u00eatre fortement impact\u00e9s, mais des retards d\u2019environ une heure ont \u00e9t\u00e9 signal\u00e9s samedi soir \u00e0 Roissy, susceptibles de se prolonger ce dimanche.<\/p>\n<p>\u00ab\u00a0Les premiers \u00e9pisodes ne sont parfois pas pris suffisamment au s\u00e9rieux\u00a0\u00bb, avait averti le ministre des Transports Philippe Tabarot, depuis le centre de crise mobilisant M\u00e9t\u00e9o-France, les services routiers, l\u2019aviation civile et les op\u00e9rateurs de transport.<\/p>\n<p>Au total, 7.500 agents des Routes sont mobilis\u00e9s ce week-end.<\/p>\n","protected":false},"excerpt":{"rendered":"Le premier \u00e9pisode hivernal avec neige n\u2019aura pas dur\u00e9 longtemps. La Seine-et-Marne et une partie du Massif central&hellip;\n","protected":false},"author":2,"featured_media":553049,"comment_status":"","ping_status":"","sticky":false,"template":"","format":"standard","meta":{"footnotes":""},"categories":[1592],"tags":[1111,47,11,1777,674,1011,27,662,2487,10584,12,626,25,104],"class_list":{"0":"post-553048","1":"post","2":"type-post","3":"status-publish","4":"format-standard","5":"has-post-thumbnail","7":"category-ile-de-france","8":"tag-actu","9":"tag-actualite","10":"tag-actualites","11":"tag-eu","12":"tag-europe","13":"tag-fr","14":"tag-france","15":"tag-ile-de-france","16":"tag-meteo","17":"tag-neige","18":"tag-news","19":"tag-paris","20":"tag-republique-francaise","21":"tag-societe"},"share_on_mastodon":{"url":"https:\/\/pubeurope.com\/@fr\/115598229818532552","error":""},"_links":{"self":[{"href":"https:\/\/www.europesays.com\/fr\/wp-json\/wp\/v2\/posts\/553048","targetHints":{"allow":["GET"]}}],"collection":[{"href":"https:\/\/www.europesays.com\/fr\/wp-json\/wp\/v2\/posts"}],"about":[{"href":"https:\/\/www.europesays.com\/fr\/wp-json\/wp\/v2\/types\/post"}],"author":[{"embeddable":true,"href":"https:\/\/www.europesays.com\/fr\/wp-json\/wp\/v2\/users\/2"}],"replies":[{"embeddable":true,"href":"https:\/\/www.europesays.com\/fr\/wp-json\/wp\/v2\/comments?post=553048"}],"version-history":[{"count":0,"href":"https:\/\/www.europesays.com\/fr\/wp-json\/wp\/v2\/posts\/553048\/revisions"}],"wp:featuredmedia":[{"embeddable":true,"href":"https:\/\/www.europesays.com\/fr\/wp-json\/wp\/v2\/media\/553049"}],"wp:attachment":[{"href":"https:\/\/www.europesays.com\/fr\/wp-json\/wp\/v2\/media?parent=553048"}],"wp:term":[{"taxonomy":"category","embeddable":true,"href":"https:\/\/www.europesays.com\/fr\/wp-json\/wp\/v2\/categories?post=553048"},{"taxonomy":"post_tag","embeddable":true,"href":"https:\/\/www.europesays.com\/fr\/wp-json\/wp\/v2\/tags?post=553048"}],"curies":[{"name":"wp","href":"https:\/\/api.w.org\/{rel}","templated":true}]}}