{"id":553050,"date":"2025-11-23T09:09:11","date_gmt":"2025-11-23T09:09:11","guid":{"rendered":"https:\/\/www.europesays.com\/fr\/553050\/"},"modified":"2025-11-23T09:09:11","modified_gmt":"2025-11-23T09:09:11","slug":"ce-lieu-unique-construit-comme-une-rue-imaginaire-est-un-voyage-dans-le-temps-a-la-decouverte-du-vieux-paris","status":"publish","type":"post","link":"https:\/\/www.europesays.com\/fr\/553050\/","title":{"rendered":"Ce lieu unique construit comme une rue imaginaire est un voyage dans le temps \u00e0 la d\u00e9couverte du vieux Paris"},"content":{"rendered":"<p>                    Par<br \/>\n        <strong><br \/>\n            <a href=\"https:\/\/actu.fr\/auteur\/thomas-martin\" title=\"Consulter tous les articles de Thomas Martin\" target=\"_blank\" rel=\"noopener\">Thomas Martin<\/a><br \/>\n                    <\/strong><\/p>\n<p>        Publi\u00e9 le<\/p>\n<p>            23 nov. 2025 \u00e0 8h18        <\/p>\n<p>Au c\u0153ur du Marais, dans <a href=\"https:\/\/actu.fr\/ile-de-france\/paris_75056\/reouverture-du-musee-carnavalet-a-paris-apres-quatre-ans-de-travaux-la-billetterie-ouverte_41886436.html\" target=\"_blank\" rel=\"noopener\">l\u2019h\u00f4tel Carnavalet<\/a>, le mus\u00e9e de l\u2019Histoire de Paris rec\u00e8le une pi\u00e8ce \u00e0 la fois discr\u00e8te et fascinante : <strong>la salle des enseignes<\/strong>. Cette galerie, v\u00e9ritable rue reconstitu\u00e9e en int\u00e9rieur, est un arr\u00eat tout sauf banal. Il permet de plonger dans la m\u00e9moire des <a href=\"https:\/\/actu.fr\/tag\/commerce\" target=\"_blank\" rel=\"noopener\">commerces<\/a> de la capitale.\u00a0<\/p>\n<p>Une \u00e9vocation vivante des rues de Paris<\/p>\n<p class=\" wall-content\">\u00c0 une \u00e9poque o\u00f9 les rues n\u2019\u00e9taient pas encore num\u00e9rot\u00e9es, les enseignes \u2014 en bois, m\u00e9tal, fer ou toile \u2014 \u00e9taient des rep\u00e8res essentiels pour les passants, signalant l\u2019activit\u00e9 d\u2019un marchand, d\u2019un aubergiste, d\u2019un r\u00e9mouleur ou d\u2019un boucher. Le mus\u00e9e Carnavalet rassemble ici l\u2019une des plus importantes collections d\u2019enseignes parisiennes, couvrant une p\u00e9riode allant du XVI\u1d49 au XX\u1d49 si\u00e8cle.\u00a0<\/p>\n<p class=\" wall-content\">Quand on p\u00e9n\u00e8tre dans les lieux, on y d\u00e9couvre des enseignes pendant du plafond, d\u2019autres fix\u00e9es aux murs, ou pr\u00e9sent\u00e9es dans des vitrines. Il ne manque plus que brouhaha des passants et le cri des marchands.\u00a0<\/p>\n<p class=\" wall-content\">La diversit\u00e9 des enseignes t\u00e9moigne de la pluralit\u00e9 des m\u00e9tiers parisiens au fil des si\u00e8cles. On y croise des symboles de cavistes, des enseignes d\u2019armuriers, des enseignes de boulangers ou de compagnies d\u2019assurance.\u00a0<\/p>\n<p>Un voyage dans le temps<\/p>\n<p class=\" wall-content\">En franchissant le seuil de la salle des enseignes, le visiteur change d\u2019\u00e9poque \u00e0 travers les diff\u00e9rents objets pr\u00e9sent\u00e9s. On comprend que le vieux Paris ne se fa\u00e7onnait pas seulement avec des monuments, mais aussi avec des enseignes suspendues, des griffons ou des sir\u00e8nes qui captaient le regard.<\/p>\n<p class=\" wall-content\">La salle des enseignes du mus\u00e9e Carnavalet est donc bien plus qu\u2019une vitrine mais une claire invitation \u00e0 se promener dans les rues du pass\u00e9, \u00e0 observer les signes d\u2019un Paris disparu, \u00e0 mesurer la cr\u00e9ativit\u00e9 populaire et la richesse des m\u00e9tiers au milieu de la \u00ab\u00a0grande\u00a0\u00bb Histoire de la capitale.\u00a0<\/p>\n<p class=\" wall-content\">Cette salle est ainsi incontournable pour les amateurs d\u2019<a href=\"https:\/\/actu.fr\/tag\/histoire\" target=\"_blank\" rel=\"noopener\">Histoire<\/a> et les curieux de <a href=\"https:\/\/actu.fr\/tag\/patrimoine\" target=\"_blank\" rel=\"noopener\">patrimoine<\/a> mais aussi pour ceux qui s\u2019int\u00e9ressent un tant soit peu \u00e0 Paris.\u00a0<\/p>\n<p class=\" wall-content\">Personnalisez votre actualit\u00e9 en ajoutant vos villes et m\u00e9dias en favori avec <a href=\"https:\/\/moncompte.actu.fr\" title=\"D\u00e9couvez Mon Actu\" rel=\"nofollow noopener\" data-trk=\"{&quot;cta&quot;:{&quot;action&quot;:&quot;https:\\\/\\\/moncompte.actu.fr&quot;,&quot;category&quot;:&quot;mon compte&quot;,&quot;from&quot;:&quot;article footer&quot;,&quot;name&quot;:&quot;Mon actu&quot;,&quot;type&quot;:&quot;cta&quot;}}\" target=\"_blank\">Mon Actu<\/a>.<\/p>\n","protected":false},"excerpt":{"rendered":"Par Thomas Martin Publi\u00e9 le 23 nov. 2025 \u00e0 8h18 Au c\u0153ur du Marais, dans l\u2019h\u00f4tel Carnavalet, le&hellip;\n","protected":false},"author":2,"featured_media":553051,"comment_status":"","ping_status":"","sticky":false,"template":"","format":"standard","meta":{"footnotes":""},"categories":[1888],"tags":[1111,1928,11,1927,1777,674,1011,27,937,58904,24797,12,1926,626,1925,2551,25,66122],"class_list":{"0":"post-553050","1":"post","2":"type-post","3":"status-publish","4":"format-standard","5":"has-post-thumbnail","7":"category-paris","8":"tag-actu","9":"tag-actu-paris","10":"tag-actualites","11":"tag-actualites-paris","12":"tag-eu","13":"tag-europe","14":"tag-fr","15":"tag-france","16":"tag-histoire","17":"tag-histoire-patrimoine","18":"tag-le-marais","19":"tag-news","20":"tag-news-paris","21":"tag-paris","22":"tag-paris-news","23":"tag-patrimoine","24":"tag-republique-francaise","25":"tag-visites-decouvertes"},"share_on_mastodon":{"url":"https:\/\/pubeurope.com\/@fr\/115598234208743922","error":""},"_links":{"self":[{"href":"https:\/\/www.europesays.com\/fr\/wp-json\/wp\/v2\/posts\/553050","targetHints":{"allow":["GET"]}}],"collection":[{"href":"https:\/\/www.europesays.com\/fr\/wp-json\/wp\/v2\/posts"}],"about":[{"href":"https:\/\/www.europesays.com\/fr\/wp-json\/wp\/v2\/types\/post"}],"author":[{"embeddable":true,"href":"https:\/\/www.europesays.com\/fr\/wp-json\/wp\/v2\/users\/2"}],"replies":[{"embeddable":true,"href":"https:\/\/www.europesays.com\/fr\/wp-json\/wp\/v2\/comments?post=553050"}],"version-history":[{"count":0,"href":"https:\/\/www.europesays.com\/fr\/wp-json\/wp\/v2\/posts\/553050\/revisions"}],"wp:featuredmedia":[{"embeddable":true,"href":"https:\/\/www.europesays.com\/fr\/wp-json\/wp\/v2\/media\/553051"}],"wp:attachment":[{"href":"https:\/\/www.europesays.com\/fr\/wp-json\/wp\/v2\/media?parent=553050"}],"wp:term":[{"taxonomy":"category","embeddable":true,"href":"https:\/\/www.europesays.com\/fr\/wp-json\/wp\/v2\/categories?post=553050"},{"taxonomy":"post_tag","embeddable":true,"href":"https:\/\/www.europesays.com\/fr\/wp-json\/wp\/v2\/tags?post=553050"}],"curies":[{"name":"wp","href":"https:\/\/api.w.org\/{rel}","templated":true}]}}