{"id":553052,"date":"2025-11-23T09:10:19","date_gmt":"2025-11-23T09:10:19","guid":{"rendered":"https:\/\/www.europesays.com\/fr\/553052\/"},"modified":"2025-11-23T09:10:19","modified_gmt":"2025-11-23T09:10:19","slug":"la-neige-fait-une-apparition-breve-mais-commentee-a-paris-et-dans-certaines-regions","status":"publish","type":"post","link":"https:\/\/www.europesays.com\/fr\/553052\/","title":{"rendered":"La neige fait une apparition br\u00e8ve mais comment\u00e9e \u00e0 Paris et dans certaines r\u00e9gions"},"content":{"rendered":"<p class=\"mb-4 text-lg md:leading-8 break-words\">Les amateurs de sport ont sans doute \u00e9t\u00e9 les premiers \u00e0 avoir les flocons de neige dans la nuit de samedi \u00e0 dimanche. Que ce soit au Stade de France ou au Parc des Princes, o\u00f9 les fins de matchs victorieuses du XV de France et du PSG se sont conclus sous <a href=\"https:\/\/fr.news.yahoo.com\/neige-verglas-mises-garde-m%C3%A9t%C3%A9o-161920407.html\" data-ylk=\"slk:une fine pluie de flocons;elm:context_link;itc:0;sec:content-canvas;outcm:mb_qualified_link;_E:mb_qualified_link;ct:story;\" class=\"link  yahoo-link\" rel=\"nofollow noopener\" target=\"_blank\">une fine pluie de flocons<\/a>.<\/p>\n<p class=\"mb-4 text-lg md:leading-8 break-words\"><a href=\"https:\/\/fr.news.yahoo.com\/m%C3%A9t%C3%A9o-vigilance-orange-neige-verglas-160847593.html\" data-ylk=\"slk:M\u00e9t\u00e9o\u00a0: la vigilance orange neige-verglas pour la nuit de samedi \u00e0 dimanche s\u2019\u00e9tend \u00e0 six autres d\u00e9partements;elm:context_link;itc:0;sec:content-canvas;outcm:mb_qualified_link;_E:mb_qualified_link;ct:story;\" class=\"link  yahoo-link\" rel=\"nofollow noopener\" target=\"_blank\"> M\u00e9t\u00e9o\u00a0: la vigilance orange neige-verglas pour la nuit de samedi \u00e0 dimanche s\u2019\u00e9tend \u00e0 six autres d\u00e9partements <\/a><\/p>\n<p class=\"mb-4 text-lg md:leading-8 break-words\">Puis le ph\u00e9nom\u00e8ne s\u2019est emball\u00e9 aux premi\u00e8res heures de ce dimanche 23\u00a0novembre. Pour autant, <a href=\"https:\/\/fr.news.yahoo.com\/froid-s-intensifie-france-ministre-123014191.html\" data-ylk=\"slk:ce premier v\u00e9ritable \u00e9pisode de neige;elm:context_link;itc:0;sec:content-canvas;outcm:mb_qualified_link;_E:mb_qualified_link;ct:story;\" class=\"link  yahoo-link\" rel=\"nofollow noopener\" target=\"_blank\">ce premier v\u00e9ritable \u00e9pisode de neige<\/a> qui a touch\u00e9 Paris et le reste de l\u2019\u00cele-de-France aura \u00e9t\u00e9 aussi intense que bref. M\u00e9t\u00e9o-France ayant d\u00e9j\u00e0 lev\u00e9 la vigilance orange neige et verglas qui concernait encore sept d\u00e9partements dans la nuit de samedi \u00e0 dimanche. \u00c9taient alors concern\u00e9s\u00a0: l\u2019\u00cele-de-France et plusieurs d\u00e9partements du Massif central tels que la Haute-Vienne, la Creuse, la Corr\u00e8ze, l\u2019Aveyron, le Puy-de-D\u00f4me et le Cantal.<\/p>\n<p class=\"mb-4 text-lg md:leading-8 break-words\">Ce dimanche matin, l\u2019alerte orange \u00e9tait lev\u00e9e dans tous ces d\u00e9partements, exception faite du Puy-de-D\u00f4me et du Cantal, maintenus en vigilance orange jusqu\u2019en milieu de matin\u00e9e \u00e0 cause du verglas.<\/p>\n<p>Premiers flocons parisiens<\/p>\n<p class=\"mb-4 text-lg md:leading-8 break-words\">Ce retour, m\u00eame bref, de la neige \u00e0 Paris a toutefois fait le bonheur de celles et ceux qui \u00e9taient de sortie au c\u0153ur de cette nuit glaciale, offrant de premi\u00e8res images de la capitale recouverte d\u2019un fin manteau blanc avant l\u2019arriv\u00e9e de l\u2019hiver.<\/p>\n<p class=\"mb-4 text-lg md:leading-8 break-words\">Selon le m\u00e9t\u00e9orologiste Guillaume Sechet, une couche de 1\u00a0\u00e0 2\u00a0centim\u00e8tres \u00e9tait observable au c\u0153ur de la nuit \u00e0 Paris. Mais avant m\u00eame le lever du jour, la neige a commenc\u00e9 \u00e0 fondre \u00e0 cause d\u2019une l\u00e9g\u00e8re hausse des temp\u00e9ratures pr\u00e9vue ce dimanche. \u00ab\u00a0La couche de neige a \u00e9t\u00e9 l\u00e9g\u00e8rement plus importante qu\u2019annonc\u00e9 dans Paris car il a fait un peu plus froid\u00a0\u00bb durant la nuit, note-t-il toutefois.<\/p>\n<p class=\"mb-4 text-lg md:leading-8 break-words\">Mais m\u00eame en dehors des zones de France concern\u00e9es par la vigilance orange, la neige est tomb\u00e9e. \u00c0 l\u2019instar de la Normandie ou du Centre-Val de Loire, o\u00f9 plusieurs internautes et comptes sp\u00e9cialistes ont rapport\u00e9 des chutes de neige pr\u00e8s de chez eux.<\/p>\n<p>Frustration au r\u00e9veil<\/p>\n<p class=\"mb-4 text-lg md:leading-8 break-words\">Les images de la neige sur l\u2019Hexagone ont donc forc\u00e9ment inond\u00e9 les r\u00e9seaux sociaux ces derni\u00e8res, promettant de premi\u00e8res images matinales de d\u00e9cors urbains et campagnards immacul\u00e9s.<\/p>\n<p class=\"mb-4 text-lg md:leading-8 break-words\">Mais pour beaucoup, notamment \u00e0 Paris et dans le reste de l\u2019\u00cele-de-France, les espoirs ont vite \u00e9t\u00e9 enterr\u00e9s sous une bouillasse de neige fondue. Car en comparaison des images de la nuit, il ne restait que peau de chagrin au r\u00e9veil pour de nombreux parisiens s\u2019imaginant un dimanche id\u00e9al dans une ville enneig\u00e9e.<\/p>\n<p class=\"mb-4 text-lg md:leading-8 break-words\">\u00ab\u00a0La neige qui a dur\u00e9 deux secondes chez moi, je suis d\u00e9\u00e7ue\u00a0\u00bb, se lamente une internaute, tandis qu\u2019un autre regrette une \u00ab\u00a0neige \u00e9ph\u00e9m\u00e8re\u00a0\u00bb, photo \u00e0 l\u2019appui au r\u00e9veil.<\/p>\n<p class=\"mb-4 text-lg md:leading-8 break-words\">\u00ab\u00a0Delusional damage ce matin en sortant voir que la neige n\u2019a m\u00eame pas tenu\u00a0\u00bb, ou encore \u00ab\u00a0Chez moi, il y en avait juste sur les voitures\u00a0\u00bb, d\u00e9plorent d\u2019autres internautes frustr\u00e9s par la bri\u00e8vet\u00e9 du ph\u00e9nom\u00e8ne. D\u2019autres pr\u00e9f\u00e8rent rire (un peu jaune) de la situation tant ce premier \u00e9pisode de neige sur la capitale aura \u00e9t\u00e9 court. \u00c0 l\u2019image de cette m\u00e8re de famille qui imaginait d\u00e9j\u00e0 la r\u00e9action de sa fille en voyant la neige au r\u00e9veil.<\/p>\n<p class=\"mb-4 text-lg md:leading-8 break-words\">Malgr\u00e9 tout, un bon nombre de d\u00e9partements fran\u00e7ais restent maintenus en vigilance jaune ce dimanche pour les risques li\u00e9s aux chutes de neige et au verglas, les autorit\u00e9s locales invitant \u00e0 prendre toutes les pr\u00e9cautions sur la route et m\u00eame \u00e0 pied. \u00ab\u00a0\u00ab\u00a0Les premiers \u00e9pisodes ne sont parfois pas pris suffisamment au s\u00e9rieux\u00a0\u00bb, avait averti en ce sens le ministre des Transports Philippe Tabarot avant ce qui aura \u00e9t\u00e9 l\u2019un des premiers \u00e9pisodes hivernaux de la saison.<\/p>\n<p class=\"mb-4 text-lg md:leading-8 break-words\"><a href=\"https:\/\/fr.news.yahoo.com\/m%C3%A9t%C3%A9o-neige-tomb%C3%A9e-nord-pays-113659997.html\" data-ylk=\"slk:M\u00e9t\u00e9o\u00a0: la neige est tomb\u00e9e, le Nord-Est du pays s\u2019est r\u00e9veill\u00e9 sous un paysage blanc;elm:context_link;itc:0;sec:content-canvas;outcm:mb_qualified_link;_E:mb_qualified_link;ct:story;\" class=\"link  yahoo-link\" rel=\"nofollow noopener\" target=\"_blank\"> M\u00e9t\u00e9o\u00a0: la neige est tomb\u00e9e, le Nord-Est du pays s\u2019est r\u00e9veill\u00e9 sous un paysage blanc <\/a><\/p>\n<p class=\"mb-4 text-lg md:leading-8 break-words\"><a href=\"https:\/\/fr.news.yahoo.com\/alpes-pyr%C3%A9n%C3%A9es-l-automne-commence-092209906.html\" data-ylk=\"slk:Dans les Alpes et les Pyr\u00e9n\u00e9es, l\u2019automne commence \u00e0 peine que la neige fait d\u00e9j\u00e0 son retour;elm:context_link;itc:0;sec:content-canvas;outcm:mb_qualified_link;_E:mb_qualified_link;ct:story;\" class=\"link  yahoo-link\" rel=\"nofollow noopener\" target=\"_blank\"> Dans les Alpes et les Pyr\u00e9n\u00e9es, l\u2019automne commence \u00e0 peine que la neige fait d\u00e9j\u00e0 son retour <\/a><\/p>\n","protected":false},"excerpt":{"rendered":"Les amateurs de sport ont sans doute \u00e9t\u00e9 les premiers \u00e0 avoir les flocons de neige dans la&hellip;\n","protected":false},"author":2,"featured_media":553053,"comment_status":"","ping_status":"","sticky":false,"template":"","format":"standard","meta":{"footnotes":""},"categories":[1888],"tags":[1111,1928,11,1927,1777,674,1011,27,12,1926,626,1925,25,27202],"class_list":{"0":"post-553052","1":"post","2":"type-post","3":"status-publish","4":"format-standard","5":"has-post-thumbnail","7":"category-paris","8":"tag-actu","9":"tag-actu-paris","10":"tag-actualites","11":"tag-actualites-paris","12":"tag-eu","13":"tag-europe","14":"tag-fr","15":"tag-france","16":"tag-news","17":"tag-news-paris","18":"tag-paris","19":"tag-paris-news","20":"tag-republique-francaise","21":"tag-vigilance-orange"},"share_on_mastodon":{"url":"https:\/\/pubeurope.com\/@fr\/115598237716110158","error":""},"_links":{"self":[{"href":"https:\/\/www.europesays.com\/fr\/wp-json\/wp\/v2\/posts\/553052","targetHints":{"allow":["GET"]}}],"collection":[{"href":"https:\/\/www.europesays.com\/fr\/wp-json\/wp\/v2\/posts"}],"about":[{"href":"https:\/\/www.europesays.com\/fr\/wp-json\/wp\/v2\/types\/post"}],"author":[{"embeddable":true,"href":"https:\/\/www.europesays.com\/fr\/wp-json\/wp\/v2\/users\/2"}],"replies":[{"embeddable":true,"href":"https:\/\/www.europesays.com\/fr\/wp-json\/wp\/v2\/comments?post=553052"}],"version-history":[{"count":0,"href":"https:\/\/www.europesays.com\/fr\/wp-json\/wp\/v2\/posts\/553052\/revisions"}],"wp:featuredmedia":[{"embeddable":true,"href":"https:\/\/www.europesays.com\/fr\/wp-json\/wp\/v2\/media\/553053"}],"wp:attachment":[{"href":"https:\/\/www.europesays.com\/fr\/wp-json\/wp\/v2\/media?parent=553052"}],"wp:term":[{"taxonomy":"category","embeddable":true,"href":"https:\/\/www.europesays.com\/fr\/wp-json\/wp\/v2\/categories?post=553052"},{"taxonomy":"post_tag","embeddable":true,"href":"https:\/\/www.europesays.com\/fr\/wp-json\/wp\/v2\/tags?post=553052"}],"curies":[{"name":"wp","href":"https:\/\/api.w.org\/{rel}","templated":true}]}}