{"id":553056,"date":"2025-11-23T09:12:15","date_gmt":"2025-11-23T09:12:15","guid":{"rendered":"https:\/\/www.europesays.com\/fr\/553056\/"},"modified":"2025-11-23T09:12:15","modified_gmt":"2025-11-23T09:12:15","slug":"clotilde-courau-valerie-trierweiler-les-celebrites-partagent-leurs-plus-beaux-cliches","status":"publish","type":"post","link":"https:\/\/www.europesays.com\/fr\/553056\/","title":{"rendered":"Clotilde Courau, Val\u00e9rie Trierweiler\u2026 les c\u00e9l\u00e9brit\u00e9s partagent leurs plus beaux clich\u00e9s"},"content":{"rendered":"<p>                                    <img decoding=\"async\" src=\"https:\/\/www.europesays.com\/fr\/wp-content\/uploads\/2025\/11\/1dad70fbc4018166bf299054a906076833d348b73315ad193d7b455dd3a63c04.jpg\" alt=\"Clotilde Courau\u00a0: Cin\u00e9ma, Vie Priv\u00e9e, Emmanuel-Philibert de Savoie... Ce qu'il faut conna\u00eetre\" class=\"a11y-hidden\" fetchpriority=\"high\"\/><\/p>\n<p class=\"fig-standfirst\">\n    PHOTOS &#8211; Dans la nuit du samedi 22 au dimanche 23 novembre, les premiers flocons de neige sont tomb\u00e9s sur Paris et ses alentours faisant le bonheur de certaines personnalit\u00e9s qui ont partag\u00e9 de belles photos et vid\u00e9os dans leur story Instagram.<\/p>\n<p class=\"fig-paragraph\">Paris et ses alentours se sont r\u00e9veill\u00e9s\u00a0<a href=\"http:\/\/www.gala.fr\/beaute\/tendances_beaute\/c-est-confirme-la-neige-arrive-3-bonnes-raisons-de-marcher-dans-la-poudreuse-20251106\" data-fig-type=\"Article\" data-gtm-custom-categorie=\"navigation\" data-gtm-custom-action=\"crossclick\" data-gtm-custom-label=\"Contextuel\" data-gtm-event=\"customEventSPE\" data-fig-domain=\"GALA\" target=\"_blank\" rel=\"noopener\">sous un l\u00e9ger manteau blanc<\/a>, offrant\u00a0<a href=\"http:\/\/www.gala.fr\/royautes\/rania-de-jordanie-s-offre-une-parenthese-enchantee-avec-sa-fille-adoree-salma-le-voyage-le-plus-doux-20251103\" data-fig-type=\"Article\" data-gtm-custom-categorie=\"navigation\" data-gtm-custom-action=\"crossclick\" data-gtm-custom-label=\"Contextuel\" data-gtm-event=\"customEventSPE\" data-fig-domain=\"GALA\" target=\"_blank\" rel=\"noopener\">une v\u00e9ritable parenth\u00e8se enchant\u00e9e<\/a>\u00a0au c\u0153ur de la nuit. Entre le samedi 22 \u00e0 ce dimanche 23 novembre,<a href=\"http:\/\/www.gala.fr\/bien-etre\/minceur\/coup-de-froid-en-france-des-temperatures-negatives-prevues-cette-semaine-mais-consomme-t-on-vraiment-plus-de-calories-lorsqu-il-fait-froid-20251107\" data-fig-type=\"Article\" data-gtm-custom-categorie=\"navigation\" data-gtm-custom-action=\"crossclick\" data-gtm-custom-label=\"Contextuel\" data-gtm-event=\"customEventSPE\" data-fig-domain=\"GALA\" target=\"_blank\" rel=\"noopener\">\u00a0la temp\u00e9rature \u00e9tait glaciale<\/a>\u00a0et les flocons ont commenc\u00e9 \u00e0 tomber sur la capitale, recouvrant progressivement de neige le sol de la ville lumi\u00e8re et plusieurs communes franciliennes. Un \u00e9pisode hivernal qui s\u2019annonce bref en raison d\u2019une hausse des temp\u00e9ratures dans la matin\u00e9e, mais que certaines personnalit\u00e9s ont pris le temps d\u2019immortaliser sur leur compte Instagram.<\/p>\n<p class=\"fig-paragraph\">Clotilde Courau a partag\u00e9 une vid\u00e9o de ce moment enneig\u00e9 suspendu. Elle a film\u00e9 les chutes de neige recouvrant la route d\u00e9serte napp\u00e9e d\u2019<a href=\"http:\/\/www.gala.fr\/lifestyle\/encore-plus-magiques-sous-la-neige-ces-6-marches-de-noel-promettent-une-sortie-inoubliable-en-famille-20251122\" data-fig-type=\"Article\" data-gtm-custom-categorie=\"navigation\" data-gtm-custom-action=\"crossclick\" data-gtm-custom-label=\"Contextuel\" data-gtm-event=\"customEventSPE\" data-fig-domain=\"GALA\" target=\"_blank\" rel=\"noopener\">une fine couche de poudreuse<\/a>\u00a0dans sa story. Pour accompagner ces images, elle a choisi Let It Snow de Dean Martin. Une chanson dans le th\u00e8me du moment et renfor\u00e7ant la douceur de la sc\u00e8ne. Val\u00e9rie Trierweiler a, elle aussi, succomb\u00e9 au charme de ces flocons inattendus en publiant une courte vid\u00e9o de la neige tombant dans les rues parisiennes avec, en fond, le titre de Marie Lafor\u00eat intitul\u00e9 Il a neig\u00e9 sur Yesterday. D\u2019autres personnalit\u00e9s ont fait de m\u00eame, ravies d\u2019offrir \u00e0 leurs abonn\u00e9s un Paris tout blanc, ou presque.<\/p>\n<p>    Clotilde Courau a partag\u00e9 une vid\u00e9o des chutes de neige dans sa story Instagram ce samedi 22 novembre 2025.<br \/>\n                Capture d\u2019\u00e9cran Instagram @clotildecourau<\/p>\n<p>    Val\u00e9rie Trierweiler a partag\u00e9 une vid\u00e9o des chutes de neige dans sa story Instagram ce samedi 22 novembre 2025.<br \/>\n                Capture d\u2019\u00e9cran Instagram @valerie_trierweiler<\/p>\n<p>                                    <a class=\"fig-a11y-skip a11y-hidden\" href=\"#fig-a11y-skip-main-inarticle\"><br \/>\n        Passer la publicit\u00e9<br \/>\n    <\/a><\/p>\n<p>Marl\u00e8ne Schiappa, Samuel Le\u00a0Bihan&#8230; Face \u00e0 la neige, les c\u00e9l\u00e9brit\u00e9s s\u2019\u00e9merveillent<\/p>\n<p class=\"fig-paragraph\">Samuel Le\u00a0Bihan a lui aussi d\u00e9voil\u00e9\u00a0<a href=\"http:\/\/www.gala.fr\/l_actu\/news_de_stars\/harry-et-meghan-markle-a-montecito-promenez-vous-dans-leur-superbe-jardin-un-decor-feerique-20250224\" data-fig-type=\"Article\" data-gtm-custom-categorie=\"navigation\" data-gtm-custom-action=\"crossclick\" data-gtm-custom-label=\"Contextuel\" data-gtm-event=\"customEventSPE\" data-fig-domain=\"GALA\" target=\"_blank\" rel=\"noopener\">un d\u00e9cor f\u00e9erique<\/a>\u00a0d\u2019un Paris sous la neige. Une s\u00e9quence prise dans une rue illumin\u00e9e par des guirlandes qu\u2019il a accompagn\u00e9e de la chanson It\u2019s beginning to look a lot like Christmas, interpr\u00e9t\u00e9e par Michael Bubl\u00e9, comme un clin d\u2019\u0153il \u00e0 l\u2019arriv\u00e9e pr\u00e9coce de l\u2019hiver. Hugo Manos a, de son c\u00f4t\u00e9, film\u00e9 son chien sous la neige qui tombait \u00e0 gros flocons. La journaliste Pascale de\u00a0La\u00a0Tour\u00a0du\u00a0Pin a, elle, partag\u00e9 une photo de ce qui semble \u00eatre son jardin recouvert d\u2019un manteau blanc au petit matin. \u00ab Quelle joie cette neige\u00a0\u00bb, a-t-elle comment\u00e9. Marl\u00e8ne Schiappa a partag\u00e9 deux photos dans sa story Instagram au lendemain des chutes de neige. On d\u00e9couvre ainsi les toits de Paris enneig\u00e9, ainsi que le sol d\u2019une terrasse recouvert d\u2019une couche de neige. \u00ab Paris sous la neige\u00a0\u00bb, a-t-elle \u00e9crit \u00e9merveill\u00e9e. L\u2019hiver est arriv\u00e9 en avance sur la capitale et ses alentours, mais a offert de beaux clich\u00e9s. Un moment magique.<\/p>\n<p>    Marl\u00e8ne Schiappa a partag\u00e9 une photo des toits de Paris recouverts de neige dans sa story Instagram ce dimanche 23 novembre 2025.<br \/>\n                Capture d\u2019\u00e9cran Instagram @marleneschiappa<\/p>\n","protected":false},"excerpt":{"rendered":"PHOTOS &#8211; Dans la nuit du samedi 22 au dimanche 23 novembre, les premiers flocons de neige sont&hellip;\n","protected":false},"author":2,"featured_media":553057,"comment_status":"","ping_status":"","sticky":false,"template":"","format":"standard","meta":{"footnotes":""},"categories":[1888],"tags":[11,11153,67009,1777,674,1011,27,10584,12,626,25,67010],"class_list":{"0":"post-553056","1":"post","2":"type-post","3":"status-publish","4":"format-standard","5":"has-post-thumbnail","7":"category-paris","8":"tag-actualites","9":"tag-cliches","10":"tag-clotilde-courau","11":"tag-eu","12":"tag-europe","13":"tag-fr","14":"tag-france","15":"tag-neige","16":"tag-news","17":"tag-paris","18":"tag-republique-francaise","19":"tag-valerie-trierweiler"},"share_on_mastodon":{"url":"https:\/\/pubeurope.com\/@fr\/115598246221198389","error":""},"_links":{"self":[{"href":"https:\/\/www.europesays.com\/fr\/wp-json\/wp\/v2\/posts\/553056","targetHints":{"allow":["GET"]}}],"collection":[{"href":"https:\/\/www.europesays.com\/fr\/wp-json\/wp\/v2\/posts"}],"about":[{"href":"https:\/\/www.europesays.com\/fr\/wp-json\/wp\/v2\/types\/post"}],"author":[{"embeddable":true,"href":"https:\/\/www.europesays.com\/fr\/wp-json\/wp\/v2\/users\/2"}],"replies":[{"embeddable":true,"href":"https:\/\/www.europesays.com\/fr\/wp-json\/wp\/v2\/comments?post=553056"}],"version-history":[{"count":0,"href":"https:\/\/www.europesays.com\/fr\/wp-json\/wp\/v2\/posts\/553056\/revisions"}],"wp:featuredmedia":[{"embeddable":true,"href":"https:\/\/www.europesays.com\/fr\/wp-json\/wp\/v2\/media\/553057"}],"wp:attachment":[{"href":"https:\/\/www.europesays.com\/fr\/wp-json\/wp\/v2\/media?parent=553056"}],"wp:term":[{"taxonomy":"category","embeddable":true,"href":"https:\/\/www.europesays.com\/fr\/wp-json\/wp\/v2\/categories?post=553056"},{"taxonomy":"post_tag","embeddable":true,"href":"https:\/\/www.europesays.com\/fr\/wp-json\/wp\/v2\/tags?post=553056"}],"curies":[{"name":"wp","href":"https:\/\/api.w.org\/{rel}","templated":true}]}}