{"id":553058,"date":"2025-11-23T09:13:13","date_gmt":"2025-11-23T09:13:13","guid":{"rendered":"https:\/\/www.europesays.com\/fr\/553058\/"},"modified":"2025-11-23T09:13:13","modified_gmt":"2025-11-23T09:13:13","slug":"russie-des-personnalites-appellent-a-la-liberation-du-francais-laurent-vinatier","status":"publish","type":"post","link":"https:\/\/www.europesays.com\/fr\/553058\/","title":{"rendered":"Russie: des personnalit\u00e9s appellent \u00e0 la lib\u00e9ration du Fran\u00e7ais Laurent Vinatier"},"content":{"rendered":"<p class=\"mb-4 text-lg md:leading-8 break-words\">\u00ab\u00a0La France doit faire tout ce qui est en son pouvoir pour obtenir la lib\u00e9ration de Laurent Vinatier, \u00e9crivent les signataires dans la tribune publi\u00e9e par le quotidien <a href=\"https:\/\/www.lemonde.fr\/idees\/article\/2025\/11\/22\/russie-la-france-doit-faire-tout-ce-qui-est-en-son-pouvoir-pour-obtenir-la-liberation-de-laurent-vinatier_6654426_3232.html\" rel=\"nofollow noopener\" target=\"_blank\" data-ylk=\"slk:Le Monde;elm:context_link;itc:0;sec:content-canvas\" class=\"link \"><strong>Le Monde<\/strong><\/a>, samedi 22 novembre. Prisonnier d&rsquo;un jeu politique et diplomatique qui le d\u00e9passe, Laurent Vinatier est avant tout un fils, un fr\u00e8re, un \u00e9poux, un p\u00e8re et un ami dont l&rsquo;absence, depuis plus d&rsquo;un an, plonge chaque jour les siens dans l&rsquo;angoisse et le d\u00e9sarroi\u00a0\u00bb, poursuivent-ils.<\/p>\n<p class=\"mb-4 text-lg md:leading-8 break-words\"><a href=\"https:\/\/www.rfi.fr\/fr\/europe\/20240607-russie-le-fran\u00e7ais-laurent-vinatier-soup\u00e7onn\u00e9-d-espionnage-plac\u00e9-en-d\u00e9tention\" rel=\"nofollow noopener\" target=\"_blank\" data-ylk=\"slk:Incarc\u00e9r\u00e9 depuis juin 2024;elm:context_link;itc:0;sec:content-canvas\" class=\"link \"><strong>Incarc\u00e9r\u00e9 depuis juin 2024<\/strong><\/a>, ce chercheur de 49 ans sp\u00e9cialiste de l&rsquo;espace post-sovi\u00e9tique \u00e9tait employ\u00e9 sur le sol russe par une <strong><a href=\"https:\/\/www.rfi.fr\/fr\/tag\/ong\/\" class=\"link \" rel=\"nofollow noopener\" target=\"_blank\" data-ylk=\"slk:ONG;elm:context_link;itc:0;sec:content-canvas\">ONG<\/a><\/strong> suisse qui fait de la m\u00e9diation dans des conflits hors des circuits diplomatiques officiels, notamment s&rsquo;agissant de l&rsquo;<strong><a href=\"https:\/\/www.rfi.fr\/fr\/tag\/ukraine\/\" class=\"link \" rel=\"nofollow noopener\" target=\"_blank\" data-ylk=\"slk:Ukraine;elm:context_link;itc:0;sec:content-canvas\">Ukraine<\/a><\/strong>.<\/p>\n<p class=\"mb-4 text-lg md:leading-8 break-words\">Il a \u00e9t\u00e9 <a href=\"https:\/\/www.rfi.fr\/fr\/europe\/20241014-russie-le-chercheur-fran\u00e7ais-laurent-vinatier-condamn\u00e9-\u00e0-trois-ans-de-prison\" rel=\"nofollow noopener\" target=\"_blank\" data-ylk=\"slk:condamn\u00e9, en octobre 2024, \u00e0 trois ans de prison;elm:context_link;itc:0;sec:content-canvas\" class=\"link \"><strong>condamn\u00e9, en octobre 2024, \u00e0 trois ans de prison<\/strong><\/a> pour ne pas s&rsquo;\u00eatre enregistr\u00e9 en tant qu&rsquo;\u00ab\u00a0agent de l&rsquo;\u00e9tranger\u00a0\u00bb, un label utilis\u00e9 par les autorit\u00e9s russes pour r\u00e9primer leurs d\u00e9tracteurs. Depuis fin ao\u00fbt, <a href=\"https:\/\/fr.news.yahoo.com\/russie-nouvelle-comparution-devant-justice-095654958.html\" data-ylk=\"slk:il est vis\u00e9 par de nouvelles accusations;elm:context_link;itc:0;sec:content-canvas;outcm:mb_qualified_link;_E:mb_qualified_link;ct:story;\" class=\"link  yahoo-link\" target=\"_blank\" rel=\"noopener\"><strong>il est vis\u00e9 par de nouvelles accusations<\/strong><\/a>, d&rsquo;espionnage, passibles d&rsquo;une peine pouvant aller jusqu&rsquo;\u00e0 20 ans de prison.<\/p>\n<p>\u00ab Nous sommes dans une grande incertitude et d\u00e9tresse\u00a0\u00bb<\/p>\n<p class=\"mb-4 text-lg md:leading-8 break-words\">Sa m\u00e8re, Brigitte Vinatier, confie, \u00e0 <strong>Justine Fontaine<\/strong>, du service international de RFI, vivre dans l&rsquo;incertitude. Et elle craint que la <strong><a href=\"https:\/\/www.rfi.fr\/fr\/tag\/russie\/\" class=\"link \" rel=\"nofollow noopener\" target=\"_blank\" data-ylk=\"slk:Russie;elm:context_link;itc:0;sec:content-canvas\">Russie<\/a><\/strong> prolonge encore la dur\u00e9e de l&rsquo;enqu\u00eate pour espionnage qui vise son fils :\u00a0\u00ab Les autorit\u00e9s russes ont annonc\u00e9 que l&rsquo;enqu\u00eate aurait lieu jusqu&rsquo;au 27 novembre. Ce que nous craignons surtout, c&rsquo;est que l&rsquo;enqu\u00eate soit poursuivie. Nous pensons qu&rsquo;il y aura une audience dans quelques jours. Mais nous sommes dans l&rsquo;ignorance la plus compl\u00e8te, parce qu&rsquo;il faut savoir que l&rsquo;avocat de notre fils s&rsquo;est engag\u00e9 \u00e0 ne rien r\u00e9v\u00e9ler de l&rsquo;affaire, et surtout des interrogatoires qu&rsquo;il subit. Et nous savons qu&rsquo;il y aura un proc\u00e8s. Je n&rsquo;imagine m\u00eame pas s&rsquo;il encourt 20 ans de prison. \u00c7a nous parait totalement arbitraire et inimaginable. Nous sommes dans une grande incertitude et d\u00e9tresse.\u00a0\u00bb<\/p>\n<p class=\"mb-4 text-lg md:leading-8 break-words\">Selon les signataires de la tribune du Monde, \u00ab\u00a0son nouveau proc\u00e8s doit commencer prochainement\u00a0\u00bb. Parmi eux, figurent \u00e9galement la Franco-Colombienne Ingrid Betancourt, ex-otage en Colombie, Mortaza Behboudi, journaliste Franco-Afghan emprisonn\u00e9 durant dix mois en 2023 par les talibans, et Camilo Castro, Fran\u00e7ais lib\u00e9r\u00e9 le 15 novembre par le Venezuela apr\u00e8s cinq mois de d\u00e9tention.<\/p>\n<p class=\"mb-4 text-lg md:leading-8 break-words\">Ces derniers mois, Paris a exig\u00e9 de Moscou la lib\u00e9ration de Laurent Vinatier, accusant la Russie de chercher \u00e0 prendre des Occidentaux en otage, alors que les relations entre les deux pays sont au plus bas depuis l&rsquo;assaut russe contre l&rsquo;Ukraine lanc\u00e9 en 2022 et les sanctions qui ont suivi.<\/p>\n<p class=\"mb-4 text-lg md:leading-8 break-words\">\u00c0 \u00e9couter aussi<a href=\"https:\/\/www.rfi.fr\/fr\/podcasts\/le-grand-invit\u00e9-international\/20250830-brigitte-vinatier-laurent-vinatier-victime-des-tensions-entre-la-russie-et-la-france\" class=\"link \" rel=\"nofollow noopener\" target=\"_blank\" data-ylk=\"slk:Brigitte Vinatier: \u00abLaurent Vinatier est une victime des tensions entre la Russie et la France\u00bb;elm:context_link;itc:0;sec:content-canvas\">Brigitte Vinatier: \u00abLaurent Vinatier est une victime des tensions entre la Russie et la France\u00bb<\/a><\/p>\n","protected":false},"excerpt":{"rendered":"\u00ab\u00a0La France doit faire tout ce qui est en son pouvoir pour obtenir la lib\u00e9ration de Laurent Vinatier,&hellip;\n","protected":false},"author":2,"featured_media":553059,"comment_status":"","ping_status":"","sticky":false,"template":"","format":"standard","meta":{"footnotes":""},"categories":[1591],"tags":[11,67011,1887,67012,35128,46980,12,1885,1886,132,67013],"class_list":{"0":"post-553058","1":"post","2":"type-post","3":"status-publish","4":"format-standard","5":"has-post-thumbnail","7":"category-russie","8":"tag-actualites","9":"tag-brigitte-vinatier","10":"tag-federation-de-russie","11":"tag-justine-fontaine","12":"tag-la-tribune","13":"tag-laurent-vinatier","14":"tag-news","15":"tag-russia","16":"tag-russian-federation","17":"tag-russie","18":"tag-vinatier"},"share_on_mastodon":{"url":"https:\/\/pubeurope.com\/@fr\/115598249456407792","error":""},"_links":{"self":[{"href":"https:\/\/www.europesays.com\/fr\/wp-json\/wp\/v2\/posts\/553058","targetHints":{"allow":["GET"]}}],"collection":[{"href":"https:\/\/www.europesays.com\/fr\/wp-json\/wp\/v2\/posts"}],"about":[{"href":"https:\/\/www.europesays.com\/fr\/wp-json\/wp\/v2\/types\/post"}],"author":[{"embeddable":true,"href":"https:\/\/www.europesays.com\/fr\/wp-json\/wp\/v2\/users\/2"}],"replies":[{"embeddable":true,"href":"https:\/\/www.europesays.com\/fr\/wp-json\/wp\/v2\/comments?post=553058"}],"version-history":[{"count":0,"href":"https:\/\/www.europesays.com\/fr\/wp-json\/wp\/v2\/posts\/553058\/revisions"}],"wp:featuredmedia":[{"embeddable":true,"href":"https:\/\/www.europesays.com\/fr\/wp-json\/wp\/v2\/media\/553059"}],"wp:attachment":[{"href":"https:\/\/www.europesays.com\/fr\/wp-json\/wp\/v2\/media?parent=553058"}],"wp:term":[{"taxonomy":"category","embeddable":true,"href":"https:\/\/www.europesays.com\/fr\/wp-json\/wp\/v2\/categories?post=553058"},{"taxonomy":"post_tag","embeddable":true,"href":"https:\/\/www.europesays.com\/fr\/wp-json\/wp\/v2\/tags?post=553058"}],"curies":[{"name":"wp","href":"https:\/\/api.w.org\/{rel}","templated":true}]}}