{"id":553068,"date":"2025-11-23T09:18:15","date_gmt":"2025-11-23T09:18:15","guid":{"rendered":"https:\/\/www.europesays.com\/fr\/553068\/"},"modified":"2025-11-23T09:18:15","modified_gmt":"2025-11-23T09:18:15","slug":"le-4eme-pib-de-leurope-30-millions-dhabitants-la-belgique-et-les-pays-bas-vont-ils-vraiment-fusionner-comme-en-reve-le-premier-ministre-belge","status":"publish","type":"post","link":"https:\/\/www.europesays.com\/fr\/553068\/","title":{"rendered":"Le 4\u00e8me PIB de l&rsquo;Europe, 30 millions d&rsquo;habitants&#8230; La Belgique et les Pays-Bas vont-ils vraiment fusionner comme en r\u00eave le Premier ministre belge?"},"content":{"rendered":"<p>Le Premier ministre belge Bart De Wever, figure historique du nationalisme flamand, relance l&rsquo;id\u00e9e d&rsquo;unir la Belgique et les Pays-Bas. Cela cr\u00e9erait la quatri\u00e8me \u00e9conomie de l\u2019UE avec un PIB de 1.800 milliards d\u2019euros.<\/p>\n<p>Ce n&rsquo;est pas une blague. Le Premier ministre belge r\u00eave d&rsquo;unir son pays avec les Pays-Bas, et pourquoi pas avec le Luxembourg. Issu des rangs du nationalisme flamand, <a href=\"https:\/\/www.bfmtv.com\/economie\/entreprises\/defense\/de-l-hysterie-un-dirigeant-de-la-droite-belge-critique-l-objectif-de-depenses-de-5-du-pib-dans-la-defense_AD-202506140255.html\" title=\"&quot;De l&#039;hyst\u00e9rie&quot;: un dirigeant de la droite belge critique l&#039;objectif de d\u00e9penses de 5% du PIB dans la d\u00e9fense\" class=\"internal_link\" rel=\"nofollow noopener\" target=\"_blank\">Bart De Wever<\/a>, en fonction depuis le 3 f\u00e9vrier, a plaid\u00e9 \u00e0 plusieurs reprises pour une \u00ab\u00a0union intime\u00a0\u00bb entre les pays du Benelux, qu&rsquo;il imagine \u00ab\u00a0devenir le c\u0153ur battant de l&rsquo;Europe\u00a0\u00bb.<\/p>\n<blockquote class=\"embed embed_quote\"><p>Par le pass\u00e9, alors qu&rsquo;il \u00e9tait le chef de l&rsquo;opposition et maire d&rsquo;Anvers, il avait d\u00e9j\u00e0 lanc\u00e9: \u00ab\u00a0Je n\u2019ai jamais abandonn\u00e9 ce r\u00eave: que tous les n\u00e9erlandophones vivent un jour \u00e0 nouveau ensemble. (&#8230;) Si je pouvais mourir en tant que N\u00e9erlandais du Sud, je mourrais plus heureux qu\u2019en tant que Belge\u00a0\u00bb.<\/p><\/blockquote>\n<p>Depuis son arriv\u00e9e au pouvoir, De Wever persiste et signe, suscitant des r\u00e9actions outr\u00e9es, notamment en Wallonie francophone. \u00ab\u00a0Comme Premier ministre, c\u2019est quelque chose que je ne peux pas dire. Mais comme politicien et comme homme, je reste convaincu que la s\u00e9paration des Grands Pays-Bas, au XVIe\u00a0si\u00e8cle, est la plus grande catastrophe qui nous soit arriv\u00e9e\u00a0\u00bb, a-t-il gliss\u00e9 en juin.<\/p>\n<p>Vu de France, l&rsquo;id\u00e9e para\u00eet surprenante. Elle l&rsquo;est moins en Flandre, travaill\u00e9e par un important mouvement nationaliste. L&rsquo;une de ses branches &#8211; dite thiois &#8211; milite pour la formation d&rsquo;un \u00ab\u00a0Groot-Nederland\u00a0\u00bb, r\u00e9tablissant l&rsquo;unit\u00e9 des \u00ab\u00a0Dix-Sept Provinces\u00a0\u00bb (qui comprenaient une partie du nord de la France et du Luxembourg).<\/p>\n<p><img decoding=\"async\" loading=\"lazy\" width=\"960\" height=\"1152\" src=\"https:\/\/www.europesays.com\/fr\/wp-content\/uploads\/2025\/11\/Pays-Bas-2186297.jpg\"  alt=\"Les Pays-Bas espagnols en 1560. \" title=\"Les Pays-Bas espagnols en 1560. \"\/>Les Pays-Bas espagnols en 1560. \u00a9 Commons<\/p>\n<p>Cette union a \u00e9t\u00e9 bris\u00e9e en 1585, lorsque les Provinces-Unies (futurs Pays-Bas) ont obtenu leur ind\u00e9pendance, et bri\u00e8vement r\u00e9tablie en 1815 avant de voler en \u00e9clats en 1830 avec la r\u00e9volution belge. Comme le note le <a href=\"https:\/\/www.brusselstimes.com\/1666075\/could-belgium-soon-be-reunited-with-the-netherlands\" target=\"_blank\" class=\"external_link\" rel=\"nofollow noopener\">Brussels Times<\/a>, la notion de \u00ab\u00a0Grand Pays-Bas\u00a0\u00bb, pens\u00e9e comme r\u00e9union des territoires n\u00e9erlandophones, a ensuite \u00e9t\u00e9 port\u00e9e par des partis d&rsquo;extr\u00eame droite dans les ann\u00e9es 1930 qui se sont compromis avec l&rsquo;Allemagne nazie pendant la Seconde Guerre mondiale.<\/p>\n<p>\u00ab\u00a0La porte d&rsquo;entr\u00e9e de l&rsquo;Europe\u00a0\u00bb<\/p>\n<p>Ce projet recouvre une dimension culturelle et identitaire, mais ses promoteurs insistent sur ses \u00e9ventuelles vertus \u00e9conomiques. La fusion de la Belgique et des Pays-Bas cr\u00e9erait un \u00c9tat de pr\u00e8s de 30 millions d&rsquo;habitants, avec un PIB de pr\u00e8s de 1.800 milliards d&rsquo;euros, soit la quatri\u00e8me \u00e9conomie europ\u00e9enne &#8211; apr\u00e8s l&rsquo;Allemagne, la France et l&rsquo;Italie &#8211; et la douzi\u00e8me mondiale. En 2021, Gert de Wever imaginait: \u00ab\u00a0<a href=\"https:\/\/www.bfmtv.com\/economie\/ports-europeens-la-chine-omnipresente_VN-202505120210.html\" title=\"Ports europ\u00e9ens : la Chine omnipr\u00e9sente\" class=\"internal_link\" rel=\"nofollow noopener\" target=\"_blank\">Les ports d\u2019Anvers et de Rotterdam<\/a> pourraient fusionner pour devenir la porte d\u2019entr\u00e9e de l\u2019\u00e9conomie de l\u2019Europe du Nord-Ouest. Cela ressemble \u00e0 une histoire fantastique\u00a0\u00bb.<\/p>\n<p>Mi-novembre, Matthias Diependaele, le ministre-pr\u00e9sident du gouvernement flamand, a soutenu la proposition du Premier ministre, en estimant que les deux pays pourraient nouer une \u00ab\u00a0alliance pour l&rsquo;innovation\u00a0\u00bb, en particulier dans le secteur des semi-conducteurs. Le Brussels Times rel\u00e8ve que Matthias Diependaele a mentionn\u00e9 \u00e0 ce propos les liens existants entre le <a href=\"https:\/\/www.bfmtv.com\/economie\/international\/des-profits-au-detriment-de-la-securite-des-etats-unis-le-geant-europeen-asml-vise-pour-ses-liens-avec-la-chine_AD-202510080137.html\" title=\"&quot;Des profits au d\u00e9triment de la s\u00e9curit\u00e9 des \u00c9tats-Unis&quot;: le g\u00e9ant europ\u00e9en ASML vis\u00e9 par Washington pour ses liens avec la Chine\" class=\"internal_link\" rel=\"nofollow noopener\" target=\"_blank\">g\u00e9ant n\u00e9erlandais ASML<\/a> et l&rsquo;Imec, le grand centre de recherche belge sur les semi-conducteurs. Ces hommes politiques flamands promeuvent l&rsquo;union avec les Pays-Bas comme une r\u00e9ponse aux \u00ab\u00a0bouleversements g\u00e9opolitiques\u00a0\u00bb.<\/p>\n<blockquote class=\"embed embed_quote\"><p>\u00ab\u00a0Si l\u2019on regarde ce qui se passe dans le monde, la mani\u00e8re dont les \u00c9tats-Unis envisagent d\u00e9sormais le libre-\u00e9change, la position de la Chine ou encore la menace venant de la Russie, il est clair que nous devons repenser nos alliances\u00a0\u00bb, a insist\u00e9 Matthias Diependaele dans un podcast, rapport\u00e9 par <a href=\"https:\/\/www.rtl.be\/actu\/belgique\/politique\/je-ne-suis-absolument-pas-oppose-ce-que-le-benelux-ne-forme-quun-seul-pays-la\/2025-11-12\/article\/770148\" target=\"_blank\" class=\"external_link\" rel=\"nofollow noopener\">RTL info<\/a>.<\/p><\/blockquote>\n<p>Une union supposerait \u00e9videmment l&rsquo;accord des Pays-Bas, qui observent pour l&rsquo;instant ce d\u00e9bat de loin (comme le Luxembourg). Si les \u00e9conomies belge et n\u00e9erlandaise ont certaines similarit\u00e9s, elles divergent aussi sur des points importants. Le taux de ch\u00f4mage est bien plus \u00e9lev\u00e9 en Belgique (5,8%) qu&rsquo;aux Pays-Bas (3,8%). Surtout, la Belgique a une dette publique cons\u00e9quente (106,2% du PIB), quand les Pays-Bas sont un <a href=\"https:\/\/www.bfmtv.com\/economie\/replay-emissions\/la-polemique\/le-decryptage-pas-de-mutualisation-des-dettes-des-frugaux-par-jean-marc-daniel-et-emmanuel-lechypre-21-05_VN-202005210196.html\" title=\"Le d\u00e9cryptage: Pas de mutualisation des dettes des frugaux, par Jean-Marc Daniel et Emmanuel Lechypre - 21\/05\" class=\"internal_link\" rel=\"nofollow noopener\" target=\"_blank\">\u00c9tat particuli\u00e8rement frugal <\/a>(42,7% du PIB).<\/p>\n<p>Pourtant nettement plus petite, la Belgique est d&rsquo;ailleurs nettement plus endett\u00e9e que celle de son voisin (660 milliards d&rsquo;euros contre 480 milliards). En cas de fusion, les \u00ab\u00a0Grands Pays-Bas\u00a0\u00bb auraient une dette publique approchant 65% de son PIB, ce qui supposerait que les contribuables n\u00e9erlandais \u00ab\u00a0paient\u00a0\u00bb pour la dette pass\u00e9e de leurs compatriotes belges.<\/p>\n<blockquote class=\"embed embed_quote\"><p>\u00ab\u00a0C\u2019est quelque chose qui ne se fera pas du jour au lendemain\u00a0\u00bb, a reconnu\u00a0Matthias Diependaele, le ministre-pr\u00e9sident du gouvernement flamand.<\/p><\/blockquote>\n<p>Sans aller jusqu&rsquo;\u00e0 la fusion, la Belgique et les Pays-Bas font d\u00e9j\u00e0 partie du Benelux, une union \u00e9conomique nou\u00e9e \u00e0 la fin de la Seconde Guerre mondiale qui pourrait \u00eatre encore renforc\u00e9e. Les trait\u00e9s europ\u00e9ens pr\u00e9voient en effet que le Benelux est la seule r\u00e9gion habilit\u00e9e \u00e0 initier des collaborations allant plus loin que celles de l&rsquo;UE.<\/p>\n","protected":false},"excerpt":{"rendered":"Le Premier ministre belge Bart De Wever, figure historique du nationalisme flamand, relance l&rsquo;id\u00e9e d&rsquo;unir la Belgique et&hellip;\n","protected":false},"author":2,"featured_media":553069,"comment_status":"","ping_status":"","sticky":false,"template":"","format":"standard","meta":{"footnotes":""},"categories":[1586],"tags":[11,1777,674,1011,27,12,25],"class_list":{"0":"post-553068","1":"post","2":"type-post","3":"status-publish","4":"format-standard","5":"has-post-thumbnail","7":"category-europe","8":"tag-actualites","9":"tag-eu","10":"tag-europe","11":"tag-fr","12":"tag-france","13":"tag-news","14":"tag-republique-francaise"},"share_on_mastodon":{"url":"https:\/\/pubeurope.com\/@fr\/115598270278626589","error":""},"_links":{"self":[{"href":"https:\/\/www.europesays.com\/fr\/wp-json\/wp\/v2\/posts\/553068","targetHints":{"allow":["GET"]}}],"collection":[{"href":"https:\/\/www.europesays.com\/fr\/wp-json\/wp\/v2\/posts"}],"about":[{"href":"https:\/\/www.europesays.com\/fr\/wp-json\/wp\/v2\/types\/post"}],"author":[{"embeddable":true,"href":"https:\/\/www.europesays.com\/fr\/wp-json\/wp\/v2\/users\/2"}],"replies":[{"embeddable":true,"href":"https:\/\/www.europesays.com\/fr\/wp-json\/wp\/v2\/comments?post=553068"}],"version-history":[{"count":0,"href":"https:\/\/www.europesays.com\/fr\/wp-json\/wp\/v2\/posts\/553068\/revisions"}],"wp:featuredmedia":[{"embeddable":true,"href":"https:\/\/www.europesays.com\/fr\/wp-json\/wp\/v2\/media\/553069"}],"wp:attachment":[{"href":"https:\/\/www.europesays.com\/fr\/wp-json\/wp\/v2\/media?parent=553068"}],"wp:term":[{"taxonomy":"category","embeddable":true,"href":"https:\/\/www.europesays.com\/fr\/wp-json\/wp\/v2\/categories?post=553068"},{"taxonomy":"post_tag","embeddable":true,"href":"https:\/\/www.europesays.com\/fr\/wp-json\/wp\/v2\/tags?post=553068"}],"curies":[{"name":"wp","href":"https:\/\/api.w.org\/{rel}","templated":true}]}}