{"id":553070,"date":"2025-11-23T09:19:11","date_gmt":"2025-11-23T09:19:11","guid":{"rendered":"https:\/\/www.europesays.com\/fr\/553070\/"},"modified":"2025-11-23T09:19:11","modified_gmt":"2025-11-23T09:19:11","slug":"on-a-eu-une-capacite-de-reaction-exceptionnelle","status":"publish","type":"post","link":"https:\/\/www.europesays.com\/fr\/553070\/","title":{"rendered":"On a eu une capacit\u00e9 de r\u00e9action exceptionnelle"},"content":{"rendered":"<p>Qui va arr\u00eater la SIG ? Pour l&rsquo;instant, uniquement Cholet et Dijon, et apr\u00e8s Le Mans, les Alsaciens sont all\u00e9s gagner en terre adverse. Cela alors que le coach Janis Gailitis et Marcus Keene \u00e9cop\u00e8rent, dans le deuxi\u00e8me quart-temps, tous les deux de deux fautes techniques, synonyme de disqualification et durent rejoindre leur vestiaire. Chalon passa alors un 13-2 \u00e0 la SIG, qui parvint ensuite \u00e0 refaire surface et \u00e0 infliger un 0-7 d\u00e9cisif \u00e0 l&rsquo;Elan dans les derniers instants du match. <\/p>\n<p>C&rsquo;est ainsi que les 29 points, 5 rebonds, 6 passes et 5 interceptions du Chalonnais Jeremiah Hill ont \u00e9t\u00e9 compens\u00e9s notamment par le superbe double double de Nelly Joseph, auteur de 16 points et&#8230; 18 rebonds.<\/p>\n<p>C&rsquo;est l&rsquo;assistant Massimo Maffezzoli qui s&rsquo;est exprim\u00e9 en conf\u00e9rence de presse comme le rapporte <a href=\"https:\/\/sigstrasbourg.fr\/2025\/11\/dans-les-moments-difficiles-montre-quon-etait-un-groupe-uni?ref=basketeurope.com\" rel=\"noreferrer nofollow noopener\" target=\"_blank\">le site du club <\/a>:<\/p>\n<blockquote><p>\u00ab\u00a0Je suis fier des joueurs et de l\u2019\u00e9quipe. Dans les moments difficiles, on a montr\u00e9 qu\u2019on \u00e9tait un groupe uni. C\u2019est la raison pour laquelle nous arrivons \u00e0 rester solides pendant les moments plus durs. On a fait un tr\u00e8s gros travail au rebond, avec notamment 20 rebonds offensifs. Je suis vraiment fier de ce qu\u2019ils ont fait. Le match \u00e9tait difficile au d\u00e9but. On a trouv\u00e9 le moyen d\u2019\u00eatre plus fort dans cette situation. Je pense que ce soir, nous avons fait preuve de personnalit\u00e9. C\u2019est parfois plus important que d\u2019\u00eatre beau tactiquement et techniquement. Je savais tr\u00e8s bien ce que nous avions \u00e0 faire. Nous avons r\u00e9ussi \u00e0 construire une alchimie. Le petit break va faire du bien. On doit profiter ce soir de cette belle victoire parce qu\u2019il y a la coupe et des gros matchs qui arrivent. Il va falloir recharger les batteries et revenir avec la m\u00eame faim, parce que le travail n\u2019est pas termin\u00e9.\u00a0\u00bb<\/p><\/blockquote>\n<blockquote><p>\u00ab\u00a0Le sc\u00e9nario est assez incroyable, a ajout\u00e9 Jean-Baptiste Maille. Je suis content de la r\u00e9action de l\u2019\u00e9quipe apr\u00e8s le moment de flottement. On a eu une capacit\u00e9 de r\u00e9action exceptionnelle. C\u2019est la force de notre \u00e9quipe. On a tous cet esprit de comp\u00e9tition et ce soir, on l\u2019a montr\u00e9 de la meilleure des mani\u00e8res. On a r\u00e9ussi \u00e0 rester solide dans les moments cl\u00e9s. Cet esprit de combativit\u00e9 se traduit au rebond. Le sc\u00e9nario du match nous a oblig\u00e9s \u00e0 rester solidaires. C\u2019est important de rester lucide et concentr\u00e9 sur ce que l\u2019on veut faire. Les r\u00e9sultats sont la traduction du travail effectu\u00e9 au quotidien\u00a0\u00bb.<\/p><\/blockquote>\n","protected":false},"excerpt":{"rendered":"Qui va arr\u00eater la SIG ? Pour l&rsquo;instant, uniquement Cholet et Dijon, et apr\u00e8s Le Mans, les Alsaciens&hellip;\n","protected":false},"author":2,"featured_media":553071,"comment_status":"","ping_status":"","sticky":false,"template":"","format":"standard","meta":{"footnotes":""},"categories":[1586],"tags":[11,1777,674,1779,1011,27,12,25,1778,364],"class_list":{"0":"post-553070","1":"post","2":"type-post","3":"status-publish","4":"format-standard","5":"has-post-thumbnail","7":"category-europe","8":"tag-actualites","9":"tag-eu","10":"tag-europe","11":"tag-european-union","12":"tag-fr","13":"tag-france","14":"tag-news","15":"tag-republique-francaise","16":"tag-ue","17":"tag-union-europeenne"},"share_on_mastodon":{"url":"https:\/\/pubeurope.com\/@fr\/115598273090811044","error":""},"_links":{"self":[{"href":"https:\/\/www.europesays.com\/fr\/wp-json\/wp\/v2\/posts\/553070","targetHints":{"allow":["GET"]}}],"collection":[{"href":"https:\/\/www.europesays.com\/fr\/wp-json\/wp\/v2\/posts"}],"about":[{"href":"https:\/\/www.europesays.com\/fr\/wp-json\/wp\/v2\/types\/post"}],"author":[{"embeddable":true,"href":"https:\/\/www.europesays.com\/fr\/wp-json\/wp\/v2\/users\/2"}],"replies":[{"embeddable":true,"href":"https:\/\/www.europesays.com\/fr\/wp-json\/wp\/v2\/comments?post=553070"}],"version-history":[{"count":0,"href":"https:\/\/www.europesays.com\/fr\/wp-json\/wp\/v2\/posts\/553070\/revisions"}],"wp:featuredmedia":[{"embeddable":true,"href":"https:\/\/www.europesays.com\/fr\/wp-json\/wp\/v2\/media\/553071"}],"wp:attachment":[{"href":"https:\/\/www.europesays.com\/fr\/wp-json\/wp\/v2\/media?parent=553070"}],"wp:term":[{"taxonomy":"category","embeddable":true,"href":"https:\/\/www.europesays.com\/fr\/wp-json\/wp\/v2\/categories?post=553070"},{"taxonomy":"post_tag","embeddable":true,"href":"https:\/\/www.europesays.com\/fr\/wp-json\/wp\/v2\/tags?post=553070"}],"curies":[{"name":"wp","href":"https:\/\/api.w.org\/{rel}","templated":true}]}}