{"id":553072,"date":"2025-11-23T09:20:13","date_gmt":"2025-11-23T09:20:13","guid":{"rendered":"https:\/\/www.europesays.com\/fr\/553072\/"},"modified":"2025-11-23T09:20:13","modified_gmt":"2025-11-23T09:20:13","slug":"plus-de-300-foyers-prives-delectricite","status":"publish","type":"post","link":"https:\/\/www.europesays.com\/fr\/553072\/","title":{"rendered":"plus de 300 foyers priv\u00e9s d&rsquo;\u00e9lectricit\u00e9"},"content":{"rendered":"<p>                    Par<br \/>\n        <strong><br \/>\n            <a href=\"https:\/\/actu.fr\/auteur\/julien-bouteiller\" title=\"Consulter tous les articles de Julien Bouteiller\" rel=\"nofollow noopener\" target=\"_blank\">Julien Bouteiller<\/a><br \/>\n                    <\/strong><\/p>\n<p>        Publi\u00e9 le<\/p>\n<p>            23 nov. 2025 \u00e0 8h34        <\/p>\n<p><strong>La neige a surpris plusieurs automobilistes dans l\u2019Eure<\/strong>. Selon le Service d\u00e9partemental d\u2019incendie et de secours (Sdis), <strong>neuf accidents<\/strong> li\u00e9s <a href=\"https:\/\/actu.fr\/societe\/meteo-la-normandie-placee-en-vigilance-quen-est-il-dans-leure_63459727.html\" rel=\"nofollow noopener\" target=\"_blank\">aux conditions m\u00e9t\u00e9os<\/a> ont \u00e9t\u00e9 recens\u00e9s durant la soir\u00e9e du 22 novembre 2025. Certains occasionnant <strong>des coupures d\u2019\u00e9lectricit\u00e9 pour plus de 300 foyers.<\/strong><\/p>\n<p>La neige provoque des accidents<\/p>\n<p class=\" wall-content\">En effet, deux automobilistes ont accidentellement<strong> percut\u00e9 des poteaux \u00e9lectriques<\/strong>. Le premier, aux alentours de 22h, <strong>\u00e0 Garennes-sur-Eure<\/strong>, \u00e0 la lisi\u00e8re de l\u2019Eure-et-Loir. Le conducteur a heurt\u00e9 un poteau d\u2019une ligne 20 000 volts, coupant l\u2019\u00e9lectricit\u00e9 pour 21 habitations. \u00ab\u00a0Une r\u00e9paration est pr\u00e9vue ce matin par Enedis\u00a0\u00bb, nous indique le Sdis.<\/p>\n<p class=\" wall-content\">\u00c0 bord du v\u00e9hicule, trois hommes d\u2019une vingtaine d\u2019ann\u00e9es. Deux d\u2019entre eux, <strong>l\u00e9g\u00e8rement bless\u00e9s<\/strong>, ont \u00e9t\u00e9 transport\u00e9s \u00e0 l\u2019h\u00f4pital de Dreux.<\/p>\n<p>Plus de 30 foyers sans \u00e9lectricit\u00e9<\/p>\n<p class=\" wall-content\">Plus tard dans la nuit, un autre poteau d\u2019une ligne 20 000 volts a \u00e9t\u00e9 heurt\u00e9 par un automobiliste<strong> \u00e0 Saussay-la-Campagne<\/strong>. Cette fois, ce sont <strong>280 foyers r\u00e9partis sur trois communes<\/strong> qui sont priv\u00e9s d\u2019\u00e9lectricit\u00e9. Enedis pr\u00e9voit une r\u00e9paration \u00e0 la mi-journ\u00e9e ce dimanche et en attendant, <strong>la RD316 est coup\u00e9e \u00e0 la circulation.\u00a0<\/strong><\/p>\n<p class=\" wall-content\">\u00c0 bord du v\u00e9hicule, aucune victime. Il semblerait que le conducteur soit parti avant l\u2019arriv\u00e9e des secours.<\/p>\n<p>Vid\u00e9os : en ce moment sur Actu<\/p>\n<p class=\" wall-content\">Avec le froid, la pluie et la neige, la prudence va rester de mise pour \u00e9viter les sorties de route.<\/p>\n<p class=\" wall-content\">Personnalisez votre actualit\u00e9 en ajoutant vos villes et m\u00e9dias en favori avec <a href=\"https:\/\/moncompte.actu.fr\" title=\"D\u00e9couvez Mon Actu\" rel=\"nofollow noopener\" data-trk=\"{&quot;cta&quot;:{&quot;action&quot;:&quot;https:\\\/\\\/moncompte.actu.fr&quot;,&quot;category&quot;:&quot;mon compte&quot;,&quot;from&quot;:&quot;article footer&quot;,&quot;name&quot;:&quot;Mon actu&quot;,&quot;type&quot;:&quot;cta&quot;}}\" target=\"_blank\">Mon Actu<\/a>.<\/p>\n","protected":false},"excerpt":{"rendered":"Par Julien Bouteiller Publi\u00e9 le 23 nov. 2025 \u00e0 8h34 La neige a surpris plusieurs automobilistes dans l\u2019Eure.&hellip;\n","protected":false},"author":2,"featured_media":553073,"comment_status":"","ping_status":"","sticky":false,"template":"","format":"standard","meta":{"footnotes":""},"categories":[2],"tags":[119,11,579,118,1011,27,10584,12,25],"class_list":{"0":"post-553072","1":"post","2":"type-post","3":"status-publish","4":"format-standard","5":"has-post-thumbnail","7":"category-actualites","8":"tag-accident","9":"tag-actualites","10":"tag-electricite","11":"tag-faits-divers","12":"tag-fr","13":"tag-france","14":"tag-neige","15":"tag-news","16":"tag-republique-francaise"},"share_on_mastodon":{"url":"https:\/\/pubeurope.com\/@fr\/115598277164535657","error":""},"_links":{"self":[{"href":"https:\/\/www.europesays.com\/fr\/wp-json\/wp\/v2\/posts\/553072","targetHints":{"allow":["GET"]}}],"collection":[{"href":"https:\/\/www.europesays.com\/fr\/wp-json\/wp\/v2\/posts"}],"about":[{"href":"https:\/\/www.europesays.com\/fr\/wp-json\/wp\/v2\/types\/post"}],"author":[{"embeddable":true,"href":"https:\/\/www.europesays.com\/fr\/wp-json\/wp\/v2\/users\/2"}],"replies":[{"embeddable":true,"href":"https:\/\/www.europesays.com\/fr\/wp-json\/wp\/v2\/comments?post=553072"}],"version-history":[{"count":0,"href":"https:\/\/www.europesays.com\/fr\/wp-json\/wp\/v2\/posts\/553072\/revisions"}],"wp:featuredmedia":[{"embeddable":true,"href":"https:\/\/www.europesays.com\/fr\/wp-json\/wp\/v2\/media\/553073"}],"wp:attachment":[{"href":"https:\/\/www.europesays.com\/fr\/wp-json\/wp\/v2\/media?parent=553072"}],"wp:term":[{"taxonomy":"category","embeddable":true,"href":"https:\/\/www.europesays.com\/fr\/wp-json\/wp\/v2\/categories?post=553072"},{"taxonomy":"post_tag","embeddable":true,"href":"https:\/\/www.europesays.com\/fr\/wp-json\/wp\/v2\/tags?post=553072"}],"curies":[{"name":"wp","href":"https:\/\/api.w.org\/{rel}","templated":true}]}}