{"id":553074,"date":"2025-11-23T09:21:16","date_gmt":"2025-11-23T09:21:16","guid":{"rendered":"https:\/\/www.europesays.com\/fr\/553074\/"},"modified":"2025-11-23T09:21:16","modified_gmt":"2025-11-23T09:21:16","slug":"la-france-insoumise-prepare-les-elections-en-regardant-plus-loin","status":"publish","type":"post","link":"https:\/\/www.europesays.com\/fr\/553074\/","title":{"rendered":"La France insoumise pr\u00e9pare les \u00e9lections en regardant plus loin"},"content":{"rendered":"<p>        <img decoding=\"async\" loading=\"lazy\" src=\"https:\/\/www.europesays.com\/fr\/wp-content\/uploads\/2025\/11\/e9e469f_upload-1-liflr7seuawr-afp-20251006-hl-xbouzas-2907909-v1-highres-francepoliticslfiresignatio.jpeg\"  width=\"728\" height=\"409\" alt=\"Jean-Luc M\u00e9lenchon, entour\u00e9 de plusieurs figures de son mouvement (Cl\u00e9mence Guett\u00e9, Manuel Bompard, Mathilde Panot).\"\/>  <\/p>\n<p>XOSE BOUZAS \/ Hans Lucas via AFP<\/p>\n<p>Jean-Luc M\u00e9lenchon, entour\u00e9 de plusieurs figures de son mouvement (Cl\u00e9mence Guett\u00e9, Manuel Bompard, Mathilde Panot).<\/p>\n<p class=\"asset asset-text\">Les insoumis ne font jamais les choses \u00e0 moiti\u00e9. \u00c0 quatre mois des \u00e9lections municipales, les troupes de <a href=\"https:\/\/www.huffingtonpost.fr\/politique\/article\/avec-ce-meeting-jean-luc-melenchon-lance-sans-le-dire-sa-campagne-presidentielle_257201.html\" rel=\"nofollow noopener\" target=\"_blank\">Jean-Luc M\u00e9lenchon<\/a> lancent officiellement leur campagne aux Docks d\u2019Aubervilliers (Seine-Saint-Denis) ce dimanche 23\u00a0novembre. L\u2019occasion de pr\u00e9senter les nombreux candidats partout en France et de donner \u00e0 voir ce \u00e0 quoi ressemblerait une ville dirig\u00e9e par La France insoumise. Mani\u00e8re de montrer, en grande pompe, qu\u2019il faudra compter sur eux en mars\u00a02026.<\/p>\n<p class=\"asset asset-text\">Car aux derni\u00e8res \u00e9lections municipales, le mouvement m\u00e9lenchoniste avait fait profil bas, pr\u00e9f\u00e9rant soutenir quelques listes citoyennes mais sans strat\u00e9gie nationale claire. Cette fois, il affiche de grandes ambitions. Si le coordinateur du mouvement Manuel Bompard refuse de donner d\u2019objectif chiffr\u00e9, il est clair que les insoumis aimeraient d\u00e9crocher plusieurs mairies, notamment dans les m\u00e9tropoles. \u00c0 titre d\u2019exemple, Roubaix, Montpellier, Lille, Toulouse et <a href=\"https:\/\/www.huffingtonpost.fr\/politique\/article\/a-marseille-lfi-officialise-le-nom-de-son-candidat-pour-les-municipales-2026_257203.html\" rel=\"nofollow noopener\" target=\"_blank\">Marseille<\/a> sont dans le viseur. Jean-Luc M\u00e9lenchon y a r\u00e9alis\u00e9 de 30\u00a0\u00e0 40\u00a0% des voix au premier tour de l\u2019\u00e9lection pr\u00e9sidentielle en 2022.<\/p>\n<p class=\"asset asset-text\">En s\u2019appuyant sur un concept nouveau, le \u00ab\u00a0communalisme\u00a0\u00bb, de grands moyens vont \u00eatre d\u00e9ploy\u00e9s, et des candidats pr\u00e9sent\u00e9s dans plus de 500\u00a0communes. \u00ab\u00a0Nous aurons des listes dans 100\u00a0% des villes de plus de 100\u00a0000 habitants, dans 75\u00a0% de plus de 30\u00a0000 habitants\u00a0\u00bb,\u00a0expose le d\u00e9put\u00e9 Paul Vannier, charg\u00e9 des \u00e9lections au sein du mouvement, aupr\u00e8s de <a href=\"https:\/\/www.liberation.fr\/politique\/municipales-entre-lfi-et-le-ps-les-non-liaisons-dangereuses-20251120_YNGWRTIF4VESDNYQT6M62IIXUE\/\" target=\"_blank\" rel=\"noopener nofollow\" title=\"Nouvelle fen\u00eatre\">Lib\u00e9ration<\/a>.<\/p>\n<p class=\"asset asset-text\">Dans des villes aujourd\u2019hui dirig\u00e9es par la gauche, l\u2019ardeur avec laquelle La France insoumise commence \u00e0 faire campagne <a href=\"https:\/\/www.huffingtonpost.fr\/politique\/article\/municipales-2026-la-france-insoumise-part-a-l-assaut-de-nombreuses-villes-gerees-par-la-gauche_257008.html\" rel=\"nofollow noopener\" target=\"_blank\">irrite les sortants socialistes ou communistes<\/a>, qui ont l\u2019impression qu\u2019on marche sur leurs platebandes. Dans \u00ab\u00a0la banlieue rouge\u00a0\u00bb, autour de Paris, les troupes de Jean-Luc M\u00e9lenchon ne cachent plus leur volont\u00e9 de d\u00e9crocher un certain nombre de troph\u00e9es. Rima Hassan et Manuel Bompard, deux figures parmi les plus identifi\u00e9es du grand public, seront le 26\u00a0novembre \u00e0 Montreuil\u2026 une ville communiste. \u00ab\u00a0Personne n\u2019est propri\u00e9taire d\u2019une commune\u00a0\u00bb, r\u00e9pond le coordinateur du mouvement. Le d\u00e9put\u00e9 \u00c9ric Coquerel assure quant \u00e0 lui que LFI se lance car \u00ab\u00a0il n\u2019y a aucun risque de droite ou d\u2019extr\u00eame droite\u00a0\u00bb. \u00ab\u00a0Ce sera une sorte de primaire de la gauche\u00a0\u00bb, assume-t-il.<\/p>\n<p class=\"asset asset-text\">Au fond, et derri\u00e8re les cibles prestigieuses affich\u00e9es en fa\u00e7ade, l\u2019objectif est (surtout) de se faire une place dans les conseils municipaux et de mailler le territoire d\u2019\u00e9lus locaux. Pas inutile, \u00e0 un an de l\u2019\u00e9lection pr\u00e9sidentielle, d\u2019avoir de nombreux relais sur le terrain. Et, pourquoi pas, de compter plusieurs \u00e9diles \u00e0 la fin de la comp\u00e9tition. Qui plus est dans un contexte o\u00f9 le maire, loin devant les autres, demeure l\u2019\u00e9lu pr\u00e9f\u00e9r\u00e9 des Fran\u00e7ais. 61\u00a0% d\u2019entre eux expliquent faire confiance \u00e0 leur maire, selon <a href=\"https:\/\/www.sciencespo.fr\/cevipof\/fr\/actualites\/barometre-de-la-confiance-politique-du-cevipof-2025-le-grand-desarroi-democratique\/\" target=\"_blank\" rel=\"noopener nofollow\" title=\"Nouvelle fen\u00eatre\">une \u00e9tude du Cevipof<\/a> parue en f\u00e9vrier\u00a02025.<\/p>\n<p>    Vers un groupe LFI au S\u00e9nat\u00a0?    <\/p>\n<p class=\"asset asset-text\">L\u2019autre raison pour laquelle La France insoumise esp\u00e8re engranger de nombreuses victoires aux municipales est plus terre \u00e0 terre. <a href=\"https:\/\/www.huffingtonpost.fr\/politique\/article\/pourquoi-le-role-du-senat-aura-une-enorme-influence-sur-l-adoption-ou-non-du-budget_257272.html\" rel=\"nofollow noopener\" target=\"_blank\">Des \u00e9lections s\u00e9natoriales<\/a> sont pr\u00e9vues six mois plus tard, en septembre\u00a02026. Plus les insoumis compteront d\u2019\u00e9lus locaux, plus ils auront de grands \u00e9lecteurs en mesure de voter aux s\u00e9natoriales. Jusqu\u2019\u00e0 pr\u00e9sent, le mouvement de Jean-Luc M\u00e9lenchon n\u2019a jamais r\u00e9ussi \u00e0 constituer de groupe \u00e0 la chambre haute, ni m\u00eame \u00e0 faire \u00e9lire le moindre s\u00e9nateur. Un handicap dans la bataille parlementaire, alors que les textes \u00e9tudi\u00e9s \u00e0 l\u2019Assembl\u00e9e font la navette avec le S\u00e9nat, o\u00f9 aucun insoumis n\u2019est l\u00e0 pour prendre le relais. D\u2019autant qu\u2019\u00e0 gauche, ce sont les seuls \u00e0 ne pas y \u00eatre repr\u00e9sent\u00e9s.<\/p>\n<p class=\"asset asset-text\">Mais pour cela, les listes de La France insoumise devront d\u00e9passer les 10\u00a0% et ainsi se maintenir au second tour. \u00c0 ce moment-l\u00e0, des discussions pourront (en th\u00e9orie) s\u2019engager avec les autres forces de gauche pour une fusion ou un retrait. \u00ab\u00a0Si les \u00e9lecteurs d\u00e9cident de mettre les insoumis devant ou une autre liste de gauche, charge \u00e0 ces diff\u00e9rentes listes de se mettre d\u2019accord au second tour\u00a0\u00bb, r\u00e9sume Manuel Bompard, qui ne souhaite pas que ses troupes soient condamn\u00e9es \u00e0 rester derri\u00e8re ou \u00e0 se retirer. C\u2019est tout sauf un d\u00e9tail. \u00c0 <a href=\"https:\/\/www.huffingtonpost.fr\/politique\/article\/a-villeneuve-saint-georges-lfi-et-louis-boyard-ratent-leur-ballon-d-essai-lr-empoche-cette-mairie-du-val-de-marne_245672.html\" target=\"_blank\" rel=\"noopener nofollow\" title=\"Nouvelle fen\u00eatre\">Villeneuve-Saint-Georges<\/a>, la candidature de Louis Boyard avait justement <a href=\"https:\/\/www.lemonde.fr\/politique\/article\/2025\/01\/31\/a-villeneuve-saint-georges-l-impossible-union-de-la-gauche_6525036_823448.html\" target=\"_blank\" rel=\"noopener nofollow\" title=\"Nouvelle fen\u00eatre\">but\u00e9 sur sa capacit\u00e9 \u00e0 fusionner au 2e tour<\/a>.<\/p>\n<p>                     Pas de cadeau au PS    <\/p>\n<p class=\"asset asset-text\">\u00c0 l\u2019inverse, l\u2019objectif du Parti socialiste va \u00eatre de faire en sorte que les insoumis restent sous le seuil de 10\u00a0% au premier tour pour \u00e9teindre leur vell\u00e9it\u00e9 de repr\u00e9sentation. Ainsi \u00e0 Paris, le candidat PS Emmanuel Gr\u00e9goire a plusieurs fois rappel\u00e9 qu\u2019il ne comptait faire alliance avec La France insoumise ni au premier ni au second tour. Au risque de faire \u00e9lire Rachida Dati, donn\u00e9e gagnante en cas de triangulaire au second tour, impliquant le maintien de Sophia Chikirou. \u00ab\u00a0Il ne faut pas qu\u2019<a href=\"https:\/\/www.huffingtonpost.fr\/politique\/article\/municipales-2026-a-paris-sophia-chikirou-a-peine-en-campagne-etrille-le-bilan-des-socialistes-ulceres_257414.html\" rel=\"nofollow noopener\" target=\"_blank\">un\u00a0socialiste\u00a0soit maire de Paris<\/a>\u00a0\u00bb, a cingl\u00e9 l\u2019insoumise vendredi. \u00ab\u00a0Plut\u00f4t perdre Paris que s\u2019allier avec LFI\u00a0\u00bb, r\u00e9sume de son c\u00f4t\u00e9 le maire de Paris Centre Ariel Weil, candidat \u00e0 sa r\u00e9\u00e9lection. C\u2019est une constante \u00e0 gauche. Depuis tr\u00e8s longtemps, des listes partent s\u00e9par\u00e9ment au premier tour mais finissent par se retrouver au second.<\/p>\n<p class=\"asset asset-text\">Mais d\u00e9j\u00e0, Jean-Luc M\u00e9lenchon met en garde. Dans une interview \u00e0 <a href=\"https:\/\/www.politis.fr\/articles\/2025\/11\/entretien-jean-luc-melenchon-nous-sommes-les-plus-forts-a-gauche\/\" target=\"_blank\" rel=\"noopener nofollow\" title=\"Nouvelle fen\u00eatre\">Politis<\/a> publi\u00e9e le 18\u00a0novembre, l\u2019ex-candidat \u00e0 la pr\u00e9sidentielle pr\u00e9vient que ses troupes ne se laisseront pas manger tout cru. \u00ab\u00a0Les socialistes ont dit qu\u2019ils ne voulaient pas des insoumis ni au premier ni au deuxi\u00e8me tour. Comment comptent-ils gagner sans nous\u00a0? Avec la droite\u00a0? Ils doivent le comprendre\u00a0: nous n\u2019accepterons pas d\u2019\u00eatre convoqu\u00e9s entre le premier et le second tour pour porter leurs valises\u00a0\u00bb. En r\u00e9alit\u00e9, tous les sc\u00e9narios sont possibles, m\u00eame des accords avec le PS. \u00ab\u00a0Toute liste qui se dit pr\u00eate \u00e0 fusionner en prenant en compte certaines de nos propositions, \u00e7a nous convient\u00a0\u00bb, assure le d\u00e9put\u00e9 Hadrien Clouet, interrog\u00e9 dans Lib\u00e9. Reste \u00e0 voir quelles traces ont laiss\u00e9 les divergences de ces derni\u00e8res semaines.<\/p>\n<p>    \u00ab\u00a0On part de z\u00e9ro\u00a0\u00bb    <\/p>\n<p class=\"asset asset-text\">Contrairement aux \u00c9cologistes, qui pourraient conc\u00e9der de lourdes pertes (Bordeaux, Lyon, Strasbourg), les insoumis per\u00e7oivent les municipales comme l\u2019occasion de se refaire, et de combler un s\u00e9rieux d\u00e9ficit d\u2019implantation locale. \u00ab\u00a0On part de z\u00e9ro, donc on ne pourra que progresser\u00a0\u00bb, r\u00e9sume souvent Manuel Bompard. La plus grande ville qu\u2019ils dirigent actuellement s\u2019appelle Faches-Thumesnil, en banlieue de Lille, et compte 18\u00a0000\u00a0habitants.<\/p>\n<p class=\"asset asset-text\">M\u00eame si les cadres LFI ne l\u2019admettent pas publiquement, il y a le risque du z\u00e9ro point\u00e9. Et si, au soir du second tour, les insoumis ne d\u00e9crochaient aucune mairie\u00a0? Ou du moins, un troph\u00e9e suffisamment signifiant pour le pr\u00e9senter comme un appui sur lequel b\u00e2tir la campagne pr\u00e9sidentielle\u00a0? Un sc\u00e9nario noir, que LFI repousse en s\u2019accrochant aux scores r\u00e9alis\u00e9s par Jean-Luc M\u00e9lenchon en 2022 ou Manon Aubry en 2024.<\/p>\n<p class=\"asset asset-text\">\u00c0 Paris, sans aller jusqu\u2019\u00e0 imaginer s\u00e9rieusement que\u00a0<a href=\"https:\/\/www.huffingtonpost.fr\/politique\/article\/municipales-2026-sophia-chikirou-officialisee-par-lfi-pour-paris_257142.html\" rel=\"nofollow noopener\" target=\"_blank\">Sophia Chikirou<\/a>\u00a0sera la prochaine maire de Paris (elle est cr\u00e9dit\u00e9e de 13\u00a0% dans les sondages), les insoumis esp\u00e8rent d\u00e9crocher des mairies d\u2019arrondissement, dont celle du 18e o\u00f9 Dani\u00e8le Obono est candidate. Ou alors des villes populaires comme Saint-Ouen, Saint-Denis ou La Courneuve. Ce qui implique de d\u00e9loger des sortants coriaces et leurs relais bien implant\u00e9s. Plus facile \u00e0 dire, sur le papier, qu\u2019\u00e0 faire, sur le terrain.<\/p>\n","protected":false},"excerpt":{"rendered":"XOSE BOUZAS \/ Hans Lucas via AFP Jean-Luc M\u00e9lenchon, entour\u00e9 de plusieurs figures de son mouvement (Cl\u00e9mence Guett\u00e9,&hellip;\n","protected":false},"author":2,"featured_media":553075,"comment_status":"","ping_status":"","sticky":false,"template":"","format":"standard","meta":{"footnotes":""},"categories":[2],"tags":[11,1011,27,1023,3434,12,316,25],"class_list":{"0":"post-553074","1":"post","2":"type-post","3":"status-publish","4":"format-standard","5":"has-post-thumbnail","7":"category-actualites","8":"tag-actualites","9":"tag-fr","10":"tag-france","11":"tag-la-france-insoumise-lfi","12":"tag-municipales-2026","13":"tag-news","14":"tag-politique","15":"tag-republique-francaise"},"share_on_mastodon":{"url":"https:\/\/pubeurope.com\/@fr\/115598281610675081","error":""},"_links":{"self":[{"href":"https:\/\/www.europesays.com\/fr\/wp-json\/wp\/v2\/posts\/553074","targetHints":{"allow":["GET"]}}],"collection":[{"href":"https:\/\/www.europesays.com\/fr\/wp-json\/wp\/v2\/posts"}],"about":[{"href":"https:\/\/www.europesays.com\/fr\/wp-json\/wp\/v2\/types\/post"}],"author":[{"embeddable":true,"href":"https:\/\/www.europesays.com\/fr\/wp-json\/wp\/v2\/users\/2"}],"replies":[{"embeddable":true,"href":"https:\/\/www.europesays.com\/fr\/wp-json\/wp\/v2\/comments?post=553074"}],"version-history":[{"count":0,"href":"https:\/\/www.europesays.com\/fr\/wp-json\/wp\/v2\/posts\/553074\/revisions"}],"wp:featuredmedia":[{"embeddable":true,"href":"https:\/\/www.europesays.com\/fr\/wp-json\/wp\/v2\/media\/553075"}],"wp:attachment":[{"href":"https:\/\/www.europesays.com\/fr\/wp-json\/wp\/v2\/media?parent=553074"}],"wp:term":[{"taxonomy":"category","embeddable":true,"href":"https:\/\/www.europesays.com\/fr\/wp-json\/wp\/v2\/categories?post=553074"},{"taxonomy":"post_tag","embeddable":true,"href":"https:\/\/www.europesays.com\/fr\/wp-json\/wp\/v2\/tags?post=553074"}],"curies":[{"name":"wp","href":"https:\/\/api.w.org\/{rel}","templated":true}]}}