{"id":553076,"date":"2025-11-23T09:22:11","date_gmt":"2025-11-23T09:22:11","guid":{"rendered":"https:\/\/www.europesays.com\/fr\/553076\/"},"modified":"2025-11-23T09:22:11","modified_gmt":"2025-11-23T09:22:11","slug":"le-xv-de-france-bat-laustralie-au-bout-dune-tournee-en-demi-teinte","status":"publish","type":"post","link":"https:\/\/www.europesays.com\/fr\/553076\/","title":{"rendered":"Le XV de France bat l\u2019Australie au bout d\u2019une tourn\u00e9e en demi-teinte"},"content":{"rendered":"<p>\u00ab\u00a0Ne jugez pas avant la fin\u00a0\u00bb, pr\u00e9conisait le s\u00e9lectionneur Fabien Galthi\u00e9 face aux observations sceptiques sur les performances de ses joueurs avant leur dernier match contre l\u2019Australie samedi 22\u00a0novembre au Stade de France. Les Bleus ont termin\u00e9 cette tourn\u00e9e d\u2019automne par une victoire sur les hommes des antipodes (48-33), mais il n\u2019est pas s\u00fbr que les dubitatives remarques soient remis\u00e9es au placard, tant l\u2019affaire n\u2019a \u00e9t\u00e9 emball\u00e9e que dans les dix derni\u00e8res minutes, les d\u00e9bats jusque-l\u00e0 ne poussant pas \u00e0 la franche rigolade.<\/p>\n<p>Cet article est r\u00e9serv\u00e9 aux abonn\u00e9s<\/p>\n<p>\n                    Vous souhaitez lire la suite\u00a0? Abonnez-vous sans engagement \u00e0 notre offre num\u00e9rique\n                <\/p>\n<p>                <a href=\"https:\/\/www.la-croix.com\/abonnement\" class=\"default-paywall__subscribe-button\" data-tracking=\"cta_click\" data-tracking-action=\"voir la page abonnement\" data-tracking-category=\"abonnement\" rel=\"nofollow noopener\" target=\"_blank\">Je m&rsquo;abonne<\/a><\/p>\n","protected":false},"excerpt":{"rendered":"\u00ab\u00a0Ne jugez pas avant la fin\u00a0\u00bb, pr\u00e9conisait le s\u00e9lectionneur Fabien Galthi\u00e9 face aux observations sceptiques sur les performances&hellip;\n","protected":false},"author":2,"featured_media":553077,"comment_status":"","ping_status":"","sticky":false,"template":"","format":"standard","meta":{"footnotes":""},"categories":[4],"tags":[11,1011,27,12,25],"class_list":{"0":"post-553076","1":"post","2":"type-post","3":"status-publish","4":"format-standard","5":"has-post-thumbnail","7":"category-france","8":"tag-actualites","9":"tag-fr","10":"tag-france","11":"tag-news","12":"tag-republique-francaise"},"share_on_mastodon":{"url":"https:\/\/pubeurope.com\/@fr\/115598284739185358","error":""},"_links":{"self":[{"href":"https:\/\/www.europesays.com\/fr\/wp-json\/wp\/v2\/posts\/553076","targetHints":{"allow":["GET"]}}],"collection":[{"href":"https:\/\/www.europesays.com\/fr\/wp-json\/wp\/v2\/posts"}],"about":[{"href":"https:\/\/www.europesays.com\/fr\/wp-json\/wp\/v2\/types\/post"}],"author":[{"embeddable":true,"href":"https:\/\/www.europesays.com\/fr\/wp-json\/wp\/v2\/users\/2"}],"replies":[{"embeddable":true,"href":"https:\/\/www.europesays.com\/fr\/wp-json\/wp\/v2\/comments?post=553076"}],"version-history":[{"count":0,"href":"https:\/\/www.europesays.com\/fr\/wp-json\/wp\/v2\/posts\/553076\/revisions"}],"wp:featuredmedia":[{"embeddable":true,"href":"https:\/\/www.europesays.com\/fr\/wp-json\/wp\/v2\/media\/553077"}],"wp:attachment":[{"href":"https:\/\/www.europesays.com\/fr\/wp-json\/wp\/v2\/media?parent=553076"}],"wp:term":[{"taxonomy":"category","embeddable":true,"href":"https:\/\/www.europesays.com\/fr\/wp-json\/wp\/v2\/categories?post=553076"},{"taxonomy":"post_tag","embeddable":true,"href":"https:\/\/www.europesays.com\/fr\/wp-json\/wp\/v2\/tags?post=553076"}],"curies":[{"name":"wp","href":"https:\/\/api.w.org\/{rel}","templated":true}]}}