{"id":553082,"date":"2025-11-23T09:26:10","date_gmt":"2025-11-23T09:26:10","guid":{"rendered":"https:\/\/www.europesays.com\/fr\/553082\/"},"modified":"2025-11-23T09:26:10","modified_gmt":"2025-11-23T09:26:10","slug":"coupe-davis-ljubicic-responsable-du-haut-niveau-a-la-fft-sen-prend-a-moutet-cest-un-manque-de-respect-pour-la-competition-pour-lequipe-quelque-chose-dinacceptable-je-ne-peux-pas-comprend","status":"publish","type":"post","link":"https:\/\/www.europesays.com\/fr\/553082\/","title":{"rendered":"Coupe Davis > Ljubicic, responsable du haut niveau \u00e0 la FFT, s&rsquo;en prend \u00e0 Moutet : \u00ab\u00a0C&rsquo;est un manque de respect pour la comp\u00e9tition, pour l&rsquo;\u00e9quipe. Quelque chose d&rsquo;inacceptable. Je ne peux pas comprendre\u00a0\u00bb"},"content":{"rendered":"<p>Interrog\u00e9 par <a href=\"https:\/\/www.lequipe.fr\/Tennis\/Article\/-bonne-dynamique-recours-aux-experts-ivan-ljubicic-dresse-le-bilan-de-la-saison-2025-du-tennis-francais-et-se-projette-sur-2026\/1611511\" data-wpel-link=\"external\" target=\"_blank\" rel=\"nofollow external noopener\">L\u2019Equipe<\/a> apr\u00e8s l\u2019\u00e9li\u00admi\u00adna\u00adtion des Bleus en quarts de finale de la Coupe Davis, Ivan Ljubicic, respon\u00adsable du haut niveau \u00e0 la F\u00e9d\u00e9ration Fran\u00e7aise de Tennis (FFT), n\u2019a pas \u00e9pargn\u00e9 Corentin Moutet,<a href=\"https:\/\/www.welovetennis.fr\/france\/moutet-disjoncte-et-confond-coupe-davis-et-exhibition-attention-au-retour-de-baton\" data-wpel-link=\"internal\" rel=\"nofollow noopener\" target=\"_blank\"> auteur \u00ab\u202fd\u2019un coup de folie\u202f\u00bb \u00e0 un moment crucial de son match perdu contre Rapha\u00ebl\u00a0Collignon<\/a>.<\/p>\n<p><strong>\u00ab\u202fJe ne sais pas quoi dire. Quand tu s\u00e9lec\u00adtionnes Corentin Moutet, tu ne sais pas ce qui peut se passer. C\u2019est quand m\u00eame un risque. En Croatie, \u00e7a s\u2019est tr\u00e8s bien d\u00e9roul\u00e9. \u00c0 Bologne, il a jou\u00e9 ce point\u00a0(\u00e0 6\u20132, 5\u20136 15\u2011A, avant de perdre 2\u20136, 7\u20135, 7\u20135)\u00a0d\u2019une mani\u00e8re que je ne peux pas comprendre. Je n\u2019ai jamais jou\u00e9 un point dans ma carri\u00e8re pour ne pas le gagner. Il y a une diff\u00e9\u00adrence quand tu joues pour toi\u2010m\u00eame ou l\u2019\u00e9quipe de France\u00a0(battue par la Belgique en quarts de finale). C\u2019est un manque de respect pour la comp\u00e9\u00adti\u00adtion, pour l\u2019\u00e9quipe. C\u2019est dommage, il avait fait un tr\u00e8s bon premier set face \u00e0\u00a0(Rapha\u00ebl)\u00a0Collignon. Il s\u2019est bloqu\u00e9 apr\u00e8s ce point parce qu\u2019il a compris qu\u2019il avait fait quelque chose d\u2019inac\u00adcep\u00adtable. Il s\u2019est excus\u00e9. C\u2019est la r\u00e9ac\u00adtion d\u2019apr\u00e8s qu\u2019il faut regarder. Il a dit tout ce qu\u2019il fallait dire. On ne peut pas sanc\u00adtionner quel\u00adqu\u2019un qui s\u2019ex\u00adcuse. C\u2019est juste dommage, voil\u00e0.\u202f\u00bb<\/strong><\/p>\n<p class=\"post-published-date\" style=\"color: silver; font-size: 75%; text-align: left;\">Publi\u00e9 le dimanche 23 novembre 2025 \u00e0 08:16<\/p>\n","protected":false},"excerpt":{"rendered":"Interrog\u00e9 par L\u2019Equipe apr\u00e8s l\u2019\u00e9li\u00admi\u00adna\u00adtion des Bleus en quarts de finale de la Coupe Davis, Ivan Ljubicic, respon\u00adsable&hellip;\n","protected":false},"author":2,"featured_media":553083,"comment_status":"","ping_status":"","sticky":false,"template":"","format":"standard","meta":{"footnotes":""},"categories":[1415],"tags":[1011,27,60,1467],"class_list":{"0":"post-553082","1":"post","2":"type-post","3":"status-publish","4":"format-standard","5":"has-post-thumbnail","7":"category-tennis","8":"tag-fr","9":"tag-france","10":"tag-sports","11":"tag-tennis"},"share_on_mastodon":{"url":"https:\/\/pubeurope.com\/@fr\/115598300517363108","error":""},"_links":{"self":[{"href":"https:\/\/www.europesays.com\/fr\/wp-json\/wp\/v2\/posts\/553082","targetHints":{"allow":["GET"]}}],"collection":[{"href":"https:\/\/www.europesays.com\/fr\/wp-json\/wp\/v2\/posts"}],"about":[{"href":"https:\/\/www.europesays.com\/fr\/wp-json\/wp\/v2\/types\/post"}],"author":[{"embeddable":true,"href":"https:\/\/www.europesays.com\/fr\/wp-json\/wp\/v2\/users\/2"}],"replies":[{"embeddable":true,"href":"https:\/\/www.europesays.com\/fr\/wp-json\/wp\/v2\/comments?post=553082"}],"version-history":[{"count":0,"href":"https:\/\/www.europesays.com\/fr\/wp-json\/wp\/v2\/posts\/553082\/revisions"}],"wp:featuredmedia":[{"embeddable":true,"href":"https:\/\/www.europesays.com\/fr\/wp-json\/wp\/v2\/media\/553083"}],"wp:attachment":[{"href":"https:\/\/www.europesays.com\/fr\/wp-json\/wp\/v2\/media?parent=553082"}],"wp:term":[{"taxonomy":"category","embeddable":true,"href":"https:\/\/www.europesays.com\/fr\/wp-json\/wp\/v2\/categories?post=553082"},{"taxonomy":"post_tag","embeddable":true,"href":"https:\/\/www.europesays.com\/fr\/wp-json\/wp\/v2\/tags?post=553082"}],"curies":[{"name":"wp","href":"https:\/\/api.w.org\/{rel}","templated":true}]}}