{"id":553084,"date":"2025-11-23T09:30:53","date_gmt":"2025-11-23T09:30:53","guid":{"rendered":"https:\/\/www.europesays.com\/fr\/553084\/"},"modified":"2025-11-23T09:30:53","modified_gmt":"2025-11-23T09:30:53","slug":"avec-son-velo-surnomme-colibri-cet-habitant-de-la-sarthe-raconte-sa-traversee-compliquee-du-tadjikistan","status":"publish","type":"post","link":"https:\/\/www.europesays.com\/fr\/553084\/","title":{"rendered":"Avec son v\u00e9lo surnomm\u00e9 Colibri, cet habitant de la Sarthe raconte sa travers\u00e9e compliqu\u00e9e du Tadjikistan"},"content":{"rendered":"<p>                    Par<br \/>\n        <strong><br \/>\n            <a href=\"https:\/\/actu.fr\/auteur\/journaliste-am\" title=\"Consulter tous les articles de R\u00e9daction Sill\u00e9-le-Guillaume\" rel=\"nofollow noopener\" target=\"_blank\">R\u00e9daction Sill\u00e9-le-Guillaume<\/a><br \/>\n                    <\/strong><\/p>\n<p>        Publi\u00e9 le<\/p>\n<p>            22 nov. 2025 \u00e0 16h16        <\/p>\n<p>Les b\u00e9n\u00e9voles de la biblioth\u00e8que municipale d\u2019<a href=\"https:\/\/actu.fr\/pays-de-la-loire\/aigne_72001\" rel=\"nofollow noopener\" target=\"_blank\">Aign\u00e9<\/a> (Sarthe) ont invit\u00e9 le Sabolien<b> Pascal Coconnier<\/b>, pour raconter <a href=\"https:\/\/actu.fr\/pays-de-la-loire\/sable-sur-sarthe_72264\/50-jours-et-2-500-km-seul-a-velo-au-tadjikistan-cet-habitant-de-la-sarthe-raconte-son-difficile-periple_61873628.html\" rel=\"nofollow noopener\" target=\"_blank\">son p\u00e9riple de cinquante jours au Tadjikistan<\/a> effectu\u00e9 en ao\u00fbt et septembre\u00a02024 avec son v\u00e9lo surnomm\u00e9 Colibri.<\/p>\n<p class=\" wall-content\">C\u2019\u00e9tait son <b>deuxi\u00e8me voyage en Asie<\/b>\u2009: \u00ab\u2009Lors du premier, j\u2019avais rencontr\u00e9 des touristes comme moi qui me vantaient le massif de Pamir comme \u00e9tant le graal du cyclo-voyageur, j\u2019ai donc d\u00e9cid\u00e9 d\u2019y aller.\u2009\u00bb<\/p>\n<p>Des gens accueillants<\/p>\n<p class=\" wall-content\">S\u2019appuyant sur un diaporama d\u2019une heure et demie, le prolixe Pascal Coconnier a emmen\u00e9 la cinquantaine de personnes pr\u00e9sentes \u00e0 travers cette r\u00e9gion qui repr\u00e9sente 40\u2009% du pays, mais o\u00f9 vit seulement 4\u2009% de la population et o\u00f9 l\u2019\u00e9lectricit\u00e9 n\u2019est arriv\u00e9e qu\u2019en 2022.<\/p>\n<p class=\" wall-content\">\u00ab\u2009Des gens<b> tr\u00e8s accueillants<\/b> malgr\u00e9 leur peu de ressources. J\u2019ai eu droit \u00e0 un tiers de bivouac, un tiers d\u2019accueil gratuit et un tiers d\u2019accueil payant.\u2009\u00bb<\/p>\n<p>Manque d\u2019oxyg\u00e8ne<\/p>\n<p class=\" wall-content\">Emprunter la deuxi\u00e8me plus haute autoroute au monde, la M41, \u00e0 plus de <b>4\u2009000\u00a0m d\u2019altitude<\/b> dans des conditions de vent et de chaleur avec un v\u00e9lo pesant quarante kilogrammes, demande une certaine acclimatation\u2009: \u00ab\u2009Le<b> manque d\u2019oxyg\u00e8ne<\/b> me donnait une sensation d\u2019oppression.\u2009\u00bb<\/p>\n<p class=\" wall-content\">Sept crevaisons, des probl\u00e8mes de carte bleue au bout de trente jours (\u00abj\u2019avais oubli\u00e9 de d\u00e9clarer ma pr\u00e9sence\u2009\u00bb), des secousses de tremblement de terre pendant une nuit, des contr\u00f4les fr\u00e9quents aux abords de la fronti\u00e8re ont \u00e9maill\u00e9 le p\u00e9riple de ce loup solitaire.<\/p>\n<p>Vid\u00e9os : en ce moment sur Actu<\/p>\n<p class=\" wall-content\">\u00ab\u2009C\u2019est <b>un d\u00e9fi pour moi de voyager dans de grands espaces et dans ces conditions<\/b>, les quelques jours de gal\u00e8re ont \u00e9t\u00e9 largement compens\u00e9s par ces paysages et ces rencontres extraordinaires.\u2009\u00bb<\/p>\n<p class=\" wall-content\">Personnalisez votre actualit\u00e9 en ajoutant vos villes et m\u00e9dias en favori avec <a href=\"https:\/\/moncompte.actu.fr\" title=\"D\u00e9couvez Mon Actu\" rel=\"nofollow noopener\" data-trk=\"{&quot;cta&quot;:{&quot;action&quot;:&quot;https:\\\/\\\/moncompte.actu.fr&quot;,&quot;category&quot;:&quot;mon compte&quot;,&quot;from&quot;:&quot;article footer&quot;,&quot;name&quot;:&quot;Mon actu&quot;,&quot;type&quot;:&quot;cta&quot;}}\" target=\"_blank\">Mon Actu<\/a>.<\/p>\n","protected":false},"excerpt":{"rendered":"Par R\u00e9daction Sill\u00e9-le-Guillaume Publi\u00e9 le 22 nov. 2025 \u00e0 16h16 Les b\u00e9n\u00e9voles de la biblioth\u00e8que municipale d\u2019Aign\u00e9 (Sarthe)&hellip;\n","protected":false},"author":2,"featured_media":553085,"comment_status":"","ping_status":"","sticky":false,"template":"","format":"standard","meta":{"footnotes":""},"categories":[1411],"tags":[1154,207,1011,27,104,60,586],"class_list":{"0":"post-553084","1":"post","2":"type-post","3":"status-publish","4":"format-standard","5":"has-post-thumbnail","7":"category-cyclisme","8":"tag-cycling","9":"tag-cyclisme","10":"tag-fr","11":"tag-france","12":"tag-societe","13":"tag-sports","14":"tag-voyage"},"share_on_mastodon":{"url":"https:\/\/pubeurope.com\/@fr\/115598320170410651","error":""},"_links":{"self":[{"href":"https:\/\/www.europesays.com\/fr\/wp-json\/wp\/v2\/posts\/553084","targetHints":{"allow":["GET"]}}],"collection":[{"href":"https:\/\/www.europesays.com\/fr\/wp-json\/wp\/v2\/posts"}],"about":[{"href":"https:\/\/www.europesays.com\/fr\/wp-json\/wp\/v2\/types\/post"}],"author":[{"embeddable":true,"href":"https:\/\/www.europesays.com\/fr\/wp-json\/wp\/v2\/users\/2"}],"replies":[{"embeddable":true,"href":"https:\/\/www.europesays.com\/fr\/wp-json\/wp\/v2\/comments?post=553084"}],"version-history":[{"count":0,"href":"https:\/\/www.europesays.com\/fr\/wp-json\/wp\/v2\/posts\/553084\/revisions"}],"wp:featuredmedia":[{"embeddable":true,"href":"https:\/\/www.europesays.com\/fr\/wp-json\/wp\/v2\/media\/553085"}],"wp:attachment":[{"href":"https:\/\/www.europesays.com\/fr\/wp-json\/wp\/v2\/media?parent=553084"}],"wp:term":[{"taxonomy":"category","embeddable":true,"href":"https:\/\/www.europesays.com\/fr\/wp-json\/wp\/v2\/categories?post=553084"},{"taxonomy":"post_tag","embeddable":true,"href":"https:\/\/www.europesays.com\/fr\/wp-json\/wp\/v2\/tags?post=553084"}],"curies":[{"name":"wp","href":"https:\/\/api.w.org\/{rel}","templated":true}]}}