{"id":553088,"date":"2025-11-23T09:33:16","date_gmt":"2025-11-23T09:33:16","guid":{"rendered":"https:\/\/www.europesays.com\/fr\/553088\/"},"modified":"2025-11-23T09:33:16","modified_gmt":"2025-11-23T09:33:16","slug":"les-souchon-pere-et-fils-je-leur-fais-forcement-de-lombre-mais-ils-y-vont-quand-meme-parce-quils-sont-courageux","status":"publish","type":"post","link":"https:\/\/www.europesays.com\/fr\/553088\/","title":{"rendered":"Les Souchon, p\u00e8re et fils : \u00ab\u00a0Je leur fais forc\u00e9ment de l&rsquo;ombre, mais ils y vont quand m\u00eame parce qu&rsquo;ils sont courageux\u00a0\u00bb"},"content":{"rendered":"<p class=\"ap-StoryElement ap-StoryElement--mb ap-StoryText\">Au bout de la conversation, ils se confondent en remerciements, comme si venir les interroger \u00e0 Paris n&rsquo;\u00e9tait pas un privil\u00e8ge mais un chemin de croix. On leur glisse qu&rsquo;on aurait quand m\u00eame aim\u00e9 d\u00e9couvrir un deuxi\u00e8me in\u00e9dit sur leur album. En guise de consolation, <a href=\"https:\/\/www.dhnet.be\/medias\/musique\/2025\/11\/14\/alain-souchon-reagit-a-la-reprise-par-gims-de-lun-de-ses-titres-emblematiques-au-depart-on-avait-plutot-tendance-a-dire-non-DAJ2PVMEFJETNLUURWUSKPDCHQ\/\" target=\"_self\" rel=\"nofollow noopener\">Alain Souchon,<\/a> bient\u00f4t rejoint par ses fistons, entonne a cappella Un gai luron des Flandres (qui s&rsquo;en vint en Wallonie), chanson en canon des scouts belges. Souchon, la d\u00e9licatesse de p\u00e8re en fils.<\/p>\n<p class=\"ap-StoryElement ap-StoryElement--mb ap-StoryText\"><b>Pour <\/b><b>La beaut\u00e9 d&rsquo;Ava Gardner <\/b><b>(1988), votre p\u00e8re a invent\u00e9 l&rsquo;expression<\/b> <b>\u00ab\u00a0<\/b><b>les regretteurs d&rsquo;hier\u00a0\u00bb<\/b><b>. Elle lui ressemble ?<\/b><\/p>\n<p class=\"ap-StoryElement ap-StoryElement--mb ap-StoryText\"><b>PIERRE<\/b> <b>SOUCHON: \u00ab\u00a0<\/b>Ah oui. Cette \u00e9conomie des mots pour dire la nostalgie\u2026 Il a quand m\u00eame aussi \u00e9crit Les regrets (1993).\u00a0\u00bb<\/p>\n<p class=\"ap-StoryElement ap-StoryElement--mb ap-StoryText\"><b>Vous regrettez de ne pas \u00eatre aussi bon musicien que vos fils ?<\/b><\/p>\n<p class=\"ap-StoryElement ap-StoryElement--mb ap-StoryText\"><b>ALAIN<\/b> <b>SOUCHON<\/b> \u2013 Je regrette surtout de pas \u00eatre jeune comme eux.<\/p>\n<p class=\"ap-StoryElement ap-StoryElement--mb ap-StoryText\"><b>OURS : \u00ab\u00a0<\/b>M\u00eame s&rsquo;il a compos\u00e9 de superbes musiques (notamment Foule sentimentale en 1993, \u2013 ndlr), mon p\u00e8re se focalisait sur les paroles pendant que Laurent faisait le job c\u00f4t\u00e9 musique. Sa force, c&rsquo;est de s&rsquo;\u00eatre concentr\u00e9 sur les paroles.\u00a0\u00bb<\/p>\n<p class=\"ap-StoryElement ap-StoryElement--mb ap-StoryText\"><b>ALAIN: \u00ab\u00a0<\/b>J&rsquo;ai \u00e9t\u00e9 \u00e9lev\u00e9 dans les pensions. On n&rsquo;avait droit qu&rsquo;aux livres du cours de fran\u00e7ais. Interdit d&rsquo;amener de l&rsquo;ext\u00e9rieur des \u00ab\u00a0livres d&rsquo;amusement\u00a0\u00bb. Alors je me suis gav\u00e9 des anthologies Lagarde et Michard. Leconte de Lisle, Chateaubriand, Lamartine \u00e9taient mes \u00e9chappatoires, le seul truc qui me faisait un peu r\u00eavasser. J&rsquo;ai ador\u00e9 le rythme de la po\u00e9sie romantique, des auteurs du 19e si\u00e8cle, des choses plus anciennes aussi. Ces rimes qui sonnent\u2026 Et puis quand j&rsquo;\u00e9tais adolescent, passaient \u00e0 la radio Georges Brassens, Jacques Brel, Guy B\u00e9art, Georges Moustaki, des gens qui ont \u00e9crit des choses qui resteront toujours et m&rsquo;ont donn\u00e9 envie de faire des chansons.\u00a0\u00bb<\/p>\n<p class=\"ap-StoryElement ap-StoryElement--mb ap-StoryText\"><b>PIERRE: \u00ab\u00a0<\/b>Son rythme n&rsquo;est pas musical, il est dans les mots.\u00a0\u00bb<\/p>\n<p><a href=\"https:\/\/www.dhnet.be\/medias\/musique\/2025\/11\/14\/alain-souchon-reagit-a-la-reprise-par-gims-de-lun-de-ses-titres-emblematiques-au-depart-on-avait-plutot-tendance-a-dire-non-DAJ2PVMEFJETNLUURWUSKPDCHQ\/\" target=\"_self\" class=\"ap-StoryInterstitialLink ap-StoryElement ap-StoryElement--mb\" rel=\"nofollow noopener\">Alain Souchon r\u00e9agit \u00e0 la reprise par Gims de l&rsquo;un de ses titres embl\u00e9matiques: \u00ab\u00a0Au d\u00e9part, on avait plut\u00f4t tendance \u00e0 dire non\u00a0\u00bb<\/a><\/p>\n<p class=\"ap-StoryElement ap-StoryElement--mb ap-StoryText\"><b>La rencontre avec Laurent Voulzy a chang\u00e9 les musiques mais aussi les textes de vos chansons.<\/b><\/p>\n<p class=\"ap-StoryElement ap-StoryElement--mb ap-StoryText\"><b>ALAIN: \u00ab\u00a0<\/b>Oui parce que son exigence \u00e9tait diff\u00e9rente. J&rsquo;avais envie de dire \u00ab\u00a0j&rsquo;aime Notre-Dame de Paris parce que c&rsquo;est un merveilleux monument gothique\u2026 \u00ab\u00a0Il me montrait un truc (il imite une ligne de basse \u00e9nerv\u00e9e) et me disait \u00ab\u00a0tu peux pas mettre tout \u00e7a\u00a0\u00bb. Il fallait malaxer les paroles. C&rsquo;est comme \u00e7a que j&rsquo;ai \u00e9volu\u00e9.\u00a0\u00bb<\/p>\n<p class=\"ap-StoryElement ap-StoryElement--mb ap-StoryText\"><b>Quand on a le m\u00eame m\u00e9tier qu&rsquo;un p\u00e8re que Francis Cabrel a sacr\u00e9<\/b> <b>\u00ab\u00a0<\/b><b>ma\u00eetre de tous les chanteurs\u00a0\u00bb<\/b><b>, comment on fait ? On l&rsquo;envie ? On lui en veut ?<\/b><\/p>\n<p class=\"ap-StoryElement ap-StoryElement--mb ap-StoryText\"><b>ALAIN: <\/b>\u00ab\u00a0Je leur fais forc\u00e9ment de l&rsquo;ombre, mais ils y vont quand m\u00eame parce qu&rsquo;ils sont courageux.\u00a0\u00bb<\/p>\n<p class=\"ap-StoryElement ap-StoryElement--mb ap-StoryText\"><b>PIERRE: \u00ab\u00a0<\/b>On n&rsquo;est pas des victimes parce que tout vient de nous. On aurait pu \u00eatre \u00e9lagueur, concessionnaire, routier, mais on a d\u00e9cid\u00e9 de suivre son sillon. On a choisi quelque chose d&rsquo;un peu p\u00e9rilleux et en m\u00eame temps d&rsquo;assez banal. Il y a des familles d&rsquo;avocats, de boulangers, de politiques. Petit, j&rsquo;\u00e9tais \u00e0 l&rsquo;\u00e9cole avec Thomas Dutronc qui a suivi ses parents. Comme Mathieu Chedid, Charlotte Gainsbourg ou les enfants Bouglione.\u00a0\u00bb<\/p>\n<p class=\"ap-StoryElement ap-StoryElement--mb ap-StoryText\"><b>OURS: \u00ab\u00a0<\/b>On place son travail si haut qu&rsquo;on n&rsquo;essaie pas d&rsquo;arriver \u00e0 ce niveau. Mais on vit en musique. Presque malgr\u00e9 lui, il nous a transmis son amour de la chanson. Raconter des histoires dans les couplets, trouver pour les refrains la bonne formule qui r\u00e9sume le tout. On aime cet artisanat, on en parle ensemble.\u00a0\u00bb<\/p>\n<p><a href=\"https:\/\/www.dhnet.be\/medias\/musique\/2024\/03\/02\/alain-souchon-part-en-tournee-avec-ses-fils-pierre-et-charles-alias-ours-elles-datent-mes-chansons-YR7JODUDMBEWBISNRPETCQXRVA\/\" target=\"_self\" class=\"ap-StoryInterstitialLink ap-StoryElement ap-StoryElement--mb\" rel=\"nofollow noopener\">Alain Souchon part en tourn\u00e9e avec ses fils Pierre et Charles, alias Ours : \u00ab\u00a0Elles datent mes chansons\u00a0\u00bb<\/a><\/p>\n<p class=\"ap-StoryElement ap-StoryElement--mb ap-StoryText\"><b>L&rsquo;album contient <\/b><b>\u00c0 quoi tu penses ?<\/b><b> un in\u00e9dit qui dit que \u00ab\u00a0<\/b><b>faire des chansons console<\/b><b>\u00ab\u00a0. Une tradition familiale.<\/b><\/p>\n<p class=\"ap-StoryElement ap-StoryElement--mb ap-StoryText\"><b>PIERRE: <\/b>\u00ab\u00a0On a trouv\u00e9 pour refrain cette question \u00ab\u00a0\u00e0 quoi tu penses ?\u00a0\u00bb, fa\u00e7on de se demander \u00ab\u00a0dans ta vie, o\u00f9 t&rsquo;en es ?\u00a0\u00bb. Chacun a \u00e9crit son couplet qui parle de sa propre histoire. Cela permet de garder une certaine intimit\u00e9 m\u00eame si on chante \u00e0 trois.\u00a0\u00bb<\/p>\n<p class=\"ap-StoryElement ap-StoryElement--mb ap-StoryText\"><b>OURS: <\/b>\u00ab\u00a0Mon p\u00e8re se demande si c&rsquo;est pas bient\u00f4t fini ce truc o\u00f9 il est sous la lumi\u00e8re \u00e0 faire le beau\u2026 En m\u00eame temps, il n&rsquo;a pas envie que \u00e7a se finisse. Pierre parle de ses d\u00e9sillusions. Moi je r\u00e9fl\u00e9chis \u00e0 ma vie de couple. C&rsquo;est l\u00e0 que je dis que faire des chansons console. Cette phrase, on aurait pu tous la chanter. Les chansons consolent, c&rsquo;est ce qu&rsquo;on pense.\u00a0\u00bb<\/p>\n<p class=\"ap-StoryElement ap-StoryElement--mb ap-StoryText\"><b>En concert, c&rsquo;est plus que de la consolation. Il y a des anecdotes, presque des sketches pour faire rire.<\/b><\/p>\n<p class=\"ap-StoryElement ap-StoryElement--mb ap-StoryText\"><b>ALAIN: \u00ab\u00a0<\/b>J&rsquo;aurais aim\u00e9 faire rire davantage. Peu importe, j&rsquo;ai fait ce que j&rsquo;ai fait. Mais j&rsquo;aime quand on rigole.\u00a0\u00bb<\/p>\n<p class=\"ap-StoryElement ap-StoryElement--mb ap-StoryText\"><b>OURS: \u00ab\u00a0<\/b>Ses chansons sont parfois poignantes, mais toujours avec un second degr\u00e9\u2026 \u00catre rigolo, c&rsquo;est avoir la pudeur des sentiments. Les concerts sont des montagnes russes d&rsquo;\u00e9motions. C&rsquo;est sympa de distiller un vent de l\u00e9g\u00e8ret\u00e9 et puis d&rsquo;\u00eatre incisif et profond. Son r\u00e9pertoire n&rsquo;est pas forc\u00e9ment dr\u00f4le, mais lui a toujours \u00e9t\u00e9 assez rigolo et on a chop\u00e9 \u00e7a de lui.\u00a0\u00bb<\/p>\n<p class=\"ap-StoryElement ap-StoryElement--mb ap-StoryText\"><b>Faire un m\u00e9tier de ce que vous aimiez et le partager avec votre famille\u2026 Vous vous \u00eates construit une belle vie.<\/b><\/p>\n<p class=\"ap-StoryElement ap-StoryElement--mb ap-StoryText\"><b>ALAIN: \u00ab\u00a0<\/b>Oh oui, c&rsquo;est merveilleux, merveilleux. Mais on n&rsquo;a pas construit \u00e7a dans l&rsquo;effort. On s&rsquo;est laiss\u00e9 aller \u00e0 nos instincts primitifs (rires), c&rsquo;est \u00e0 dire faire de la musiquette. Les chansons, c&rsquo;est pas du Beethoven et, en m\u00eame temps, tout \u00e7a est charmant. Pierre et Ours autant que moi, on y a trouv\u00e9 notre content. (Il se d\u00e9lecte de l&rsquo;expression).\u00a0\u00bb<\/p>\n<p class=\"ap-StoryElement ap-StoryElement--mb ap-StoryText\"><b>PIERRE: \u00ab\u00a0<\/b>Mon p\u00e8re peut \u00eatre fier de sa vie. Je pense que sa personnalit\u00e9 l&#8217;emp\u00eache de s&rsquo;en rendre compte. Et nous, on a eu beaucoup de chance. Tous les soirs sur sc\u00e8ne, on se pince en se disant : \u00ab\u00a0C&rsquo;est dingue de voir notre p\u00e8re de 80 ans danser comme \u00e7a.\u00a0\u00bb Entendre ces \u00ab\u00a0Alain on t&rsquo;aime\u00a0\u00bb, c&rsquo;est extraordinaire. On ne peut pas \u00eatre blas\u00e9 de \u00e7a.\u00a0\u00bb<\/p>\n<p class=\"ap-StoryElement ap-StoryElement--mb ap-StoryText\"><b>ALAIN: \u00ab\u00a0<\/b>On va chanter tout le temps, jusqu&rsquo;\u00e0 100 ans.\u00a0\u00bb<\/p>\n<p class=\"ap-StoryElement ap-StoryElement--mb ap-StoryText\"><b>Il y aura pourtant un dernier concert.<\/b><\/p>\n<p class=\"ap-StoryElement ap-StoryElement--mb ap-StoryText\"><b>OURS: <\/b>\u00ab\u00a0D\u00e8s qu&rsquo;on est sorti de sc\u00e8ne le premier soir, avec mon fr\u00e8re, on s&rsquo;est dit qu&rsquo;\u00e0 la fin, \u00e7a ferait un grand vide. Avec le public, il y a un \u00e9change d&rsquo;\u00eatre humain \u00e0 \u00eatre humain. On ressent une esp\u00e8ce de gentillesse, de douceur, d&rsquo;acceptation les uns des autres. On vit quelque chose de sentimentalement tr\u00e8s fort. Quand \u00e7a va s&rsquo;arr\u00eater, on va \u00eatre d\u00e9boussol\u00e9s.\u00a0\u00bb<\/p>\n<p class=\"ap-StoryElement ap-StoryElement--mb ap-StoryText\"><b>ALAIN: <\/b>\u00ab\u00a0On pourrait en devenir violent. D&rsquo;un seul coup, tu vois ?\u00a0\u00bb<\/p>\n<p class=\"ap-StoryElement ap-StoryElement--mb ap-StoryText\"><b>PIERRE: <\/b>\u00ab\u00a0On y pense \u00e0 ce soir qui se rapproche. Mais il nous reste une quarantaine de concerts pour en profiter. La tourn\u00e9e \u00e9tait pr\u00e9vue pour 50 dates maximum. On va en faire 150 ! C&rsquo;est que l&rsquo;aventure a \u00e9t\u00e9 vraiment belle.\u00a0\u00bb<\/p>\n<p class=\"ap-StoryElement ap-StoryElement--mb ap-StoryText\"><b>Les 8 et 9\/01\/2026, Cirque Royal, Bruxelles.<\/b><\/p>\n<p><a href=\"https:\/\/www.dhnet.be\/medias\/musique\/2024\/05\/27\/alain-souchon-le-mome-eternel-D7PEXRQW4RCRLNFFRP2S57KYZ4\/\" target=\"_self\" class=\"ap-StoryInterstitialLink ap-StoryElement ap-StoryElement--mb\" rel=\"nofollow noopener\">Alain Souchon, le m\u00f4me \u00e9ternel<\/a><b>L&rsquo;album de famille<\/b><\/p>\n<p class=\"ap-StoryElement ap-StoryElement--mb ap-StoryText\">Le disque s&rsquo;appelle <b>\u00ab\u00a0<\/b>Studio Saint \u2013 Germain\u00a0\u00bb parce qu&rsquo;il a \u00e9t\u00e9 enregistr\u00e9 l\u00e0, dans ce quartier qu&rsquo;ils habitent, o\u00f9 Alain Souchon a d\u00e9but\u00e9 (Chez Georges, rue des Canettes). Tout sur cet album est une histoire de famille. A commencer par les 15 chansons sign\u00e9es Souchon (18 pour la version Collector) dont un in\u00e9dit \u00e9crit en trio (A quoi tu penses ? aussi pr\u00e9sent dans une variante sur le dernier album d&rsquo;Ours). Comme sur sc\u00e8ne, cette s\u00e9lection qui d\u00e9passe le best of est jou\u00e9e \u00e0 la guitare et au piano par les deux \u00ab\u00a0gamins\u00a0\u00bb avec le renfort ponctuel du paternel. \u00ab\u00a0Avant m\u00eame de partir en tourn\u00e9e, nous avions le projet de reprendre des chansons de mon p\u00e8re avec sa voix d&rsquo;aujourd&rsquo;hui et dans des versions \u00e9pur\u00e9es, explique Ours. On adore les arrangements d&rsquo;\u00e9poque, mais La ballade de Jim sans le son synth\u00e9tique de 1985 ou Foule sentimentale sorti des 90&rsquo;s, \u00e7a donne une nouvelle fra\u00eecheur \u00e0 ces chansons. On red\u00e9couvre les paroles, une trouvaille du texte \u00e0 laquelle on ne faisait plus attention\u2026 C&rsquo;est sinc\u00e8re, d\u00e9pouill\u00e9, un peu fragile aussi. Cela nous ressemble. Il n&rsquo;aime pas qu&rsquo;on dise \u00e7a, mais des chansons aussi importantes, aussi grandes, elles traversent le temps quel que soit l&rsquo;\u00e9clairage qu&rsquo;on leur apporte.\u00a0\u00bb \u00ab\u00a0Ah si ! J&rsquo;aime bien quand tu dis \u00ab\u00a0, s&rsquo;amuse Alain Souchon. Comme pourrions-nous \u00eatre d&rsquo;un autre avis ?<\/p>\n","protected":false},"excerpt":{"rendered":"Au bout de la conversation, ils se confondent en remerciements, comme si venir les interroger \u00e0 Paris n&rsquo;\u00e9tait&hellip;\n","protected":false},"author":2,"featured_media":553089,"comment_status":"","ping_status":"","sticky":false,"template":"","format":"standard","meta":{"footnotes":""},"categories":[1359],"tags":[58,59,652,1011,27,873,973,67014],"class_list":{"0":"post-553088","1":"post","2":"type-post","3":"status-publish","4":"format-standard","5":"has-post-thumbnail","7":"category-people","8":"tag-divertissement","9":"tag-entertainment","10":"tag-famille","11":"tag-fr","12":"tag-france","13":"tag-musique","14":"tag-people","15":"tag-souchon"},"share_on_mastodon":{"url":"https:\/\/pubeurope.com\/@fr\/115598328112689568","error":""},"_links":{"self":[{"href":"https:\/\/www.europesays.com\/fr\/wp-json\/wp\/v2\/posts\/553088","targetHints":{"allow":["GET"]}}],"collection":[{"href":"https:\/\/www.europesays.com\/fr\/wp-json\/wp\/v2\/posts"}],"about":[{"href":"https:\/\/www.europesays.com\/fr\/wp-json\/wp\/v2\/types\/post"}],"author":[{"embeddable":true,"href":"https:\/\/www.europesays.com\/fr\/wp-json\/wp\/v2\/users\/2"}],"replies":[{"embeddable":true,"href":"https:\/\/www.europesays.com\/fr\/wp-json\/wp\/v2\/comments?post=553088"}],"version-history":[{"count":0,"href":"https:\/\/www.europesays.com\/fr\/wp-json\/wp\/v2\/posts\/553088\/revisions"}],"wp:featuredmedia":[{"embeddable":true,"href":"https:\/\/www.europesays.com\/fr\/wp-json\/wp\/v2\/media\/553089"}],"wp:attachment":[{"href":"https:\/\/www.europesays.com\/fr\/wp-json\/wp\/v2\/media?parent=553088"}],"wp:term":[{"taxonomy":"category","embeddable":true,"href":"https:\/\/www.europesays.com\/fr\/wp-json\/wp\/v2\/categories?post=553088"},{"taxonomy":"post_tag","embeddable":true,"href":"https:\/\/www.europesays.com\/fr\/wp-json\/wp\/v2\/tags?post=553088"}],"curies":[{"name":"wp","href":"https:\/\/api.w.org\/{rel}","templated":true}]}}