{"id":553090,"date":"2025-11-23T09:34:14","date_gmt":"2025-11-23T09:34:14","guid":{"rendered":"https:\/\/www.europesays.com\/fr\/553090\/"},"modified":"2025-11-23T09:34:14","modified_gmt":"2025-11-23T09:34:14","slug":"otobong-nkanga-au-musee-dart-moderne-de-paris-talent-aiguille-liberation","status":"publish","type":"post","link":"https:\/\/www.europesays.com\/fr\/553090\/","title":{"rendered":"Otobong Nkanga au mus\u00e9e d\u2019Art moderne de Paris, talent aiguille \u2013 Lib\u00e9ration"},"content":{"rendered":"<p class=\"sc-cPiKLX AiZTS text-element\">Des petits dessins figuratifs avec des plantes et des personnages stylis\u00e9s, une photographie o\u00f9 un bras soul\u00e8ve une maison sur pilotis en papier d\u00e9coup\u00e9, des tableaux couverts de paillettes, des totems de pneus en terre cuite, des po\u00e8mes grav\u00e9s sur des plaques d\u2019argile craquel\u00e9 et, m\u00eame, des cubes de savon empil\u00e9s qui forment, au sol, des puits en construction\u2026 L\u2019art d\u2019Otobong Nkanga est un patchwork de mati\u00e8res, de textures et de formes, toutes reli\u00e9es entre elles par des fils visibles et des liens cach\u00e9s. Au mus\u00e9e d\u2019Art moderne de la ville de Paris, qui consacre une belle exposition \u00e0 l\u2019artiste d\u2019origine nig\u00e9riane, se d\u00e9ploient aussi d\u2019immenses tapisseries color\u00e9es et des installations o\u00f9 s\u2019entrem\u00ealent tapis organiques et colliers g\u00e9ants de perles en verre de Murano.<\/p>\n<p class=\"sc-cPiKLX AiZTS text-element\">Il y a un peu de la carte mentale dans l\u2019esth\u00e9tique d\u2019Otobong Nganka, qui navigue entre pratiques \u00e9clectiques, souvenirs intimes et sujets g\u00e9opolitiques. \u00abJe me r\u00e9veille le matin et j\u2019ai une nouvelle id\u00e9e, explique l\u2019artiste, enthousiaste. Je cherche la mani\u00e8re de me mettre dans le monde ; c\u2019est \u00e7a qui rend les choses tr\u00e8s excitantes.\u00bb C\u2019est sans aucun doute le r\u00eave proph\u00e9tique de sa m\u00e8re qui l\u2019a imagin\u00e9e baign\u00e9e de couleurs, juste avant sa naissance, qui guide aujourd\u2019hui Otobong Nganka. \u00abJ\u2019ai r\u00eav\u00e9 de toi en couleurs\u00bb est le joli titre de l\u2019exposition, un hommage \u00e0 cette m\u00e8re puissante, morte dans un accident de voiture o\u00f9 se trouvait aussi celle qui \u00e9tait alors \u00e9tudiante.<\/p>\n","protected":false},"excerpt":{"rendered":"Des petits dessins figuratifs avec des plantes et des personnages stylis\u00e9s, une photographie o\u00f9 un bras soul\u00e8ve une&hellip;\n","protected":false},"author":2,"featured_media":553091,"comment_status":"","ping_status":"","sticky":false,"template":"","format":"standard","meta":{"footnotes":""},"categories":[1358],"tags":[1348,1384,1385,1386,58,59,1011,27,4778],"class_list":{"0":"post-553090","1":"post","2":"type-post","3":"status-publish","4":"format-standard","5":"has-post-thumbnail","7":"category-arts-et-design","8":"tag-arts","9":"tag-arts-and-design","10":"tag-arts-et-design","11":"tag-design","12":"tag-divertissement","13":"tag-entertainment","14":"tag-fr","15":"tag-france","16":"tag-nigeria"},"share_on_mastodon":{"url":"https:\/\/pubeurope.com\/@fr\/115598331980919754","error":""},"_links":{"self":[{"href":"https:\/\/www.europesays.com\/fr\/wp-json\/wp\/v2\/posts\/553090","targetHints":{"allow":["GET"]}}],"collection":[{"href":"https:\/\/www.europesays.com\/fr\/wp-json\/wp\/v2\/posts"}],"about":[{"href":"https:\/\/www.europesays.com\/fr\/wp-json\/wp\/v2\/types\/post"}],"author":[{"embeddable":true,"href":"https:\/\/www.europesays.com\/fr\/wp-json\/wp\/v2\/users\/2"}],"replies":[{"embeddable":true,"href":"https:\/\/www.europesays.com\/fr\/wp-json\/wp\/v2\/comments?post=553090"}],"version-history":[{"count":0,"href":"https:\/\/www.europesays.com\/fr\/wp-json\/wp\/v2\/posts\/553090\/revisions"}],"wp:featuredmedia":[{"embeddable":true,"href":"https:\/\/www.europesays.com\/fr\/wp-json\/wp\/v2\/media\/553091"}],"wp:attachment":[{"href":"https:\/\/www.europesays.com\/fr\/wp-json\/wp\/v2\/media?parent=553090"}],"wp:term":[{"taxonomy":"category","embeddable":true,"href":"https:\/\/www.europesays.com\/fr\/wp-json\/wp\/v2\/categories?post=553090"},{"taxonomy":"post_tag","embeddable":true,"href":"https:\/\/www.europesays.com\/fr\/wp-json\/wp\/v2\/tags?post=553090"}],"curies":[{"name":"wp","href":"https:\/\/api.w.org\/{rel}","templated":true}]}}