{"id":553092,"date":"2025-11-23T09:36:34","date_gmt":"2025-11-23T09:36:34","guid":{"rendered":"https:\/\/www.europesays.com\/fr\/553092\/"},"modified":"2025-11-23T09:36:34","modified_gmt":"2025-11-23T09:36:34","slug":"une-serie-limitee-a-40e-mois-pour-le-black-friday-frandroid","status":"publish","type":"post","link":"https:\/\/www.europesays.com\/fr\/553092\/","title":{"rendered":"une s\u00e9rie limit\u00e9e \u00e0 40\u20ac\/mois pour le Black Friday \u2014 Frandroid"},"content":{"rendered":"<p>Apr\u00e8s avoir r\u00e9gal\u00e9 les moins de 26 ans avec ses offres RAT+, CANAL+ d\u00e9cide de s\u2019attaquer aux ind\u00e9cis avec une offre capable de contenter ceux qui n\u2019arrivent pas \u00e0 choisir entre sport, cin\u00e9 et s\u00e9ries. Comment ? En baissant le prix de son offre LA TOTALE \u00e0 40 euros par mois pour quelques semaines encore.<\/p>\n<p><a href=\"https:\/\/images.frandroid.com\/wp-content\/uploads\/2024\/11\/canal.jpg\" target=\"_blank\" class=\"article-content__figure\" rel=\"noopener\"><img fetchpriority=\"high\" decoding=\"async\" loading=\"eager\" width=\"1200\" height=\"675\" src=\"https:\/\/www.europesays.com\/fr\/wp-content\/uploads\/2025\/11\/canal.jpg\" alt=\"\" class=\"wp-image-2391872 wp-image wp-image\"  \/><\/a><\/p>\n<p>Pour ceux qui n\u2019arrivent pas \u00e0 choisir, CANAL+ a la solution avec la s\u00e9rie limit\u00e9e CANAL+ LA TOTALE*. Une offre qui regroupe tous les contenus de CANAL+, Apple TV+, Netflix, HBO Max, Paramount+, beIN SPORTS et Eurosport.<\/p>\n<p>Jusqu\u2019au 3 d\u00e9cembre prochain, il est en effet possible de <a href=\"https:\/\/shop.frandroid.com\/canalplus1125latotale\" target=\"_blank\" rel=\"noreferrer noopener affiliate nofollow\">s\u2019abonner au service au prix de 40 euros par mois<\/a> pendant deux ans, au lieu de 59,99 euros (puis 75,99 euros) habituellement.\u00a0<\/p>\n<p>LA TOTALE, c\u2019est quoi exactement ?\u00a0<\/p>\n<p>Derri\u00e8re LA TOTALE se cache en r\u00e9alit\u00e9 l\u2019offre de CANAL+ qui regroupe les contenus de toutes ses autres offres. En choisissant cette formule d\u2019abonnement \u00e0 CANAL+, vous pourrez donc acc\u00e9der :<\/p>\n<ul class=\"wp-block-list\">\n<li>\u00e0 l\u2019int\u00e9gralit\u00e9 des programmes de CANAL+ (cin\u00e9ma ultra r\u00e9cent, films incontournables, cr\u00e9ations originales et autres s\u00e9ries internationales) ;<\/li>\n<li>au meilleur du cin\u00e9ma et des s\u00e9ries avec un acc\u00e8s \u00e0 de nombreuses plateformes de SVoD comme Apple TV+, HBO Max, Netflix Standard, Paramount, CANAL+ Cine, OCS ou Insomnia ;<\/li>\n<li>au meilleur du sport gr\u00e2ce \u00e0 CANAL+, CANAL+ SPORT, CANAL+ SPORT 360, CANAL+ FOOT, beIN SPORTS, Eurosport. Retrouvez 100 % ** des grandes comp\u00e9titions telles que l\u2019UEFA Champions League, l\u2019UEFA Europa League, l\u2019UEFA Conference League, le championnat du monde de Formule 1, la MotoGP, le Top14, et la Premier League sur les cha\u00eenes CANAL+. Profitez aussi d\u2019un Big Match de la Ligue 1 McDonald\u2019s et du meilleur de LaLiga, Bundesliga et Liga Portugal sur les cha\u00eenes beIN SPORTS. <\/li>\n<\/ul>\n<p><a href=\"https:\/\/images.frandroid.com\/wp-content\/uploads\/2025\/11\/ucl-generique-joueurs-100-1920x1080-1.jpg\" target=\"_blank\" class=\"article-content__figure\" rel=\"noopener\"><img loading=\"lazy\" decoding=\"async\" width=\"1200\" height=\"675\" src=\"https:\/\/www.europesays.com\/fr\/wp-content\/uploads\/2025\/11\/ucl-generique-joueurs-100-1920x1080-1-1200x675.jpg\" alt=\"\" class=\"wp-image-2873743 wp-image\"  \/><\/a>Source : CANAL+<\/p>\n<p>Que vous ayez des go\u00fbts particuli\u00e8rement \u00e9clectiques, ou besoin de contenus vari\u00e9s pour contenter tous les membres de votre famille, difficile de trouver une offre plus compl\u00e8te actuellement sur le march\u00e9.<\/p>\n<p>Stranger Things, UEFA Champions League ou Pluribus : on regarde quoi sur CANAL+ LA TOTALE en d\u00e9cembre ?<\/p>\n<p>Avoir une ribambelle de services sur lesquels regarder du contenu, c\u2019est bien. Mais pour regarder quoi exactement ? La bonne nouvelle, c\u2019est que vous ne vous ennuierez jamais avec la S\u00e9rie Limit\u00e9e CANAL+ LA TOTALE*.<\/p>\n<p class=\"bottom-text\">                <a href=\"https:\/\/www.youtube.com\/watch?v=Ni9xYSTaKlY\" target=\"_blank\" rel=\"noopener\">Lien YouTube<\/a>                                    <a href=\"https:\/\/www.youtube.com\/subscription_center?add_user=FrAndroidTube\" target=\"_blank\" rel=\"noopener\">S\u2019abonner \u00e0 Frandroid<\/a>                            <\/p>\n<p>                Ce contenu est bloqu\u00e9 car vous n\u2019avez pas accept\u00e9 les cookies et autres traceurs. Ce contenu est fourni par YouTube.<br \/>Pour pouvoir le visualiser, vous devez accepter l\u2019usage \u00e9tant op\u00e9r\u00e9 par YouTube avec vos donn\u00e9es qui pourront \u00eatre utilis\u00e9es pour les finalit\u00e9s suivantes : vous permettre de visualiser et de partager des contenus avec des m\u00e9dias sociaux, favoriser le d\u00e9veloppement et l\u2019am\u00e9lioration des produits d\u2019Humanoid et de ses partenaires, vous afficher des publicit\u00e9s personnalis\u00e9es par rapport \u00e0 votre profil et activit\u00e9, vous d\u00e9finir un profil publicitaire personnalis\u00e9, mesurer la performance des publicit\u00e9s et du contenu de ce site et mesurer l\u2019audience de ce site <a href=\"#\" class=\"js-privacy\" target=\"_blank\">(en savoir plus)<\/a>            <\/p>\n<p>                En cliquant sur \u00ab J\u2019accepte tout \u00bb, vous consentez aux finalit\u00e9s susmentionn\u00e9es pour l\u2019ensemble des cookies et autres traceurs d\u00e9pos\u00e9s par Humanoid et <a class=\"embed-consent-overlay-vendors-link\" href=\"#preferences-vendeurs\">ses partenaires<\/a>.            <\/p>\n<p>                Vous gardez la possibilit\u00e9 de retirer votre consentement \u00e0 tout moment. Pour plus d\u2019informations, nous vous invitons \u00e0 prendre connaissance de notre <a href=\"https:\/\/www.frandroid.com\/politique-cookies\" target=\"_blank\" rel=\"noopener\">Politique cookies<\/a>.            <\/p>\n<p>            J\u2019accepte tout        <\/p>\n<p class=\"embed-consent-overlay-manage-choices\">            <a href=\"#preferences-publicitaires\">G\u00e9rer mes choix<\/a>        <\/p>\n<p>Aujourd\u2019hui par exemple, vous pouvez d\u2019ores et d\u00e9j\u00e0 vous r\u00e9galer avec <a href=\"https:\/\/www.numerama.com\/pop-culture\/2111089-pluribus-la-nouvelle-serie-de-sf-du-createur-de-breaking-bad-est-elle-une-deception-notre-critique-sans-spoiler.html\" target=\"_blank\" rel=\"noreferrer noopener\">Pluribus<\/a>, la s\u00e9rie \u00e9v\u00e9nement tout juste sortie sur Apple TV+. Cr\u00e9\u00e9e par Vince Gilligan (Breaking Bad), cette s\u00e9rie de science-fiction intrigante qui fricote avec la com\u00e9die noire et le drame est sans aucun doute la sensation du moment. <\/p>\n<p><a href=\"https:\/\/www.numerama.com\/series-tv\/valide\/\" target=\"_blank\" rel=\"noreferrer noopener\">Valid\u00e9<\/a>, la cr\u00e9ation originale CANAL+ vient tout juste de signer un retour tonitruant avec sa troisi\u00e8me saison. Et c\u00f4t\u00e9 sport, vous pouvez toujours profiter de 100 %** des matchs de l\u2019UEFA Champions League.<\/p>\n<p><a href=\"https:\/\/images.frandroid.com\/wp-content\/uploads\/2025\/11\/loups-garous-s2-date-1920x1080-1.jpg\" target=\"_blank\" class=\"article-content__figure\" rel=\"noopener\"><img loading=\"lazy\" decoding=\"async\" width=\"1200\" height=\"675\" src=\"https:\/\/www.europesays.com\/fr\/wp-content\/uploads\/2025\/11\/loups-garous-s2-date-1920x1080-1-1200x675.jpg\" alt=\"\" class=\"wp-image-2873741 wp-image\"  \/><\/a>Source : CANAL+<\/p>\n<p>En d\u00e9cembre, vous aurez aussi une tonne de contenu \u00e0 vous mettre sous la dent, \u00e0 commencer par la tant attendue saison 5 de <a href=\"https:\/\/www.numerama.com\/pop-culture\/1839524-stranger-things-quand-sort-la-saison-5-de-la-serie-netflix.html\" target=\"_blank\" rel=\"noreferrer noopener\">Stranger Things<\/a> sur Netflix avec la partie 1 d\u00e8s le 27 novembre. Le film live Dragon sera aussi ajout\u00e9 au r\u00e9pertoire de CANAL+ d\u00e8s le 25 d\u00e9cembre, tandis que la saison 2 du Loup-Garou d\u00e9barque, elle, d\u00e8s le 5 d\u00e9cembre prochain. Le 21 d\u00e9cembre, c\u2019est la Coupe d\u2019Afrique des Nations TotalEnergies qui donne son coup d\u2019envoi en exclusivit\u00e9 sur beIN SPORTS, tandis que sur Eurosport, vous pourrez profiter pleinement de la saison des sports d\u2019hiver.<\/p>\n<p>LA TOTALE baisse de prix jusqu\u2019au 3 d\u00e9cembre<\/p>\n<p>Avec son tarif de base fix\u00e9 \u00e0 59,99 euros par mois la premi\u00e8re ann\u00e9e (puis 75,99 euros par mois ensuite), LA TOTALE est d\u00e9j\u00e0 assez int\u00e9ressante sur le plan tarifaire. Le prix des offres qu\u2019elle regroupe (et on ne parle pas du prix des abonnements individuels pour les services de streaming que lesdites offres contiennent) \u00e9tant largement sup\u00e9rieur \u00e0 cette somme si l\u2019on devait les prendre individuellement.<\/p>\n<p><a href=\"https:\/\/images.frandroid.com\/wp-content\/uploads\/2025\/11\/avec-date-c-la-totale-native-social-1080x1080-1.png\" target=\"_blank\" class=\"article-content__figure\" rel=\"noopener\"><img loading=\"lazy\" decoding=\"async\" width=\"1200\" height=\"675\" src=\"https:\/\/www.europesays.com\/fr\/wp-content\/uploads\/2025\/11\/avec-date-c-la-totale-native-social-1080x1080-1-1200x675.png\" alt=\"\" class=\"wp-image-2873751 wp-image\"  \/><\/a>Source : CANAL+<\/p>\n<p>L\u00e0 o\u00f9 les choses deviennent tr\u00e8s int\u00e9ressantes, c\u2019est avec l\u2019offre lanc\u00e9e par CANAL+ \u00e0 l\u2019occasion du Black Friday. Jusqu\u2019au 3 d\u00e9cembre prochain, la s\u00e9rie limit\u00e9e <strong>CANAL+ LA TOTALE* est en effet disponible, avec un engagement de deux ans, <a href=\"https:\/\/shop.frandroid.com\/canalplus1125latotale\" target=\"_blank\" rel=\"noreferrer noopener affiliate nofollow\">\u00e0 40 euros par mois seulement<\/a><\/strong>. Une baisse de pr\u00e8s de 20 euros par mois (ou 240 euros par an) rien que sur la premi\u00e8re ann\u00e9e par rapport au tarif habituel.<\/p>\n<p>*S\u00c9RIE LIMIT\u00c9E CANAL+ LA TOTALE soumise \u00e0 conditions et valable en France m\u00e9tropolitaine jusqu\u2019au 3 d\u00e9cembre 2025 pour tout nouvel abonnement de 24 mois. Inclut Netflix Standard (prix public 14,99\u20ac\/mois). Modalit\u00e9s sur <a href=\"https:\/\/shop.frandroid.com\/canalplus1125latotale\" target=\"_blank\" rel=\"noreferrer noopener affiliate nofollow\">boutique.canalplus.com<\/a><\/p>\n<p>**Sauf interdiction administrative de diffusion<\/p>\n<p class=\"title\">\n            Retrouvez les bons plans du             <a href=\"https:\/\/www.frandroid.com\/tag\/black-friday\" target=\"_blank\" rel=\"noopener\"><br \/>\n                Black Friday 2025            <\/a>\n        <\/p>\n<ul>\n<li class=\"link\">\n                    <a href=\"https:\/\/www.frandroid.com\/bons-plans\/2880215_la-black-friday-week-retire-400-e-sur-la-bose-smart-ultra-soundbar-une-puissante-barre-de-son-dolby-atmos-dopee-a-lia\" target=\"_blank\" rel=\"noopener\"><br \/>\n                        La Black Friday Week retire 400 \u20ac sur la Bose Smart Ultra Soundbar, une puissante barre de son Dolby Atmos dop\u00e9e \u00e0 l\u2019IA                    <\/a>\n                <\/li>\n<li class=\"link\">\n                    <a href=\"https:\/\/www.frandroid.com\/bons-plans\/2879675_la-garmin-fenix-7-pro-qui-se-recharge-au-soleil-est-presque-a-moitie-prix-pour-la-black-friday-week\" target=\"_blank\" rel=\"noopener\"><br \/>\n                        La Garmin f\u0113nix 7 Pro qui se recharge au soleil est presque \u00e0 moiti\u00e9 prix pour la Black Friday Week                    <\/a>\n                <\/li>\n<li class=\"link\">\n                    <a href=\"https:\/\/www.frandroid.com\/services\/2873717_netflix-hbo-max-tout-canal-bein-sports-et-bien-plus-encore-une-serie-limitee-a-40e-mois-pour-le-black-friday\" target=\"_blank\" rel=\"noopener\"><br \/>\n                        Netflix, HBO Max, tout CANAL+, beIN SPORTS et bien plus encore : une s\u00e9rie limit\u00e9e \u00e0 40\u20ac\/mois pour le Black Friday                    <\/a>\n                <\/li>\n<li class=\"link\">\n                    <a href=\"https:\/\/www.frandroid.com\/bons-plans\/bons-plans-maison-connectee\/2881881_cette-camera-increvable-sans-fil-est-a-moitie-prix-pour-le-black-friday\" target=\"_blank\" rel=\"noopener\"><br \/>\n                        Cette cam\u00e9ra increvable sans-fil est \u00e0 moiti\u00e9 prix pour le Black Friday                    <\/a>\n                <\/li>\n<li class=\"link\">\n                    <a href=\"https:\/\/www.frandroid.com\/bons-plans\/2860071_amazon-se-montre-genereux-pour-la-black-friday-week-voici-les-20-offres-a-saisir-ce-week-end\" target=\"_blank\" rel=\"noopener\"><br \/>\n                        Amazon se montre g\u00e9n\u00e9reux pour la Black Friday Week : voici les 22 offres \u00e0 saisir ce week-end                    <\/a>\n                <\/li>\n<li class=\"link\">\n                    <a href=\"https:\/\/www.frandroid.com\/bons-plans\/2853043_black-friday-week-switch-2-voici-les-meilleures-promo-sur-les-consoles-jeux-manettes-et-accessoires-nintendo-playstation-et-xbox\" target=\"_blank\" rel=\"noopener\"><br \/>\n                        Nintendo Switch 2, PS5, manette Xbox\u2026 la Black Friday Week casse les prix : voici les meilleurs deals gaming                    <\/a>\n                <\/li>\n<li class=\"link\">\n                    <a href=\"https:\/\/www.frandroid.com\/produits-android\/accessoires\/2881813_arretez-dacheter-des-cartes-lentes-cette-sd-pny-est-bradee-sur-amazon\" target=\"_blank\" rel=\"noopener\"><br \/>\n                        Arr\u00eatez d\u2019acheter des cartes lentes : cette SD PNY est brad\u00e9e sur Amazon                    <\/a>\n                <\/li>\n<li class=\"link\">\n                    <a href=\"https:\/\/www.frandroid.com\/bons-plans\/2510819_jbl-partybox-club-120-le-prix-est-en-chute-libre-pendant-la-black-friday-week-pour-cette-puissante-et-imposante-enceinte-festive-notee-9-10\" target=\"_blank\" rel=\"noopener\"><br \/>\n                        JBL PartyBox Club 120 : le prix est en chute libre pendant la Black Friday Week pour cette puissante et imposante enceinte festive not\u00e9e 9\/10                    <\/a>\n                <\/li>\n<li class=\"link\">\n                    <a href=\"https:\/\/www.frandroid.com\/bons-plans\/2848295_black-friday-week-sur-les-smartphones-voici-les-meilleures-promotions-pour-les-iphone-17-google-pixel-10-et-galaxy-s25\" target=\"_blank\" rel=\"noopener\"><br \/>\n                        Black Friday Week : voici le meilleur des offres smartphones premium chez Samsung, Apple, Google, Nothing\u2026                    <\/a>\n                <\/li>\n<li class=\"link\">\n                    <a href=\"https:\/\/www.frandroid.com\/bons-plans\/2858733_xiaomi-casse-encore-plus-les-prix-de-ses-produits-meme-recents-lors-de-la-black-friday-week\" target=\"_blank\" rel=\"noopener\"><br \/>\n                        Xiaomi casse encore plus les prix de ses produits, m\u00eame r\u00e9cents, lors de la Black Friday Week                    <\/a>\n                <\/li>\n<li class=\"link\">\n                    <a href=\"https:\/\/www.frandroid.com\/produits-android\/smartphone\/2871871_plus-jamais-de-photos-ratees-avec-ce-smartphone-surdoue-en-promo-pour-le-black-friday\" target=\"_blank\" rel=\"noopener\"><br \/>\n                        Plus jamais de photos rat\u00e9es avec ce smartphone surdou\u00e9 en promo pour le Black Friday                    <\/a>\n                <\/li>\n<li class=\"link\">\n                    <a href=\"https:\/\/www.frandroid.com\/bons-plans\/2852851_samsung-casse-les-prix-pendant-la-black-friday-week-galaxy-s25-z-flip-7-fe-the-frame-2025-ils-sont-tous-en-forte-promotion\" target=\"_blank\" rel=\"noopener\"><br \/>\n                        Samsung casse les prix pendant la Black Friday Week : Galaxy S25, Z Flip 7 FE, The Frame 2025\u2026 ils sont tous en forte promotion                    <\/a>\n                <\/li>\n<li class=\"link\">\n                    <a href=\"https:\/\/www.frandroid.com\/bons-plans\/2854639_black-friday-montre-connectee-meilleures-offres-apple-watch-samsung-galaxy-watch-garmin-fenix\" target=\"_blank\" rel=\"noopener\"><br \/>\n                        Les montres connect\u00e9es sonneront bient\u00f4t l\u2019heure du Black Friday ! Le top des offres pour avoir une smartwatch premium au poignet                    <\/a>\n                <\/li>\n<li class=\"link\">\n                    <a href=\"https:\/\/www.frandroid.com\/bons-plans\/bons-plans-audio\/bons-plans-casques-audio\/2881795_la-realite-ce-casque-nothing-enterre-sony-et-bose-a-ce-prix-pour-le-black-friday\" target=\"_blank\" rel=\"noopener\"><br \/>\n                        La r\u00e9alit\u00e9 ? Ce casque Nothing enterre Sony et Bose \u00e0 ce prix pour le Black Friday                    <\/a>\n                <\/li>\n<li class=\"link\">\n                    <a href=\"https:\/\/www.frandroid.com\/bons-plans\/2876855_black-friday-week-week-end-meilleures-offres-en-direct-amazon-fnac-darty-boulanger\" target=\"_blank\" rel=\"noopener\"><br \/>\n                        Black Friday 2025 : les meilleurs deals \u00e0 ne pas louper pour cette Black Week sur Amazon, Fnac, Darty, Boulanger\u2026                    <\/a>\n                <\/li>\n<\/ul>\n","protected":false},"excerpt":{"rendered":"Apr\u00e8s avoir r\u00e9gal\u00e9 les moins de 26 ans avec ses offres RAT+, CANAL+ d\u00e9cide de s\u2019attaquer aux ind\u00e9cis&hellip;\n","protected":false},"author":2,"featured_media":463168,"comment_status":"","ping_status":"","sticky":false,"template":"","format":"standard","meta":{"footnotes":""},"categories":[1356],"tags":[519,62374,67015,58,59,1011,27,5371,127,5388,252,1364,455],"class_list":{"0":"post-553092","1":"post","2":"type-post","3":"status-publish","4":"format-standard","5":"has-post-thumbnail","7":"category-television","8":"tag-apple-tv","9":"tag-black-friday-2025","10":"tag-bons-plans-canal","11":"tag-divertissement","12":"tag-entertainment","13":"tag-fr","14":"tag-france","15":"tag-hbo-max","16":"tag-netflix","17":"tag-paramount-plus","18":"tag-television","19":"tag-tv","20":"tag-uefa"},"share_on_mastodon":{"url":"https:\/\/pubeurope.com\/@fr\/115598340878682325","error":""},"_links":{"self":[{"href":"https:\/\/www.europesays.com\/fr\/wp-json\/wp\/v2\/posts\/553092","targetHints":{"allow":["GET"]}}],"collection":[{"href":"https:\/\/www.europesays.com\/fr\/wp-json\/wp\/v2\/posts"}],"about":[{"href":"https:\/\/www.europesays.com\/fr\/wp-json\/wp\/v2\/types\/post"}],"author":[{"embeddable":true,"href":"https:\/\/www.europesays.com\/fr\/wp-json\/wp\/v2\/users\/2"}],"replies":[{"embeddable":true,"href":"https:\/\/www.europesays.com\/fr\/wp-json\/wp\/v2\/comments?post=553092"}],"version-history":[{"count":0,"href":"https:\/\/www.europesays.com\/fr\/wp-json\/wp\/v2\/posts\/553092\/revisions"}],"wp:featuredmedia":[{"embeddable":true,"href":"https:\/\/www.europesays.com\/fr\/wp-json\/wp\/v2\/media\/463168"}],"wp:attachment":[{"href":"https:\/\/www.europesays.com\/fr\/wp-json\/wp\/v2\/media?parent=553092"}],"wp:term":[{"taxonomy":"category","embeddable":true,"href":"https:\/\/www.europesays.com\/fr\/wp-json\/wp\/v2\/categories?post=553092"},{"taxonomy":"post_tag","embeddable":true,"href":"https:\/\/www.europesays.com\/fr\/wp-json\/wp\/v2\/tags?post=553092"}],"curies":[{"name":"wp","href":"https:\/\/api.w.org\/{rel}","templated":true}]}}