{"id":553097,"date":"2025-11-23T09:39:14","date_gmt":"2025-11-23T09:39:14","guid":{"rendered":"https:\/\/www.europesays.com\/fr\/553097\/"},"modified":"2025-11-23T09:39:14","modified_gmt":"2025-11-23T09:39:14","slug":"ils-veulent-ralentir-le-vieillissement-cerebral-ces-nutriments-changent-tout","status":"publish","type":"post","link":"https:\/\/www.europesays.com\/fr\/553097\/","title":{"rendered":"Ils veulent ralentir le vieillissement c\u00e9r\u00e9bral : ces nutriments changent tout"},"content":{"rendered":"<p>Maintenir un cerveau en bonne sant\u00e9 tout au long de la vie repr\u00e9sente un d\u00e9fi majeur face au vieillissement. Des scientifiques de l&rsquo;Universit\u00e9 de l&rsquo;Illinois et de l&rsquo;Universit\u00e9 du Nebraska-Lincoln ont r\u00e9cemment mis en <a href=\"https:\/\/www.futura-sciences.com\/sciences\/definitions\/physique-lumiere-326\/\" target=\"_blank\" rel=\"noopener\">lumi\u00e8re<\/a> la relation entre notre alimentation et la pr\u00e9servation de nos <a href=\"https:\/\/www.futura-sciences.com\/planete\/questions-reponses\/pollution-pollution-air-altere-nos-fonctions-cognitives-16993\/\" title=\"Pourquoi la pollution de l\u2019air alt\u00e8re nos fonctions cognitives ?\" target=\"_blank\" rel=\"noopener\">fonctions cognitives<\/a>. Cette recherche, bas\u00e9e sur l&rsquo;analyse d&rsquo;une centaine de personnes \u00e2g\u00e9es, r\u00e9v\u00e8le comment certains nutriments cl\u00e9s peuvent contribuer \u00e0 ralentir le processus de vieillissement c\u00e9r\u00e9bral.<\/p>\n<p>Les biomarqueurs nutritionnels associ\u00e9s \u00e0 une meilleure sant\u00e9 cognitive<\/p>\n<p>L&rsquo;\u00e9tude am\u00e9ricaine, publi\u00e9e dans\u00a0<a href=\"https:\/\/www.nature.com\/articles\/s41514-024-00150-8\" title=\"\u00c9tude des biomarqueurs nutritionnels du vieillissement c\u00e9r\u00e9bral en bonne sant\u00e9 : une \u00e9tude d&#039;imagerie c\u00e9r\u00e9brale multimodale\" target=\"_blank\" rel=\"noopener\">npj Aging<\/a>,\u00a0s&rsquo;est distingu\u00e9e par sa m\u00e9thodologie rigoureuse. Plut\u00f4t que de se fier aux d\u00e9clarations des participants sur leurs <a href=\"https:\/\/www.futura-sciences.com\/sciences\/questions-reponses\/epoque-moderne-histoire-habitudes-alimentaires-france-sous-ancien-regime-11681\/\" title=\"Histoire : les habitudes alimentaires en France sous l&#039;Ancien R\u00e9gime\" target=\"_blank\" rel=\"noopener\">habitudes alimentaires<\/a>, les chercheurs ont analys\u00e9 des \u00e9chantillons sanguins pour identifier pr\u00e9cis\u00e9ment les biomarqueurs nutritionnels pr\u00e9sents. Cette approche objective a permis d&rsquo;\u00e9tablir des corr\u00e9lations fiables entre certains nutriments et la sant\u00e9 c\u00e9r\u00e9brale.<\/p>\n<p>Le neuroscientifique Aron Barbey, chercheur principal, explique : \u00ab Nous avons \u00e9tudi\u00e9 des biomarqueurs nutritionnels sp\u00e9cifiques, comme les profils d&rsquo;acides gras, reconnus en science nutritionnelle pour leurs potentiels bienfaits sur la sant\u00e9 \u00bb. Ces d\u00e9couvertes corroborent l&rsquo;important corpus de recherches d\u00e9montrant les effets positifs du <a href=\"https:\/\/www.futura-sciences.com\/sante\/actualites\/medecine-regime-mediterraneen-lutte-syndrome-metabolique-28590\/\" title=\"Le r\u00e9gime m\u00e9diterran\u00e9en lutte contre le syndrome m\u00e9tabolique\" target=\"_blank\" rel=\"noopener\">r\u00e9gime m\u00e9diterran\u00e9en<\/a> sur notre organisme.<\/p>\n<p>Les scientifiques ont identifi\u00e9 plusieurs nutriments particuli\u00e8rement b\u00e9n\u00e9fiques :<\/p>\n<p class=\"fs-media\">\n<p><img decoding=\"async\" data-imgid=\"full\" src=\"https:\/\/www.europesays.com\/fr\/wp-content\/uploads\/2025\/11\/cerveau-alimentation-vieillir.png\" width=\"1080\" height=\"720\" alt=\"\" loading=\"lazy\"\/><br \/>\nCertains aliments\u00a0ralentissent le vieillissement du cerveau et pr\u00e9servent la\u00a0bonne sant\u00e9 c\u00e9r\u00e9brale.\u00a0\u00a9 janiecbros, iStock<\/p>\n<p>Deux types distincts de vieillissement c\u00e9r\u00e9bral<\/p>\n<p>L&rsquo;\u00e9quipe de recherche a identifi\u00e9 deux profils distincts de <a href=\"https:\/\/www.futura-sciences.com\/sante\/actualites\/medecine-diabete-pourrait-accelerer-vieillissement-cerebral-56341\/\" title=\"Le diab\u00e8te pourrait acc\u00e9l\u00e9rer le vieillissement c\u00e9r\u00e9bral\" target=\"_blank\" rel=\"noopener\">vieillissement c\u00e9r\u00e9bral<\/a>\u00a0parmi les participants \u00e2g\u00e9s de 65 \u00e0 75 ans. Le vieillissement plus lent \u00e9tait clairement associ\u00e9 \u00e0 une consommation de nutriments similaires \u00e0 ceux du <a href=\"https:\/\/www.futura-sciences.com\/sante\/definitions\/medecine-regime-mediterraneen-6250\/\" target=\"_blank\" rel=\"noopener\">r\u00e9gime m\u00e9diterran\u00e9en<\/a>. Cette observation sugg\u00e8re qu&rsquo;adopter certains mod\u00e8les alimentaires pourrait influencer significativement la trajectoire du <a href=\"https:\/\/www.futura-sciences.com\/sante\/actualites\/sommeil-travail-decale-accelererait-vieillissement-cognitif-55898\/\" title=\"Le travail d\u00e9cal\u00e9 acc\u00e9l\u00e8rerait le vieillissement cognitif\" target=\"_blank\" rel=\"noopener\">vieillissement cognitif<\/a>.<\/p>\n<p>Pour \u00e9valuer l&rsquo;\u00e9tat du cerveau des participants, les chercheurs ont combin\u00e9 deux m\u00e9thodes compl\u00e9mentaires : des <a href=\"https:\/\/www.futura-sciences.com\/sante\/definitions\/medecine-irm-8096\/\" target=\"_blank\" rel=\"noopener\">IRM<\/a> c\u00e9r\u00e9brales et des \u00e9valuations cognitives. Cette double approche a permis d&rsquo;obtenir une vision compl\u00e8te incluant \u00e0 la fois l&rsquo;agilit\u00e9 mentale pratique et les configurations neuronales plus subtiles.<\/p>\n<p>Comme l&rsquo;explique Barbey : \u00ab Cette m\u00e9thode nous permet de construire une compr\u00e9hension plus robuste de la relation entre ces facteurs. Nous examinons simultan\u00e9ment la structure, la fonction et le <a href=\"https:\/\/www.futura-sciences.com\/sante\/definitions\/biologie-metabolisme-781\/\" target=\"_blank\" rel=\"noopener\">m\u00e9tabolisme<\/a> du cerveau, d\u00e9montrant un lien direct entre ces propri\u00e9t\u00e9s c\u00e9r\u00e9brales et les <a href=\"https:\/\/www.futura-sciences.com\/sante\/actualites\/vie-homo-floresiensis-espece-unique-capacites-cognitives-developpees-5941\/\" title=\"Homo Floresiensis, esp\u00e8ce unique pour des capacit\u00e9s cognitives d\u00e9velopp\u00e9es\" target=\"_blank\" rel=\"noopener\">capacit\u00e9s cognitives<\/a>\u00a0\u00bb.<\/p>\n<p>Vers une pr\u00e9vention nutritionnelle du d\u00e9clin cognitif<\/p>\n<p>Bien que cette \u00e9tude pr\u00e9sente une vision instantan\u00e9e et ne puisse \u00e9tablir d\u00e9finitivement une relation de cause \u00e0 effet, ses conclusions rejoignent celles d&rsquo;une <a href=\"https:\/\/www.sciencealert.com\/12-year-study-reveals-how-the-mediterranean-diet-might-affect-your-brain\" title=\"Une \u00e9tude de 12 ans r\u00e9v\u00e8le comment le r\u00e9gime m\u00e9diterran\u00e9en pourrait affecter votre cerveau\" target=\"_blank\" rel=\"noopener\">recherche de 2023<\/a> qui a suivi des participants pendant 12 ans. Cette derni\u00e8re avait \u00e9galement \u00e9tabli un lien entre le r\u00e9gime m\u00e9diterran\u00e9en et un d\u00e9clin cognitif moins prononc\u00e9.<\/p>\n<p>Les chercheurs pr\u00e9voient maintenant de lancer des <a href=\"https:\/\/www.futura-sciences.com\/sante\/definitions\/medecine-essai-clinique-3333\/\" target=\"_blank\" rel=\"noopener\">essais cliniques<\/a> sur une p\u00e9riode significative pour observer comment l&rsquo;alimentation influence le vieillissement c\u00e9r\u00e9bral \u00e0 long terme. Ces recherches pourraient d\u00e9boucher sur des recommandations nutritionnelles pr\u00e9cises visant \u00e0 r\u00e9duire le risque de <a href=\"https:\/\/www.futura-sciences.com\/sante\/actualites\/vie-maladies-neurodegeneratives-decouverte-cercle-vicieux-8659\/\" title=\"Maladies neurod\u00e9g\u00e9n\u00e9ratives : d\u00e9couverte d&#039;un cercle vicieux\" target=\"_blank\" rel=\"noopener\">maladies neurod\u00e9g\u00e9n\u00e9ratives<\/a>\u00a0comme la <a href=\"https:\/\/www.futura-sciences.com\/sante\/definitions\/medecine-maladie-alzheimer-3606\/\" target=\"_blank\" rel=\"noopener\">maladie d&rsquo;Alzheimer<\/a>.<\/p>\n<p>L&rsquo;\u00e9tude identifie \u00ab des profils particuliers de biomarqueurs nutritionnels prometteurs, associ\u00e9s favorablement aux mesures de performance cognitive et de sant\u00e9 c\u00e9r\u00e9brale \u00bb, selon Barbey. Ces d\u00e9couvertes ouvrent la voie \u00e0 des strat\u00e9gies pr\u00e9ventives accessibles, bas\u00e9es sur des modifications alimentaires simples, mais potentiellement tr\u00e8s efficaces pour pr\u00e9server notre capital cognitif au fil des ann\u00e9es.<\/p>\n","protected":false},"excerpt":{"rendered":"Maintenir un cerveau en bonne sant\u00e9 tout au long de la vie repr\u00e9sente un d\u00e9fi majeur face au&hellip;\n","protected":false},"author":2,"featured_media":553098,"comment_status":"","ping_status":"","sticky":false,"template":"","format":"standard","meta":{"footnotes":""},"categories":[10],"tags":[67019,258,67021,67018,67022,231,65623,286,285,1011,27,72,278,51187,67017,67016,64643,60689,8204,12598,71,282,30872,67020],"class_list":{"0":"post-553097","1":"post","2":"type-post","3":"status-publish","4":"format-standard","5":"has-post-thumbnail","7":"category-sante","8":"tag-acides-gras-omega-3","9":"tag-alimentation","10":"tag-antioxydant","11":"tag-biomarqueurs","12":"tag-carotenoides","13":"tag-cerveau","14":"tag-choline","15":"tag-declin-cognitif","16":"tag-fonctions-cognitives","17":"tag-fr","18":"tag-france","19":"tag-health","20":"tag-les-tendances","21":"tag-maladie-dalzheimer-2","22":"tag-maladie-neurodegeneratives","23":"tag-neurodegeneratives","24":"tag-nutriments","25":"tag-performance-cognitive","26":"tag-regime-alimentaire","27":"tag-regime-mediterraneen","28":"tag-sante","29":"tag-vieillissement","30":"tag-vieillissement-cerebral","31":"tag-vitamine-e"},"share_on_mastodon":{"url":"https:\/\/pubeurope.com\/@fr\/115598352867395852","error":""},"_links":{"self":[{"href":"https:\/\/www.europesays.com\/fr\/wp-json\/wp\/v2\/posts\/553097","targetHints":{"allow":["GET"]}}],"collection":[{"href":"https:\/\/www.europesays.com\/fr\/wp-json\/wp\/v2\/posts"}],"about":[{"href":"https:\/\/www.europesays.com\/fr\/wp-json\/wp\/v2\/types\/post"}],"author":[{"embeddable":true,"href":"https:\/\/www.europesays.com\/fr\/wp-json\/wp\/v2\/users\/2"}],"replies":[{"embeddable":true,"href":"https:\/\/www.europesays.com\/fr\/wp-json\/wp\/v2\/comments?post=553097"}],"version-history":[{"count":0,"href":"https:\/\/www.europesays.com\/fr\/wp-json\/wp\/v2\/posts\/553097\/revisions"}],"wp:featuredmedia":[{"embeddable":true,"href":"https:\/\/www.europesays.com\/fr\/wp-json\/wp\/v2\/media\/553098"}],"wp:attachment":[{"href":"https:\/\/www.europesays.com\/fr\/wp-json\/wp\/v2\/media?parent=553097"}],"wp:term":[{"taxonomy":"category","embeddable":true,"href":"https:\/\/www.europesays.com\/fr\/wp-json\/wp\/v2\/categories?post=553097"},{"taxonomy":"post_tag","embeddable":true,"href":"https:\/\/www.europesays.com\/fr\/wp-json\/wp\/v2\/tags?post=553097"}],"curies":[{"name":"wp","href":"https:\/\/api.w.org\/{rel}","templated":true}]}}