{"id":553103,"date":"2025-11-23T09:42:20","date_gmt":"2025-11-23T09:42:20","guid":{"rendered":"https:\/\/www.europesays.com\/fr\/553103\/"},"modified":"2025-11-23T09:42:20","modified_gmt":"2025-11-23T09:42:20","slug":"la-garmin-fenix-7-pro-qui-se-recharge-au-soleil-est-presque-a-moitie-prix-pour-la-black-friday-week-frandroid","status":"publish","type":"post","link":"https:\/\/www.europesays.com\/fr\/553103\/","title":{"rendered":"La Garmin f\u0113nix 7 Pro qui se recharge au soleil est presque \u00e0 moiti\u00e9 prix pour la Black Friday Week \u2014 Frandroid"},"content":{"rendered":"<p>Garmin a b\u00e2ti une vraie l\u00e9gende autour de ses montres pens\u00e9es pour les sportifs et les mordus d\u2019outdoor. La f\u0113nix 7 Pro Solar fait clairement partie de celles qu\u2019on emm\u00e8ne en trail, en trek ou sur une ascension o\u00f9 le souffle se fait rare et o\u00f9 le GPS devient un ami pr\u00e9cieux. Pour la Black Friday Week, son prix passe de 849 euros au lancement \u00e0 449 euros aujourd\u2019hui chez Decathlon. <\/p>\n<p><a href=\"https:\/\/images.frandroid.com\/wp-content\/uploads\/2025\/11\/garmin-fenix-7-pro-solar-black-friday-frandroid.jpg\" target=\"_blank\" class=\"article-content__figure\" rel=\"noopener\"><img fetchpriority=\"high\" decoding=\"async\" loading=\"eager\" width=\"1200\" height=\"675\" src=\"https:\/\/www.europesays.com\/fr\/wp-content\/uploads\/2025\/11\/garmin-fenix-7-pro-solar-black-friday-frandroid.jpg\" alt=\"\" class=\"wp-image-2879933 wp-image wp-image\"  \/><\/a><\/p>\n<p>Dans l\u2019univers des montres de baroudeurs, <a href=\"https:\/\/www.frandroid.com\/produits\/garmin\" target=\"_blank\" rel=\"noopener\">Garmin<\/a> joue depuis longtemps (depuis 2003 sur nos poignets) le r\u00f4le du vieux loup gris, celui qui conna\u00eet chaque sentier, chaque sommet, chaque erreur de parcours. Face \u00e0 elle, <a href=\"https:\/\/www.frandroid.com\/produits\/suunto\" target=\"_blank\" rel=\"noopener\">Suunto<\/a>, <a href=\"https:\/\/www.frandroid.com\/produits\/polar\" target=\"_blank\" rel=\"noopener\">Polar<\/a>, <a href=\"https:\/\/www.frandroid.com\/produits\/coros\" target=\"_blank\" rel=\"noopener\">Coros<\/a> ou encore <a href=\"https:\/\/www.frandroid.com\/produits\/amazfit\" target=\"_blank\" rel=\"noopener\">Amazfit<\/a> tentent d\u2019exister, mais quand il s\u2019agit de combiner endurance, pr\u00e9cision GPS et \u00e9quipements de survie au poignet, Garmin garde la main. Pour lancer <a href=\"https:\/\/www.frandroid.com\/bons-plans\/2876855_la-black-friday-week-commence-officiellement-sur-amazon-voici-les-meilleures-offres-en-direct\" target=\"_blank\" rel=\"noopener\">la Black Friday Week<\/a>, son ancienne gloire, la f\u0113nix 7 Pro Solar <a href=\"https:\/\/shop.frandroid.com\/anos1xha\" target=\"_blank\" rel=\"noreferrer noopener affiliate nofollow\" data-gtm=\"{&quot;event&quot;:&quot;afficlic&quot;,&quot;nom_marchand&quot;:&quot;decathlon&quot;,&quot;nom_produit&quot;:&quot;inconnu&quot;,&quot;categorie_produit&quot;:&quot;inconnu&quot;,&quot;module_produit&quot;:&quot;editolink&quot;,&quot;position_marchand&quot;:0,&quot;texte&quot;:&quot;egare-200-euros-chez-decathlon&quot;,&quot;offer_url&quot;:&quot;https:\/\/shop.frandroid.com\/anos1xha&quot;,&quot;zone&quot;:&quot;contenu-page&quot;}\">\u00e9gare 400 euros chez Decathlon<\/a>.<\/p>\n<p>Les atouts de la Garmin f\u0113nix 7 Pro Solar<\/p>\n<ul class=\"wp-block-list\">\n<li>Le GNSS toujours aussi pr\u00e9cis<\/li>\n<li>Une autonomie solide coupl\u00e9e \u00e0 la recharge solaire<\/li>\n<li>Une r\u00e9sistance \u00e0 toute \u00e9preuve<\/li>\n<li>Une lampe LED (plus utile que vous ne le pensez)<\/li>\n<\/ul>\n<p>Au lieu de 849 euros lors de son lancement, la Garmin f\u0113nix 7 Pro est <a href=\"https:\/\/shop.frandroid.com\/anos1xha\" target=\"_blank\" rel=\"noreferrer noopener affiliate nofollow\" data-gtm=\"{&quot;event&quot;:&quot;afficlic&quot;,&quot;nom_marchand&quot;:&quot;decathlon&quot;,&quot;nom_produit&quot;:&quot;inconnu&quot;,&quot;categorie_produit&quot;:&quot;inconnu&quot;,&quot;module_produit&quot;:&quot;editolink&quot;,&quot;position_marchand&quot;:0,&quot;texte&quot;:&quot;aujourd-hui-disponible-en-promotion-a-449-euros-sur-decathlon&quot;,&quot;offer_url&quot;:&quot;https:\/\/shop.frandroid.com\/anos1xha&quot;,&quot;zone&quot;:&quot;contenu-page&quot;}\">aujourd\u2019hui disponible en promotion \u00e0 449 euros sur Decathlon<\/a>.<\/p>\n<p>Si, par la suite, l\u2019offre mentionn\u00e9e dans cet article n\u2019est plus disponible, merci de jeter un coup d\u2019\u0153il ci-dessous afin de d\u00e9nicher d\u2019autres offres concernant le Garmin f\u0113nix 7 Pro Solar . Le tableau s\u2019actualise automatiquement. <\/p>\n<p>                <img decoding=\"async\" width=\"1200\" height=\"446\" loading=\"lazy\" alt=\"Affiliates_1325x492_Frandroid-Watch\" title=\"Affiliates_1325x492_Frandroid-Watch\" class=\"is-radiusless placeholder-default wp-image\" src=\"https:\/\/www.europesays.com\/fr\/wp-content\/uploads\/2025\/11\/affiliates-1325x492-frandroid-watch-1200x446.jpg\" \/>            <\/p>\n<p>\n                    L\u2019Apple Watch Ultra est \u00e0 prix cass\u00e9                <\/p>\n<p class=\"has-text-weight-medium is-size-6 is-line-height-normal\">\n                    Et si pendant le Black Friday, vous profitiez du reconditionn\u00e9 pour faire encore plus d\u2019\u00e9conomies ? Chez Back Market, l\u2019Apple Watch Ultra co\u00fbte moins de 375 euros avec le code KDO2025, valable sur toutes les montres connect\u00e9es.                <\/p>\n<p>Une montre d\u00e9di\u00e9e \u00e0 \u00eatre dehors, \u00e0 grimper des sentiers<\/p>\n<p>Si vous \u00eates habitu\u00e9 <a href=\"https:\/\/www.frandroid.com\/guide-dachat\/1649125_montres-connectees-garmin-quel-modele-de-smartwatch-choisir\" target=\"_blank\" rel=\"noopener\">des montres Garmin<\/a>, vous savez d\u00e9j\u00e0 que l\u2019une des premi\u00e8res choses que la marque am\u00e9ricaine pr\u00f4ne, c\u2019est la r\u00e9sistance. Le bo\u00eetier respire le s\u00e9rieux, d\u00e9clin\u00e9 en trois tailles pour les poignets discrets comme pour les plus muscl\u00e9s. L\u2019\u00e9cran transflectif reste parfaitement lisible en plein soleil, un d\u00e9tail qui a son importance quand vous grimpez en altitude ou que vous courrez en plein cagnard. Et puis il y a cette petite magie solaire, la dalle Power Glass grappille de l\u2019\u00e9nergie \u00e0 chaque sortie, prolongeant une autonomie d\u00e9j\u00e0 monstrueuse.<\/p>\n<p>Sur la partie c\u0153ur, Garmin a int\u00e9gr\u00e9 son tout nouveau capteur optique, le plus fiable de la marque : le Elevate Gen 5 (qui \u00e9quipe aussi <a href=\"https:\/\/www.frandroid.com\/marques\/garmin\/2824803_test-de-la-garmin-fenix-8-pro-enfin-une-montre-de-sport-outdoor-vraiment-connectee\" target=\"_blank\" rel=\"noopener\">la Garmin f\u0113nix 8 Pro sortie en septembre dernie<\/a>). En course, en rando ou \u00e0 v\u00e9lo, la pr\u00e9cision cardiaque grimpe d\u2019un cran. Ajoutez \u00e0 cela la panoplie de capteurs habituelle <a href=\"https:\/\/www.frandroid.com\/produits-android\/accessoires-objets-connectes\/montres-connectees-2\/786255_rythme-cardiaque-vo2max-spo2-ecg-comment-les-montres-connectees-prennent-soin-de-votre-coeur\" target=\"_blank\" rel=\"noopener\">: SpO2, stress, sommeil, respiration, VO\u2082 max<\/a>\u2026 Vous avez l\u00e0 un tableau clinique digne d\u2019un sportif pro, mais port\u00e9 au poignet.<\/p>\n<p>Le dernier \u00e9tage du g\u00e2teau, c\u2019est \u00e9videmment le <a href=\"https:\/\/www.frandroid.com\/produits-android\/accessoires-objets-connectes\/montres-connectees-2\/1576356_gps-gnss-double-frequence-tout-comprendre-a-la-geolocalisation-des-smartphones-et-montres-connectees\" target=\"_blank\" rel=\"noopener\">GNSS multibandes<\/a>. Si vous avez d\u00e9j\u00e0 perdu le signal dans une for\u00eat dense ou sur une paroi encaiss\u00e9e, la f\u0113nix 7 Pro accroche mieux les satellites, plus vite, plus loin et vous remet dans le droit chemin.<\/p>\n<p>Une montre presque parfaite\u2026 mais pas sans d\u00e9fauts<\/p>\n<p>La <a href=\"https:\/\/www.frandroid.com\/produits\/montres-bracelet-connectes\/garmin\/1709137-garmin-fenix-7-pro\" target=\"_blank\" rel=\"noopener\">f\u0113nix 7 Pro<\/a> a du coffre, mais elle embarque aussi quelques poids morts. D\u2019abord l\u2019interface, toujours aussi charg\u00e9e. Garmin fait tout, absolument tout, mais parfois trop. On s\u2019y perd, on cherche des menus, on refait des tours complets dans les widgets. Si vous aimez la simplicit\u00e9 d\u2019une <a href=\"https:\/\/www.frandroid.com\/produits\/montres-bracelet-connectes\/apple\/2788703-apple-watch-ultra-3\" target=\"_blank\" rel=\"noopener\">Apple Watch Ultra<\/a>, ici, c\u2019est un trek dans la jungle : passionnant, mais touffu.<\/p>\n<p>Il n\u2019existe pas de <a href=\"https:\/\/www.frandroid.com\/tag\/lte\" target=\"_blank\" rel=\"noopener\">version LTE<\/a> non plus. Une absence qui p\u00e8se quand on voit que certaines concurrentes proposent d\u00e9j\u00e0 un tracking sans smartphone. Ici, la montre peut tout suivre\u2026 sauf appeler \u00e0 l\u2019aide si vous vous retrouvez nez-\u00e0-nez avec un sanglier qui remet votre itin\u00e9raire en question.<\/p>\n<p>Le prix, \u00e9videmment. Les f\u0113nix n\u2019ont jamais jou\u00e9 dans la cat\u00e9gorie \u201cmontres abordables\u201d, et la 7 Pro ne d\u00e9roge pas \u00e0 la r\u00e8gle. Une robuste, mais une robustesse qui se paie. Heureusement, la Black Friday Week fait claquer un petit coup de pelle sur le tarif, ce qui rend l\u2019aventure nettement plus digeste. Et pour une montre qui affiche un solide 8\/10 dans nos colonnes et qui approche <a href=\"https:\/\/www.frandroid.com\/marques\/garmin\/1704255_fenix-7-pro-et-epix-pro-gen-2-garmin-se-la-joue-pro-pour-faire-face-a-lapple-watch-ultra\" target=\"_blank\" rel=\"noopener\">tranquillement de ses deux ans<\/a>, elle saura encore vous suivre dans toutes vos p\u00e9r\u00e9grinations, des plus sages aux plus sauvages.<\/p>\n<p>Pour en savoir encore plus, lisez <a href=\"https:\/\/www.frandroid.com\/test\/1750253_test-de-la-garmin-fenix-7-pro-toujours-aussi-polyvalente-et-maintenant-brillante\" data-type=\"link\" data-id=\"https:\/\/www.frandroid.com\/test\/1750253_test-de-la-garmin-fenix-7-pro-toujours-aussi-polyvalente-et-maintenant-brillante\" target=\"_blank\" rel=\"noopener\">notre test complet sur la Garmin f\u0113nix 7 Pro<\/a>, qui poss\u00e8de toutes les fonctions de la Solar, sauf le syst\u00e8me solaire.<\/p>\n<p>Afin de comparer le Garmin f\u0113nix 7 Pro Solar avec d\u2019autres produits de la m\u00eame cat\u00e9gorie, nous vous invitons d\u00e8s maintenant \u00e0 consulter <a href=\"https:\/\/www.frandroid.com\/guide-dachat\/guides-dachat-wearables\/1438431_les-meilleures-montres-connectees-dediees-au-sport\" target=\"_blank\" rel=\"noopener\">notre guide sur les meilleures montres connect\u00e9es pour le sport<\/a>.<\/p>\n","protected":false},"excerpt":{"rendered":"Garmin a b\u00e2ti une vraie l\u00e9gende autour de ses montres pens\u00e9es pour les sportifs et les mordus d\u2019outdoor.&hellip;\n","protected":false},"author":2,"featured_media":553104,"comment_status":"","ping_status":"","sticky":false,"template":"","format":"standard","meta":{"footnotes":""},"categories":[7],"tags":[62374,1040,1011,27,66883,43,40,41,39,42,44],"class_list":{"0":"post-553103","1":"post","2":"type-post","3":"status-publish","4":"format-standard","5":"has-post-thumbnail","7":"category-sciences-et-technologies","8":"tag-black-friday-2025","9":"tag-bons-plans-decathlon","10":"tag-fr","11":"tag-france","12":"tag-garmin-fenix-7-pro","13":"tag-science","14":"tag-science-and-technology","15":"tag-sciences","16":"tag-sciences-et-technologies","17":"tag-technologies","18":"tag-technology"},"share_on_mastodon":{"url":"https:\/\/pubeurope.com\/@fr\/115598364150797369","error":""},"_links":{"self":[{"href":"https:\/\/www.europesays.com\/fr\/wp-json\/wp\/v2\/posts\/553103","targetHints":{"allow":["GET"]}}],"collection":[{"href":"https:\/\/www.europesays.com\/fr\/wp-json\/wp\/v2\/posts"}],"about":[{"href":"https:\/\/www.europesays.com\/fr\/wp-json\/wp\/v2\/types\/post"}],"author":[{"embeddable":true,"href":"https:\/\/www.europesays.com\/fr\/wp-json\/wp\/v2\/users\/2"}],"replies":[{"embeddable":true,"href":"https:\/\/www.europesays.com\/fr\/wp-json\/wp\/v2\/comments?post=553103"}],"version-history":[{"count":0,"href":"https:\/\/www.europesays.com\/fr\/wp-json\/wp\/v2\/posts\/553103\/revisions"}],"wp:featuredmedia":[{"embeddable":true,"href":"https:\/\/www.europesays.com\/fr\/wp-json\/wp\/v2\/media\/553104"}],"wp:attachment":[{"href":"https:\/\/www.europesays.com\/fr\/wp-json\/wp\/v2\/media?parent=553103"}],"wp:term":[{"taxonomy":"category","embeddable":true,"href":"https:\/\/www.europesays.com\/fr\/wp-json\/wp\/v2\/categories?post=553103"},{"taxonomy":"post_tag","embeddable":true,"href":"https:\/\/www.europesays.com\/fr\/wp-json\/wp\/v2\/tags?post=553103"}],"curies":[{"name":"wp","href":"https:\/\/api.w.org\/{rel}","templated":true}]}}