{"id":553105,"date":"2025-11-23T09:43:12","date_gmt":"2025-11-23T09:43:12","guid":{"rendered":"https:\/\/www.europesays.com\/fr\/553105\/"},"modified":"2025-11-23T09:43:12","modified_gmt":"2025-11-23T09:43:12","slug":"epargne-retraite-ce-coup-de-pouce-prevu-en-2026-pourrait-booster-le-per-plus-quon-ne-le-pense","status":"publish","type":"post","link":"https:\/\/www.europesays.com\/fr\/553105\/","title":{"rendered":"\u00c9pargne retraite : ce coup de pouce pr\u00e9vu en 2026 pourrait booster le PER plus qu\u2019on ne le pense"},"content":{"rendered":"<p>Alors que la fin d&rsquo;ann\u00e9e approche et que les conversations s&rsquo;animent autour des retrouvailles et des repas de f\u00eate, un autre sujet commence \u00e0 prendre de la place dans les discussions entre proches : la retraite, et surtout comment bien la pr\u00e9parer. En 2026, un \u00e9ventuel \u00ab\u00a0coup de pouce\u00a0\u00bb fiscal pour le Plan d&rsquo;\u00c9pargne Retraite (PER) pourrait radicalement changer la donne pour ceux qui r\u00eavent de franchir le cap d&rsquo;une retraite sereine. <strong>Plafonds de d\u00e9duction revaloris\u00e9s, flexibilit\u00e9 accrue pour cumuler des versements, d\u00e9fiscalisation plus puissante<\/strong>\u2026 La r\u00e9forme qui s&rsquo;annonce pourrait transformer en profondeur la fa\u00e7on dont les Fran\u00e7ais abordent leur \u00e9pargne retraite. Mais en quoi ce changement s&rsquo;annonce-t-il si d\u00e9terminant pour les futurs retrait\u00e9s, et pourquoi le PER pourrait n&rsquo;avoir jamais \u00e9t\u00e9 aussi attractif ? D\u00e9codage d&rsquo;une petite r\u00e9volution \u00e0 surveiller de tr\u00e8s pr\u00e8s, que l&rsquo;on soit jeune senior ou sur le point de souffler ses 64 bougies.<\/p>\n<p>Le PER : l&rsquo;\u00e9lu du c\u0153ur des futurs retrait\u00e9s<\/p>\n<p><strong>Le Plan d&rsquo;\u00c9pargne Retraite s\u00e9duit d\u00e9j\u00e0 largement pour une raison simple : il conjugue flexibilit\u00e9 et avantages fiscaux consid\u00e9rables.<\/strong> En France, la qu\u00eate d&rsquo;une retraite confortable n&rsquo;est pas qu&rsquo;une pr\u00e9occupation passag\u00e8re ; c&rsquo;est devenu une n\u00e9cessit\u00e9 pour anticiper l&rsquo;avenir et prot\u00e9ger son pouvoir d&rsquo;achat face \u00e0 l&rsquo;incertitude des r\u00e9formes successives.<\/p>\n<p>Le PER a r\u00e9ussi en quelques ann\u00e9es \u00e0 s&rsquo;imposer aupr\u00e8s des \u00e9pargnants avertis. <strong>Sur le plan fiscal, les versements effectu\u00e9s sont d\u00e9ductibles du revenu imposable dans la limite du plafond l\u00e9gal<\/strong>, ce qui permet, pour les foyers modestes ou impos\u00e9s, de b\u00e9n\u00e9ficier d&rsquo;une \u00e9conomie d&rsquo;imp\u00f4t non n\u00e9gligeable. Ajoutez \u00e0 cela une gamme de supports d&rsquo;investissement adapt\u00e9e \u00e0 tous les profils de risque (fonds euro, unit\u00e9s de compte, etc.), et l&rsquo;on comprend l&rsquo;engouement grandissant des Fran\u00e7ais pour cette enveloppe.<\/p>\n<p><strong>Mais l&rsquo;autre grand atout du PER r\u00e9side dans sa souplesse<\/strong>. Chacun b\u00e2tit son \u00e9pargne retraite \u00e0 son rythme, selon ses moyens, sa situation familiale, ou les al\u00e9as de la vie professionnelle. Le PER permet ainsi d&rsquo;organiser, ann\u00e9e apr\u00e8s ann\u00e9e, un compl\u00e9ment de revenus tout en s&rsquo;adaptant \u00e0 l&rsquo;\u00e9volution des besoins et aspirations.<\/p>\n<p>Cap sur 2026 : ce qui pourrait vraiment changer pour votre \u00e9pargne retraite<\/p>\n<p>L&rsquo;ann\u00e9e 2026 pourrait bien demeurer une date clef dans l&rsquo;histoire de la pr\u00e9paration \u00e0 la retraite. <strong>Deux mesures phares, actuellement \u00e0 l&rsquo;\u00e9tude, pourraient booster le PER comme jamais auparavant<\/strong> : la revalorisation des plafonds de d\u00e9duction et l&rsquo;allongement du d\u00e9lai pour utiliser les plafonds non consomm\u00e9s.<\/p>\n<p> Une augmentation des plafonds qui ouvre la voie \u00e0 une \u00e9pargne plus ambitieuse<\/p>\n<p>D\u00e8s 2026, le <strong>Plafond Annuel de la S\u00e9curit\u00e9 Sociale (PASS)<\/strong> sera revaloris\u00e9 de 2 %. En chiffre, cela signifie pour certains travailleurs non-salari\u00e9s un plafond de d\u00e9duction pouvant approcher 88 911 \u20ac, contre 87 984 \u20ac l&rsquo;ann\u00e9e pr\u00e9c\u00e9dente. Pour les salari\u00e9s et fonctionnaires, le plafond de d\u00e9duction devrait se situer entre <strong>37 000 et 38 000 \u20ac<\/strong>, ce qui permet d&rsquo;envisager des versements plus cons\u00e9quents, selon sa situation fiscale.<\/p>\n<p><strong>Dans la pratique, ces hausses de plafond permettent \u00e0 un grand nombre de foyers de d\u00e9duire davantage de versements de leur revenu imposable<\/strong>, maximisant ainsi la d\u00e9fiscalisation et offrant un coup de pouce bienvenu pour pr\u00e9parer l&rsquo;avenir.<\/p>\n<p>Vers une fiscalit\u00e9 encore plus avantageuse : ce que les nouvelles mesures pourraient apporter<\/p>\n<p>L&rsquo;autre grande nouveaut\u00e9 \u00e0 suivre, sous r\u00e9serve de validation lors du vote d\u00e9finitif du budget 2026, concerne l&rsquo;<strong>extension du report des plafonds non utilis\u00e9s de 3 \u00e0 5 ans<\/strong>. Pour de nombreux contribuables, cela signifierait la possibilit\u00e9 de cumuler plus d&rsquo;ann\u00e9es de plafonds non utilis\u00e9s et, ainsi, de b\u00e9n\u00e9ficier d&rsquo;un effet de rattrapage particuli\u00e8rement puissant. <strong>En clair, il deviendrait possible, sur une bonne ann\u00e9e ou \u00e0 l&rsquo;occasion du versement d&rsquo;une prime exceptionnelle, de rattraper le temps perdu tout en optimisant sa r\u00e9duction d&rsquo;imp\u00f4t.<\/strong><\/p>\n<p> Un effet de levier sans pr\u00e9c\u00e9dent pour booster son PER<\/p>\n<p>La combinaison de plafonds rehauss\u00e9s et d&rsquo;un report allong\u00e9 dessine des <strong>perspectives in\u00e9dites pour ceux qui souhaitent donner un vrai coup d&rsquo;acc\u00e9l\u00e9rateur \u00e0 leur \u00e9pargne retraite<\/strong>.<\/p>\n<p> Comment le rel\u00e8vement des plafonds peut transformer votre strat\u00e9gie d&rsquo;\u00e9pargne<\/p>\n<p>Imaginez avoir la possibilit\u00e9 de d\u00e9duire plusieurs ann\u00e9es de plafonds en une seule fois : une strat\u00e9gie pr\u00e9cieuse pour les ind\u00e9pendants, professions lib\u00e9rales, salari\u00e9s aux revenus variables ou retrait\u00e9s encore impos\u00e9s. <strong>En cumulant jusqu&rsquo;\u00e0 5 ann\u00e9es de plafonds, certains \u00e9pargnants pourraient concentrer plus de 20 000 \u20ac de d\u00e9duction en un seul exercice<\/strong> ; une opportunit\u00e9 r\u00eav\u00e9e pour limiter son imp\u00f4t lors d&rsquo;un pic de revenu.<\/p>\n<tr>\nProfil<br \/>\nPlafond d\u00e9ductible 2026 (estimation)<br \/>\nPlafonds cumul\u00e9s sur 5 ans (estimation)<br \/>\n<\/tr>\n<tr>\n<td>Travailleur non-salari\u00e9<\/td>\n<td>88 911 \u20ac<\/td>\n<td>444 555 \u20ac<\/td>\n<\/tr>\n<tr>\n<td>Salari\u00e9<\/td>\n<td>38 000 \u20ac<\/td>\n<td>190 000 \u20ac<\/td>\n<\/tr>\n<tr>\n<td>Minimum (plancher PER)<\/td>\n<td>4 806 \u20ac<\/td>\n<td>24 030 \u20ac<\/td>\n<\/tr>\n<p><strong>Ces montants sont indicatifs et doivent \u00eatre confirm\u00e9s dans le cadre final de la loi de finances 2026.<\/strong><\/p>\n<p> L&rsquo;opportunit\u00e9 de dynamiser son patrimoine en misant sur la pr\u00e9paration de la retraite<\/p>\n<p>En pla\u00e7ant sur le PER des sommes importantes quand la situation fiscale s&rsquo;y pr\u00eate, il est possible de <strong>pr\u00e9parer un compl\u00e9ment de revenus consistant pour la retraite, tout en optimisant ses imp\u00f4ts<\/strong>. De quoi donner un souffle nouveau \u00e0 la gestion patrimoniale familiale, surtout pour ceux qui d\u00e9couvrent tardivement le PER ou cherchent \u00e0 compenser une carri\u00e8re marqu\u00e9e par des interruptions ou des r\u00e9orientations professionnelles.<\/p>\n<p> Comment profiter au mieux de ces \u00e9volutions \u00e0 venir<\/p>\n<p>Les perspectives ouvertes par la r\u00e9forme 2026 ne se transformeront en avantages concrets que pour les \u00e9pargnants qui sauront anticiper et s&rsquo;adapter. <strong>Mieux vaut donc ne pas attendre la derni\u00e8re minute pour r\u00e9viser sa strat\u00e9gie et pr\u00e9parer le terrain.<\/strong><\/p>\n<p> Les d\u00e9marches \u00e0 anticiper d\u00e8s maintenant pour optimiser son PER<\/p>\n<p>Il est recommand\u00e9 de :<\/p>\n<ul>\n<li><strong>V\u00e9rifier son plafond de d\u00e9duction personnel<\/strong> sur son dernier avis d&rsquo;imposition.<\/li>\n<li><strong>Faire le point sur les versements d\u00e9j\u00e0 effectu\u00e9s<\/strong> dans l&rsquo;ann\u00e9e et les \u00e9ventuelles marges de man\u0153uvre restantes.<\/li>\n<li><strong>Prendre rendez-vous avec son conseiller<\/strong> ou un sp\u00e9cialiste du patrimoine d\u00e8s janvier, pour planifier d&rsquo;\u00e9ventuels versements exceptionnels avant la fin de l&rsquo;ann\u00e9e fiscale 2026.<\/li>\n<\/ul>\n<p>Ces r\u00e9flexes simples permettront de se positionner id\u00e9alement avant l&rsquo;entr\u00e9e en vigueur des nouvelles mesures.<\/p>\n<p> Les conseils cl\u00e9s pour adapter son plan d&rsquo;\u00e9pargne et maximiser ses avantages en 2026<\/p>\n<p><strong>S&rsquo;adapter \u00e0 son \u00e2ge et \u00e0 sa situation<\/strong> reste la ligne directrice. Les plus jeunes auront int\u00e9r\u00eat \u00e0 lisser leurs versements pour <strong>profiter chaque ann\u00e9e<\/strong> du plafond. Les plus de 50 ans ou ceux qui approchent la retraite peuvent, eux, opter pour un rattrapage massif en utilisant le cumul de plafonds, notamment avant le basculement vers une tranche d&rsquo;imposition moins \u00e9lev\u00e9e.<\/p>\n<p><strong>Autre conseil essentiel : surveiller les annonces du gouvernement et des organismes gestionnaires du PER<\/strong> pour \u00eatre inform\u00e9 des modalit\u00e9s concr\u00e8tes d&rsquo;application, car tout d\u00e9pendra de la promulgation d\u00e9finitive de la loi.<\/p>\n<p> Ce que ce nouveau coup de pouce va vraiment changer dans la vie des futurs retrait\u00e9s<\/p>\n<p><strong>Un compl\u00e9ment de revenus plus cons\u00e9quent, des projets qui deviennent possibles<\/strong>\u2026 Voil\u00e0 ce qu&rsquo;ambitionne la r\u00e9forme. En augmentant la capacit\u00e9 d&rsquo;\u00e9pargne d\u00e9fiscalis\u00e9e, elle offre l&rsquo;opportunit\u00e9 de <a href=\"https:\/\/journaldesseniors.20minutes.fr\/argent\/ce-nouveau-pret-donne-aux-retraites-les-cles-pour-financer-leurs-projets-sans-stress-ni-mensualites\/\" target=\"_blank\" rel=\"nofollow noopener\">financer plus sereinement leurs projets<\/a> qui paraissaient lointains : tour du monde, am\u00e9nagement d&rsquo;un logement, aide aux enfants ou petits-enfants\u2026<\/p>\n<p>\u00c0 long terme, ce coup de pouce fiscal <strong>peut aider \u00e0 franchir un cap<\/strong> : transformer le PER en pierre angulaire de la pr\u00e9paration de la retraite, bien au-del\u00e0 du simple outil d&rsquo;appoint.<\/p>\n<p><strong>Le PER pourrait ainsi s&rsquo;imposer comme la nouvelle r\u00e9f\u00e9rence incontournable pour se constituer un matelas de s\u00e9curit\u00e9 \u00e0 la retraite<\/strong>, sur lequel tabler pour maintenir son niveau de vie, et m\u00eame se faire plaisir, une fois les beaux jours venus.<\/p>\n<p>En ce mois de novembre 2025, alors que l&rsquo;hiver s&rsquo;installe, les discussions sur l&rsquo;\u00e9pargne retraite retrouvent plus que jamais le devant de la sc\u00e8ne. La r\u00e9forme annonc\u00e9e du PER pour 2026 est porteuse d&rsquo;espoirs r\u00e9els pour celles et ceux qui souhaitent conjuguer s\u00e9curit\u00e9, d\u00e9fiscalisation et libert\u00e9 de choix \u00e0 l&rsquo;or\u00e9e de leur retraite. Certes, il reste \u00e0 attendre le feu vert d\u00e9finitif du Parlement, mais <strong>chacun a d&rsquo;ores et d\u00e9j\u00e0 int\u00e9r\u00eat \u00e0 s&rsquo;informer et \u00e0 pr\u00e9parer sa strat\u00e9gie pour ne pas passer \u00e0 c\u00f4t\u00e9 de cette opportunit\u00e9<\/strong>. \u00c0 la cl\u00e9, la promesse d&rsquo;aborder la retraite plus sereinement\u2026 et, pourquoi pas, de donner vie \u00e0 de <a href=\"https:\/\/journaldesseniors.20minutes.fr\/droits\/vie-de-copropriete-une-fois-a-la-retraite\/\" target=\"_blank\" rel=\"nofollow noopener\">nouveaux projets<\/a>. Car apr\u00e8s tout, pr\u00e9parer l&rsquo;avenir, c&rsquo;est aussi offrir \u00e0 ses plus belles ann\u00e9es le confort et l&rsquo;insouciance qu&rsquo;elles m\u00e9ritent.<\/p>\n","protected":false},"excerpt":{"rendered":"Alors que la fin d&rsquo;ann\u00e9e approche et que les conversations s&rsquo;animent autour des retrouvailles et des repas de&hellip;\n","protected":false},"author":2,"featured_media":553106,"comment_status":"","ping_status":"","sticky":false,"template":"","format":"standard","meta":{"footnotes":""},"categories":[6],"tags":[35,33,34,1011,27,56],"class_list":{"0":"post-553105","1":"post","2":"type-post","3":"status-publish","4":"format-standard","5":"has-post-thumbnail","7":"category-economie","8":"tag-business","9":"tag-economie","10":"tag-economy","11":"tag-fr","12":"tag-france","13":"tag-push"},"share_on_mastodon":{"url":"https:\/\/pubeurope.com\/@fr\/115598367567851810","error":""},"_links":{"self":[{"href":"https:\/\/www.europesays.com\/fr\/wp-json\/wp\/v2\/posts\/553105","targetHints":{"allow":["GET"]}}],"collection":[{"href":"https:\/\/www.europesays.com\/fr\/wp-json\/wp\/v2\/posts"}],"about":[{"href":"https:\/\/www.europesays.com\/fr\/wp-json\/wp\/v2\/types\/post"}],"author":[{"embeddable":true,"href":"https:\/\/www.europesays.com\/fr\/wp-json\/wp\/v2\/users\/2"}],"replies":[{"embeddable":true,"href":"https:\/\/www.europesays.com\/fr\/wp-json\/wp\/v2\/comments?post=553105"}],"version-history":[{"count":0,"href":"https:\/\/www.europesays.com\/fr\/wp-json\/wp\/v2\/posts\/553105\/revisions"}],"wp:featuredmedia":[{"embeddable":true,"href":"https:\/\/www.europesays.com\/fr\/wp-json\/wp\/v2\/media\/553106"}],"wp:attachment":[{"href":"https:\/\/www.europesays.com\/fr\/wp-json\/wp\/v2\/media?parent=553105"}],"wp:term":[{"taxonomy":"category","embeddable":true,"href":"https:\/\/www.europesays.com\/fr\/wp-json\/wp\/v2\/categories?post=553105"},{"taxonomy":"post_tag","embeddable":true,"href":"https:\/\/www.europesays.com\/fr\/wp-json\/wp\/v2\/tags?post=553105"}],"curies":[{"name":"wp","href":"https:\/\/api.w.org\/{rel}","templated":true}]}}