{"id":553107,"date":"2025-11-23T09:44:12","date_gmt":"2025-11-23T09:44:12","guid":{"rendered":"https:\/\/www.europesays.com\/fr\/553107\/"},"modified":"2025-11-23T09:44:12","modified_gmt":"2025-11-23T09:44:12","slug":"des-francais-auraient-ils-pu-participer-aux-safaris-humains-a-sarajevo-pendant-la-guerre-de-bosnie","status":"publish","type":"post","link":"https:\/\/www.europesays.com\/fr\/553107\/","title":{"rendered":"Des Fran\u00e7ais auraient-ils pu participer aux \u00ab\u00a0safaris humains\u00a0\u00bb \u00e0 Sarajevo pendant la guerre de Bosnie\u00a0?"},"content":{"rendered":"<p>De riches Occidentaux auraient-ils, pour le plaisir, tir\u00e9 sur des civils assi\u00e9g\u00e9s \u00e0 Sarajevo, au d\u00e9but des ann\u00e9es\u00a01990\u00a0? Le parquet de Milan (Italie) a ouvert une <a href=\"https:\/\/www.20minutes.fr\/monde\/italie\/4185395-20251113-italie-enquete-ouverte-soupcons-safaris-humains-organises-sarajevo-durant-guerre\" class=\"c-link c-link--is-underlined\" target=\"_blank\" rel=\"noopener\">enqu\u00eate sur des \u00ab\u00a0tireurs d\u2019\u00e9lite du week-end<\/a>\u00a0\u00bb \u00e9trangers, dont des Italiens, soup\u00e7onn\u00e9s d\u2019avoir particip\u00e9 \u00e0 ces \u00ab\u00a0safaris\u00a0\u00bb macabres lors du si\u00e8ge de la capitale bosnienne, entre\u00a01992 et\u00a01996, durant lequel 11.500 personnes dont 1.500 enfants ont \u00e9t\u00e9 tu\u00e9s par les forces serbes.<\/p>\n<\/p>\n<p>Selon Ezio Gavazzeni, l\u2019\u00e9crivain et journaliste italien \u00e0 l\u2019origine de l\u2019ouverture de l\u2019enqu\u00eate italienne, des \u00e9trangers am\u00e9ricains, fran\u00e7ais ou italiens auraient pay\u00e9 les forces arm\u00e9es serbes \u00ab\u00a0l\u2019\u00e9quivalent de 200.000 \u00e0 300.000 euros\u00a0\u00bb pour rejoindre les hauteurs de Sarajevo, d\u2019o\u00f9 ils auraient commis ces assassinats.<\/p>\n<p>Pas de documents prouvant la pr\u00e9sence de tireurs fran\u00e7ais<\/p>\n<p>L\u2019accusation d\u2019un tourisme de guerre et de \u00ab\u00a0safaris humains\u00a0\u00bb \u00e0 Sarajevo n\u2019est pas nouvelle. Les premi\u00e8res accusations surgissent durant le conflit, en\u00a01995, dans le quotidien de Sarajevo Oslobodjenje.<\/p>\n<p>En\u00a02014, l\u2019auteur et journaliste italien Luca Leone publie Les b\u00e2tards de Sarajevo (\u00e9d.<a href=\"https:\/\/www.infinitoedizioni.it\/prodotto\/i-bastardi-di-sarajevouna-citta-in-balia-della-corruzione-un-paese-senza-speranze-di-futuro-il-fantasma-del-passato-che-torna-dallitalia-copy\/\" target=\"_blank\" class=\"c-link c-link--is-underlined\" rel=\"noopener\"> Infinito Edizioni)<\/a>, ouvrage dans lequel il mentionne des \u00ab\u00a0safaris\u00a0\u00bb de guerre \u00e0 Sarajevo par des \u00e9trangers, dont des Italiens. \u00ab\u00a0J\u2019ai \u00e9crit mon roman \u00e0 partir de t\u00e9moignages de personnes rencontr\u00e9es lors de mes multiples voyages, sur place, depuis la fin de la guerre\u00a0\u00bb, rapporte l\u2019auteur et \u00e9diteur passionn\u00e9 des Balkans \u00e0 20 minutes. \u00ab\u00a0Cependant, je n\u2019ai pas eu \u00e0 disposition de documents prouvant des campagnes de tirs par des ressortissants \u00e9trangers\u00a0\u00bb.<\/p>\n<p>Plaintes de la maire de Sarajevo et du journaliste Ezio Gavazzeni<\/p>\n<p>Huit ans apr\u00e8s la publication du roman de Luca Leone, la th\u00e8se de tireurs \u00e9trangers constitue le fil rouge du documentaire \u00ab\u00a0Sarajevo safari\u00a0\u00bb (2022) du Slov\u00e8ne Miran Zupanic. La maire de Sarajevo Benjamina Karic porte plainte cette m\u00eame ann\u00e9e aupr\u00e8s du parquet bosnien. Si la justice s\u2019est saisie du dossier, aucun d\u00e9tail n\u2019a filtr\u00e9 depuis cette enqu\u00eate, selon l\u2019AFP.<\/p>\n<p>La premi\u00e8re \u00e9dile de Sarajevo a contact\u00e9 le journaliste italien Ezio Gavazzeni cet \u00e9t\u00e9, qui a port\u00e9 plainte \u00e0 Milan. Benjamina Karic a, elle aussi, envoy\u00e9 une plainte \u00e0 la justice italienne. L\u2019\u00e9v\u00e9nement pol\u00e9mique en Italie fait aujourd\u2019hui boule de neige. Une plainte visant <a href=\"https:\/\/www.20minutes.fr\/monde\/aleksandar-vucic\/\" class=\"c-link c-link--is-underlined\" target=\"_blank\" rel=\"noopener\">Aleksandar Vucic<\/a>, pr\u00e9sident de la Serbie, et volontaire dans les ann\u00e9es\u00a01990, a \u00e9t\u00e9 d\u00e9pos\u00e9e mercredi par un journaliste croate, rapporte <a href=\"https:\/\/www.humanite.fr\/monde\/extreme-droite\/safaris-humains-de-sarajevo-le-president-serbe-aleksandar-vucic-vise-par-une-plainte-qui-laccuse-davoir-participe-aux-massacres\" rel=\"nofollow noopener\" target=\"_blank\" class=\"c-link c-link--is-underlined\">L\u2019Humanit\u00e9<\/a>. Le dirigeant serbe est accus\u00e9 d\u2019avoir particip\u00e9 \u00e0 ces massacres.<\/p>\n<p>\u00ab\u00a0Rumeurs\u00a0\u00bb versus \u00ab\u00a0week-ends de chasse bien r\u00e9elles\u00a0\u00bb<\/p>\n<p>Du c\u00f4t\u00e9 fran\u00e7ais, aucune preuve ne peut, \u00e0 ce jour, \u00e9tayer la participation de nationaux \u00e0 des vir\u00e9es macabres \u00e0 Sarajevo. \u00ab\u00a0Im est possible que des Fran\u00e7ais ont pu rejoindre Belgrade, d\u2019o\u00f9 ils auraient pu \u00eatre achemin\u00e9s vers les environs de Sarajevo, mais je n\u2019ai pas eu de confirmation mat\u00e9rielle\u00a0\u00bb, se risque timidement Luca Leone.<\/p>\n<p>\u00ab\u00a0Au printemps\u00a01994, nous avons entendu parler de ces exp\u00e9ditions de snipers\u00a0\u00bb, d\u00e9clare de son c\u00f4t\u00e9 Jean Hatzfeld, journaliste couvrant pour Lib\u00e9ration le conflit \u00e0 cette \u00e9poque. L\u2019ancien reporter de guerre \u00e9voque des \u00ab\u00a0rumeurs de safaris pour tueurs occidentaux tels qu\u2019ils sont d\u00e9crits ces jours-ci\u00a0\u00bb jamais recoup\u00e9es. Mais il confirme les \u00ab\u00a0week-ends de chasses bien r\u00e9elles\u00a0\u00bb contre des musulmans de Bosnie, \u00ab\u00a0organis\u00e9s par les milices serbes pour permettre \u00e0 des Serbes expatri\u00e9s de se joindre \u00e0 la purification ethnique\u00a0\u00bb.<\/p>\n<p>Dans une guerre o\u00f9 \u00ab\u00a0la folie se tenait en embuscade partout, on n\u2019a pas cru \u00e0 sa r\u00e9alisation [de \u00ab\u00a0safaris humains\u00a0\u00bb], parce que de tous c\u00f4t\u00e9s, en particulier des services secrets italiens et anglais, ils furent d\u00e9mentis, et que nous n\u2019avons rencontr\u00e9 aucun t\u00e9moin de ces safaris \u00e0 milliers de dollars\u00a0\u00bb, pr\u00e9cise le grand reporter. \u00ab\u00a0Est-ce qu\u2019on a pu ne pas savoir, au vu du nombre de journalistes impliqu\u00e9s et de leurs relations avec les militaires\u00a0? Wait and see\u00a0\u00bb, s\u2019interroge Jean Hatzfeld.<\/p>\n<p>Alain Dubat, ancien grand reporter de France T\u00e9l\u00e9visions, a pass\u00e9 \u00ab\u00a0pr\u00e8s de 24 mois \u00e0 Sarajevo\u00a0\u00bb. Il pr\u00e9cise n\u2019avoir \u00ab\u00a0jamais eu vent d\u2019Italiens faisant du sniping [campagnes de tirs]\u00a0\u00bb. Si des femmes, des enfants, des personnes \u00e2g\u00e9es, des journalistes ou des Casques bleus ont \u00e9t\u00e9 pris pour cible \u00e0 Sarajevo, les agresseurs \u00e9taient, selon le journaliste, \u00ab\u00a0surtout de riches Serbes qui venaient de Belgrade (Serbie) et s\u2019amusaient le week-end \u00e0 tirer sur des civils\u00a0\u00bb<\/p>\n<p>Selon les informations de 20 Minutes, aucune enqu\u00eate judiciaire n\u2019a \u00e9t\u00e9 ouverte en France sur des tireurs fran\u00e7ais \u00e0 Sarajevo. Quant au minist\u00e8re de la D\u00e9fense, il indique qu&rsquo;\u00ab\u00a0\u00e0 ce jour\u00a0\u00bb, les services de renseignement \u00ab\u00a0n\u2019ont pas d\u2019\u00e9l\u00e9ments qui permettent de corroborer l\u2019information avanc\u00e9e\u00a0\u00bb de ce tourisme de guerre.<\/p>\n<p><a href=\"https:\/\/www.20minutes.fr\/dossier\/sarajevo\" class=\"c-link c-btn c-btn--primary\" target=\"_blank\" rel=\"noopener\">Les articles traitant de Sarajevo<\/a><\/p>\n<p>Sollicit\u00e9 via sa maison d\u2019\u00e9dition, Ezio Gavazzeni n\u2019a pas donn\u00e9 suite aux questions de 20 Minutes.<\/p>\n","protected":false},"excerpt":{"rendered":"De riches Occidentaux auraient-ils, pour le plaisir, tir\u00e9 sur des civils assi\u00e9g\u00e9s \u00e0 Sarajevo, au d\u00e9but des ann\u00e9es\u00a01990\u00a0?&hellip;\n","protected":false},"author":2,"featured_media":553108,"comment_status":"","ping_status":"","sticky":false,"template":"","format":"standard","meta":{"footnotes":""},"categories":[5],"tags":[47,11,4183,2048,1067,1011,27,14,303,74,12,65127,3329,28],"class_list":{"0":"post-553107","1":"post","2":"type-post","3":"status-publish","4":"format-standard","5":"has-post-thumbnail","7":"category-international","8":"tag-actualite","9":"tag-actualites","10":"tag-chasse","11":"tag-crime-de-guerre","12":"tag-enquete","13":"tag-fr","14":"tag-france","15":"tag-international","16":"tag-justice","17":"tag-monde","18":"tag-news","19":"tag-sarajevo","20":"tag-serbie","21":"tag-world"},"share_on_mastodon":{"url":"https:\/\/pubeurope.com\/@fr\/115598371372648381","error":""},"_links":{"self":[{"href":"https:\/\/www.europesays.com\/fr\/wp-json\/wp\/v2\/posts\/553107","targetHints":{"allow":["GET"]}}],"collection":[{"href":"https:\/\/www.europesays.com\/fr\/wp-json\/wp\/v2\/posts"}],"about":[{"href":"https:\/\/www.europesays.com\/fr\/wp-json\/wp\/v2\/types\/post"}],"author":[{"embeddable":true,"href":"https:\/\/www.europesays.com\/fr\/wp-json\/wp\/v2\/users\/2"}],"replies":[{"embeddable":true,"href":"https:\/\/www.europesays.com\/fr\/wp-json\/wp\/v2\/comments?post=553107"}],"version-history":[{"count":0,"href":"https:\/\/www.europesays.com\/fr\/wp-json\/wp\/v2\/posts\/553107\/revisions"}],"wp:featuredmedia":[{"embeddable":true,"href":"https:\/\/www.europesays.com\/fr\/wp-json\/wp\/v2\/media\/553108"}],"wp:attachment":[{"href":"https:\/\/www.europesays.com\/fr\/wp-json\/wp\/v2\/media?parent=553107"}],"wp:term":[{"taxonomy":"category","embeddable":true,"href":"https:\/\/www.europesays.com\/fr\/wp-json\/wp\/v2\/categories?post=553107"},{"taxonomy":"post_tag","embeddable":true,"href":"https:\/\/www.europesays.com\/fr\/wp-json\/wp\/v2\/tags?post=553107"}],"curies":[{"name":"wp","href":"https:\/\/api.w.org\/{rel}","templated":true}]}}