{"id":553109,"date":"2025-11-23T09:45:14","date_gmt":"2025-11-23T09:45:14","guid":{"rendered":"https:\/\/www.europesays.com\/fr\/553109\/"},"modified":"2025-11-23T09:45:14","modified_gmt":"2025-11-23T09:45:14","slug":"lun-des-100-detenus-les-plus-dangereux-de-france-a-obtenu-une-permission-de-sortie","status":"publish","type":"post","link":"https:\/\/www.europesays.com\/fr\/553109\/","title":{"rendered":"L&rsquo;un des 100 d\u00e9tenus les plus dangereux de France a obtenu une permission de sortie"},"content":{"rendered":"<p>Ce prisonnier est consid\u00e9r\u00e9 comme dangereux car en lien avec cette n\u00e9buleuse <a href=\"https:\/\/www.laprovence.com\/article\/faits-divers-justice\/3140635464894214\/assassinat-de-mehdi-kessaci-a-marseille-le-haut-du-spectre-de-la-criminalite-organisee-suspecte\" target=\"_blank\" rel=\"noopener\">criminalit\u00e9 organis\u00e9e<\/a>. Cette permission a fait vivement r\u00e9agir le syndicat UFAP UNSA Justice qui s&rsquo;indigne en affirmant que <strong>l&rsquo; \u00ab\u00a0on marche sur la t\u00eate\u00a0\u00bb.<\/strong><\/p>\n<p>Il faut dire que cette personne figure sur la liste des <strong>100 d\u00e9tenus les plus dangereux de France<\/strong>. Une liste \u00e9tablie par l&rsquo;administration p\u00e9nitentiaire elle-m\u00eame, dans le cadre du choix des individus qui devaient int\u00e9grer cette toute premi\u00e8re prison de haute s\u00e9curit\u00e9.<\/p>\n<p>Toujours selon la m\u00eame source, le d\u00e9tenu a \u00e9t\u00e9 condamn\u00e9 8 ans de prison en 2012. Et ce pour trafic de drogue et association de malfaiteurs. En outre,<strong> il s&rsquo;est \u00e9vad\u00e9 en 2014.<\/strong> C&rsquo;est d&rsquo;un commando arm\u00e9 qui l&rsquo;a lib\u00e9r\u00e9 lors d&rsquo;un examen \u00e0 l&rsquo;h\u00f4pital. Sa peine encourt jusqu&rsquo;en 2029.<\/p>\n","protected":false},"excerpt":{"rendered":"Ce prisonnier est consid\u00e9r\u00e9 comme dangereux car en lien avec cette n\u00e9buleuse criminalit\u00e9 organis\u00e9e. Cette permission a fait&hellip;\n","protected":false},"author":2,"featured_media":553110,"comment_status":"","ping_status":"","sticky":false,"template":"","format":"standard","meta":{"footnotes":""},"categories":[4],"tags":[20747,17,11,13366,154,17316,274,1011,27,12189,151,12,378,25],"class_list":{"0":"post-553109","1":"post","2":"type-post","3":"status-publish","4":"format-standard","5":"has-post-thumbnail","7":"category-france","8":"tag-20747","9":"tag-17","10":"tag-actualites","11":"tag-dangereux","12":"tag-des","13":"tag-detenus","14":"tag-faits-divers-justice","15":"tag-fr","16":"tag-france","17":"tag-lun","18":"tag-les","19":"tag-news","20":"tag-plus","21":"tag-republique-francaise"},"share_on_mastodon":{"url":"https:\/\/pubeurope.com\/@fr\/115598375580732727","error":""},"_links":{"self":[{"href":"https:\/\/www.europesays.com\/fr\/wp-json\/wp\/v2\/posts\/553109","targetHints":{"allow":["GET"]}}],"collection":[{"href":"https:\/\/www.europesays.com\/fr\/wp-json\/wp\/v2\/posts"}],"about":[{"href":"https:\/\/www.europesays.com\/fr\/wp-json\/wp\/v2\/types\/post"}],"author":[{"embeddable":true,"href":"https:\/\/www.europesays.com\/fr\/wp-json\/wp\/v2\/users\/2"}],"replies":[{"embeddable":true,"href":"https:\/\/www.europesays.com\/fr\/wp-json\/wp\/v2\/comments?post=553109"}],"version-history":[{"count":0,"href":"https:\/\/www.europesays.com\/fr\/wp-json\/wp\/v2\/posts\/553109\/revisions"}],"wp:featuredmedia":[{"embeddable":true,"href":"https:\/\/www.europesays.com\/fr\/wp-json\/wp\/v2\/media\/553110"}],"wp:attachment":[{"href":"https:\/\/www.europesays.com\/fr\/wp-json\/wp\/v2\/media?parent=553109"}],"wp:term":[{"taxonomy":"category","embeddable":true,"href":"https:\/\/www.europesays.com\/fr\/wp-json\/wp\/v2\/categories?post=553109"},{"taxonomy":"post_tag","embeddable":true,"href":"https:\/\/www.europesays.com\/fr\/wp-json\/wp\/v2\/tags?post=553109"}],"curies":[{"name":"wp","href":"https:\/\/api.w.org\/{rel}","templated":true}]}}