{"id":553115,"date":"2025-11-23T09:49:24","date_gmt":"2025-11-23T09:49:24","guid":{"rendered":"https:\/\/www.europesays.com\/fr\/553115\/"},"modified":"2025-11-23T09:49:24","modified_gmt":"2025-11-23T09:49:24","slug":"concert-a-domicile-lentourloop-transforme-le-zenith-de-saint-etienne-en-festival-made-in-loire","status":"publish","type":"post","link":"https:\/\/www.europesays.com\/fr\/553115\/","title":{"rendered":"Concert. \u00c0 domicile, L\u2019Entourloop transforme le Z\u00e9nith de Saint-\u00c9tienne en festival made in Loire"},"content":{"rendered":"<p>Ce samedi soir, malgr\u00e9 une m\u00e9t\u00e9o bien fra\u00eeche, il flottait comme un air de reggae dans les all\u00e9es du Z\u00e9nith de Saint-\u00c9tienne. Et pour cause\u00a0! L\u2019Entourloop, groupe st\u00e9phanois, a fait une escale \u00ab\u00a0\u00e0 la maison\u00a0\u00bb.<\/p>\n<p>King James et Sir Johnny, les deux membres principaux, n\u2019ont pas boud\u00e9 leur plaisir \u00e0 jouer \u00e0 domicile, avant une prochaine \u00e9tape parisienne \u00e0 la fin du mois.<\/p>\n<p>  \u00ab\u00a0Une soir\u00e9e id\u00e9ale\u00a0\u00bb<\/p>\n<p>Ils sont mont\u00e9s sur sc\u00e8ne peu apr\u00e8s 22\u00a0h\u00a015 pour laisser le temps \u00e0 leurs fans de revenir du match de l\u2019ASSE qui se jouait \u00e0 quelques m\u00e8tres de l\u00e0. C\u2019est le cas de Matthieu, crois\u00e9 dans les trav\u00e9es, \u00e9charpe des Verts autour du cou et tout sourire apr\u00e8s la victoire des St\u00e9phanois. \u00ab C\u2019est une soir\u00e9e id\u00e9ale\u00a0\u00bb, nous a-t-il gliss\u00e9.<\/p>\n<p>Et pour ravir les fans, les deux comparses de L\u2019Entourloop ne sont pas venus seuls avec leurs platines. Devant pr\u00e8s de 4\u00a0000 spectateurs ils se sont entour\u00e9s de Troy Barkley, \u00e0 l\u2019origine de la chanson Lift up your Head, mais aussi de Skarra Mucci dont l\u2019EP Golden Nuggets a cartonn\u00e9 avec des hits comme Da legacy ou encore Mr President.<\/p>\n<p>  Un v\u00e9ritable show son et lumi\u00e8re<\/p>\n<p>Dans un style qu\u2019ils caract\u00e9risent de mi-reggae, mi-hip-hop, les artistes ont fait fr\u00e9mir les contretemps sur des basses puissantes. C\u00f4t\u00e9 sc\u00e8ne, ils ont mis\u00e9 sur des cubes lumineux amovibles, des \u00e9crans encadr\u00e9s de lumi\u00e8res verticales en fond et de vraies flammes qui crachent sur les temps de la trompette.<\/p>\n<p>Initialement pr\u00e9vu lors de la sortie de leur dernier album La Clart\u00e9 dans la confusion, c\u2019est finalement quelques ann\u00e9es plus tard qu\u2019ils ont foul\u00e9 les planches du Z\u00e9nith <a href=\"https:\/\/www.leprogres.fr\/culture-loisirs\/2025\/11\/22\/l-entourloop-au-zenith-ce-concert-a-une-saveur-particuliere-pour-nous\" target=\"_blank\" rel=\"nofollow noopener\">comme ils nous l\u2019ont expliqu\u00e9 en interview<\/a>. Et pour cette date sp\u00e9ciale, les invit\u00e9s n\u2019ont pas manqu\u00e9, puisque le groupe a cr\u00e9\u00e9 la surprise en invitant Queen Omega \u00e0 monter sur sc\u00e8ne (\u00e0 l\u2019origine du featuring sur Haffi live par exemple) ou encore la solaire Flavia Coelho.<\/p>\n<p>Un peu plus t\u00f4t, c\u2019est Polnor, accompagn\u00e9 de Victor Virat et Lila Ik\u00e9 qui ont chauff\u00e9 \u00e0 blanc le public. Pour ces habitu\u00e9s des \u00ab\u00a0petites salles \u00e0 travers le monde\u00a0\u00bb, comme ils disent, on peut dire que le Z\u00e9nith a pris des couleurs dignes d\u2019un festival pour cette soir\u00e9e made in Loire.<\/p>\n","protected":false},"excerpt":{"rendered":"Ce samedi soir, malgr\u00e9 une m\u00e9t\u00e9o bien fra\u00eeche, il flottait comme un air de reggae dans les all\u00e9es&hellip;\n","protected":false},"author":2,"featured_media":553116,"comment_status":"","ping_status":"","sticky":false,"template":"","format":"standard","meta":{"footnotes":""},"categories":[9653],"tags":[1111,11,2430,1687,7539,1777,674,1011,27,3367,873,12,25,4001,7538],"class_list":{"0":"post-553115","1":"post","2":"type-post","3":"status-publish","4":"format-standard","5":"has-post-thumbnail","7":"category-saint-etienne","8":"tag-actu","9":"tag-actualites","10":"tag-auvergne-rhone-alpes","11":"tag-culture-loisirs","12":"tag-edition-loire-sud","13":"tag-eu","14":"tag-europe","15":"tag-fr","16":"tag-france","17":"tag-loire","18":"tag-musique","19":"tag-news","20":"tag-republique-francaise","21":"tag-saint-etienne","22":"tag-saint-etienne-ville"},"share_on_mastodon":{"url":"https:\/\/pubeurope.com\/@fr\/115598390940647120","error":""},"_links":{"self":[{"href":"https:\/\/www.europesays.com\/fr\/wp-json\/wp\/v2\/posts\/553115","targetHints":{"allow":["GET"]}}],"collection":[{"href":"https:\/\/www.europesays.com\/fr\/wp-json\/wp\/v2\/posts"}],"about":[{"href":"https:\/\/www.europesays.com\/fr\/wp-json\/wp\/v2\/types\/post"}],"author":[{"embeddable":true,"href":"https:\/\/www.europesays.com\/fr\/wp-json\/wp\/v2\/users\/2"}],"replies":[{"embeddable":true,"href":"https:\/\/www.europesays.com\/fr\/wp-json\/wp\/v2\/comments?post=553115"}],"version-history":[{"count":0,"href":"https:\/\/www.europesays.com\/fr\/wp-json\/wp\/v2\/posts\/553115\/revisions"}],"wp:featuredmedia":[{"embeddable":true,"href":"https:\/\/www.europesays.com\/fr\/wp-json\/wp\/v2\/media\/553116"}],"wp:attachment":[{"href":"https:\/\/www.europesays.com\/fr\/wp-json\/wp\/v2\/media?parent=553115"}],"wp:term":[{"taxonomy":"category","embeddable":true,"href":"https:\/\/www.europesays.com\/fr\/wp-json\/wp\/v2\/categories?post=553115"},{"taxonomy":"post_tag","embeddable":true,"href":"https:\/\/www.europesays.com\/fr\/wp-json\/wp\/v2\/tags?post=553115"}],"curies":[{"name":"wp","href":"https:\/\/api.w.org\/{rel}","templated":true}]}}